{"id":7478,"date":"2021-02-26T13:17:23","date_gmt":"2021-02-26T13:17:23","guid":{"rendered":"https:\/\/centros.uepb.edu.br\/ccbsa\/?p=7478"},"modified":"2021-02-26T13:21:55","modified_gmt":"2021-02-26T13:21:55","slug":"estudante-e-egressa-do-mestrado-em-relacoes-internacionais-tem-trabalhos-selecionados-para-apresentar-na-maior-convencao-mundial-da-area","status":"publish","type":"post","link":"https:\/\/centros.uepb.edu.br\/ccbsa\/estudante-e-egressa-do-mestrado-em-relacoes-internacionais-tem-trabalhos-selecionados-para-apresentar-na-maior-convencao-mundial-da-area\/","title":{"rendered":"Estudante e egressa do mestrado em Rela\u00e7\u00f5es Internacionais t\u00eam trabalhos selecionados para apresentar na maior conven\u00e7\u00e3o mundial da \u00e1rea"},"content":{"rendered":"<p>&nbsp;<\/p>\n\n\t\t<style type=\"text\/css\">\n\t\t\t#gallery-1 {\n\t\t\t\tmargin: auto;\n\t\t\t}\n\t\t\t#gallery-1 .gallery-item {\n\t\t\t\tfloat: left;\n\t\t\t\tmargin-top: 10px;\n\t\t\t\ttext-align: center;\n\t\t\t\twidth: 33%;\n\t\t\t}\n\t\t\t#gallery-1 img {\n\t\t\t\tborder: 2px solid #cfcfcf;\n\t\t\t}\n\t\t\t#gallery-1 .gallery-caption {\n\t\t\t\tmargin-left: 0;\n\t\t\t}\n\t\t\t\/* see gallery_shortcode() in wp-includes\/media.php *\/\n\t\t<\/style>\n\t\t<div id='gallery-1' class='gallery galleryid-7478 gallery-columns-3 gallery-size-full'><dl class='gallery-item'>\n\t\t\t<dt class='gallery-icon landscape'>\n\t\t\t\t<a href='https:\/\/centros.uepb.edu.br\/ccbsa\/files\/2021\/02\/b17b3acd-c244-4750-b5f9-4a45a7e9d599.png'><img loading=\"lazy\" decoding=\"async\" width=\"1013\" height=\"743\" src=\"https:\/\/centros.uepb.edu.br\/ccbsa\/files\/2021\/02\/b17b3acd-c244-4750-b5f9-4a45a7e9d599.png\" class=\"attachment-full size-full\" alt=\"\" srcset=\"https:\/\/centros.uepb.edu.br\/ccbsa\/files\/2021\/02\/b17b3acd-c244-4750-b5f9-4a45a7e9d599.png 1013w, https:\/\/centros.uepb.edu.br\/ccbsa\/files\/2021\/02\/b17b3acd-c244-4750-b5f9-4a45a7e9d599-300x220.png 300w, https:\/\/centros.uepb.edu.br\/ccbsa\/files\/2021\/02\/b17b3acd-c244-4750-b5f9-4a45a7e9d599-768x563.png 768w, https:\/\/centros.uepb.edu.br\/ccbsa\/files\/2021\/02\/b17b3acd-c244-4750-b5f9-4a45a7e9d599-370x271.png 370w, https:\/\/centros.uepb.edu.br\/ccbsa\/files\/2021\/02\/b17b3acd-c244-4750-b5f9-4a45a7e9d599-840x616.png 840w\" sizes=\"auto, (max-width: 1013px) 100vw, 1013px\" \/><\/a>\n\t\t\t<\/dt><\/dl><dl class='gallery-item'>\n\t\t\t<dt class='gallery-icon landscape'>\n\t\t\t\t<a href='https:\/\/centros.uepb.edu.br\/ccbsa\/files\/2021\/02\/WhatsApp-Image-2021-02-26-at-10.06.17.png'><img loading=\"lazy\" decoding=\"async\" width=\"1280\" height=\"957\" src=\"https:\/\/centros.uepb.edu.br\/ccbsa\/files\/2021\/02\/WhatsApp-Image-2021-02-26-at-10.06.17.png\" class=\"attachment-full size-full\" alt=\"\" srcset=\"https:\/\/centros.uepb.edu.br\/ccbsa\/files\/2021\/02\/WhatsApp-Image-2021-02-26-at-10.06.17.png 1280w, https:\/\/centros.uepb.edu.br\/ccbsa\/files\/2021\/02\/WhatsApp-Image-2021-02-26-at-10.06.17-300x224.png 300w, https:\/\/centros.uepb.edu.br\/ccbsa\/files\/2021\/02\/WhatsApp-Image-2021-02-26-at-10.06.17-1024x766.png 1024w, https:\/\/centros.uepb.edu.br\/ccbsa\/files\/2021\/02\/WhatsApp-Image-2021-02-26-at-10.06.17-768x574.png 768w, https:\/\/centros.uepb.edu.br\/ccbsa\/files\/2021\/02\/WhatsApp-Image-2021-02-26-at-10.06.17-370x277.png 370w, https:\/\/centros.uepb.edu.br\/ccbsa\/files\/2021\/02\/WhatsApp-Image-2021-02-26-at-10.06.17-840x628.png 840w\" sizes=\"auto, (max-width: 1280px) 100vw, 1280px\" \/><\/a>\n\t\t\t<\/dt><\/dl>\n\t\t\t<br style='clear: both' \/>\n\t\t<\/div>\n\n<p>Recentemente o estudante do Programa de P\u00f3s-gradua\u00e7\u00e3o em Rela\u00e7\u00f5es Internacionais (PPGRI) da Universidade Estadual da Para\u00edba (UEPB), Andr\u00e9 Luiz de Carvalho e a egressa do referido mestrado Aline Gomes de Albuquerque, conquistaram destaque na \u00e1rea de Rela\u00e7\u00f5es Internacionais com a aprova\u00e7\u00e3o de trabalhos para serem apresentados na conven\u00e7\u00e3o anual da International Studies Association (ISA), maior evento mundial na \u00e1rea de Rela\u00e7\u00f5es Internacionais.<\/p>\n<p>O trabalho do estudante Andr\u00e9 Luiz de Carvalho, intitulado &#8220;O poder regional no cen\u00e1rio mundial: o caso da grande estrat\u00e9gia brasileira no governo Lula&#8221;, \u00e9 fruto da pesquisa que vem sendo desenvolvida para a disserta\u00e7\u00e3o de mestrado com o intuito de investigar e responder se pa\u00edses caracterizados como pot\u00eancias m\u00e9dias podem desenvolver e\/ou implementar uma grande estrat\u00e9gia. O caso espec\u00edfico em an\u00e1lise \u00e9 o do Brasil durante os oito anos de governo do ex-Presidente Lula.<\/p>\n<p><em>&#8220;<\/em>A confer\u00eancia anual da ISA \u00e9 o evento acad\u00eamico mais relevante das rela\u00e7\u00f5es internacionais e, de forma geral, n\u00e3o \u00e9 comum alunos com o mestrado ainda em andamento terem trabalhos aceitos no evento, ent\u00e3o para mim foi uma surpresa ter meu trabalho aprovado. Por\u00e9m prevalece um sentimento misto de alegria, esperan\u00e7a e orgulho, pois, acima de tudo, isso mostra que n\u00f3s da UEPB, mesmo estando distantes dos grandes centros de produ\u00e7\u00e3o acad\u00eamica na \u00e1rea, temos total capacidade de ocupar estes espa\u00e7os&#8221;, avalia Andr\u00e9 Luiz.<\/p>\n<p>A egressa Aline de Albuquerque tamb\u00e9m faz uma pondera\u00e7\u00e3o na mesma dire\u00e7\u00e3o do colega que teve trabalho aprovado para a conven\u00e7\u00e3o. &#8220;Fico muito feliz do trabalho ter sido aprovado, pois, junto com o do Andr\u00e9, mostra que tem muito conte\u00fado de qualidade sendo produzido na UEPB&#8221;, destaca.<\/p>\n<p>A pesquisa da egressa da UEPB Aline de Albuquerque intitulada &#8220;A identidade dos Estados Unidos e a constru\u00e7\u00e3o da legitimidade da Guerra ao Terror&#8221; \u00e9 resultado da disserta\u00e7\u00e3o de mestrado e trata da an\u00e1lise da politica externa dos EUA a partir da perspectiva construtivista. &#8220;Tentamos mostrar como a no\u00e7\u00e3o dos EUA sob si enquanto grande pot\u00eancia foi constru\u00edda ao longo dos s\u00e9culos e como o pa\u00eds usou essa no\u00e7\u00e3o para ter legitimidade no combate ao terrorismo depois do 11 de setembro&#8221;, explica.<\/p>\n<p>Com o tema &#8220;Globaliza\u00e7\u00e3o, regionalismo e nacionalismo: for\u00e7as conflitantes na pol\u00edtica mundial&#8221; a conven\u00e7\u00e3o da ISA de 2021 ser\u00e1 realizada por uma plataforma virtual, de 6 a 9 de abril, com a participa\u00e7\u00e3o de estudantes de p\u00f3s-gradua\u00e7\u00e3o e profissionais de Rela\u00e7\u00f5es Internacionais de todo o mundo. A ISA possui atualmente mais de 7.000 membros em 110 pa\u00edses e \u00e9 a associa\u00e7\u00e3o acad\u00eamica mais respeitada e amplamente conhecida neste campo. A conven\u00e7\u00e3o tem o objetivo de criar comunidades de acad\u00eamicos dedicados aos estudos internacionais e contar\u00e1 com 29 grupos tem\u00e1ticos que oferecem oportunidades de troca de ideias e estabelecimento de redes de relacionamento entre os pesquisadores.<\/p>\n<p><em><strong>Texto:<\/strong> Juliana Marques<\/em><\/p>\n<p><em><strong>Fotos:<\/strong> Acervo pessoal<\/em><\/p>\n","protected":false},"excerpt":{"rendered":"<p>&nbsp; Recentemente o estudante do Programa de P\u00f3s-gradua\u00e7\u00e3o em Rela\u00e7\u00f5es Internacionais (PPGRI) da Universidade Estadual da Para\u00edba (UEPB), Andr\u00e9 Luiz de Carvalho e a egressa do referido mestrado Aline Gomes de Albuquerque, conquistaram destaque na \u00e1rea de Rela\u00e7\u00f5es Internacionais com a aprova\u00e7\u00e3o de trabalhos para serem apresentados na conven\u00e7\u00e3o anual da International Studies Association (ISA), <a class=\"leiamais\" href=\"https:\/\/centros.uepb.edu.br\/ccbsa\/estudante-e-egressa-do-mestrado-em-relacoes-internacionais-tem-trabalhos-selecionados-para-apresentar-na-maior-convencao-mundial-da-area\/\">Leia Mais&#8230;<\/a><\/p>\n","protected":false},"author":8,"featured_media":7483,"comment_status":"closed","ping_status":"closed","sticky":false,"template":"","format":"standard","meta":{"footnotes":""},"categories":[11],"tags":[],"class_list":["post-7478","post","type-post","status-publish","format-standard","has-post-thumbnail","hentry","category-noticias-destaque-img"],"jetpack_featured_media_url":"https:\/\/centros.uepb.edu.br\/ccbsa\/files\/2021\/02\/b17b3acd-c244-4750-b5f9-4a45a7e9d599ok.png","_links":{"self":[{"href":"https:\/\/centros.uepb.edu.br\/ccbsa\/wp-json\/wp\/v2\/posts\/7478","targetHints":{"allow":["GET"]}}],"collection":[{"href":"https:\/\/centros.uepb.edu.br\/ccbsa\/wp-json\/wp\/v2\/posts"}],"about":[{"href":"https:\/\/centros.uepb.edu.br\/ccbsa\/wp-json\/wp\/v2\/types\/post"}],"author":[{"embeddable":true,"href":"https:\/\/centros.uepb.edu.br\/ccbsa\/wp-json\/wp\/v2\/users\/8"}],"replies":[{"embeddable":true,"href":"https:\/\/centros.uepb.edu.br\/ccbsa\/wp-json\/wp\/v2\/comments?post=7478"}],"version-history":[{"count":0,"href":"https:\/\/centros.uepb.edu.br\/ccbsa\/wp-json\/wp\/v2\/posts\/7478\/revisions"}],"wp:featuredmedia":[{"embeddable":true,"href":"https:\/\/centros.uepb.edu.br\/ccbsa\/wp-json\/wp\/v2\/media\/7483"}],"wp:attachment":[{"href":"https:\/\/centros.uepb.edu.br\/ccbsa\/wp-json\/wp\/v2\/media?parent=7478"}],"wp:term":[{"taxonomy":"category","embeddable":true,"href":"https:\/\/centros.uepb.edu.br\/ccbsa\/wp-json\/wp\/v2\/categories?post=7478"},{"taxonomy":"post_tag","embeddable":true,"href":"https:\/\/centros.uepb.edu.br\/ccbsa\/wp-json\/wp\/v2\/tags?post=7478"}],"curies":[{"name":"wp","href":"https:\/\/api.w.org\/{rel}","templated":true}]}}