{"id":7450,"date":"2021-02-16T19:07:58","date_gmt":"2021-02-16T19:07:58","guid":{"rendered":"https:\/\/centros.uepb.edu.br\/ccbsa\/?p=7450"},"modified":"2021-02-19T11:05:07","modified_gmt":"2021-02-19T11:05:07","slug":"ccbsa-promove-mesas-de-dialogo-sobre-infodemia-relacionada-a-covid-19-e-os-desafios-e-esperanca-na-contemporaneidade","status":"publish","type":"post","link":"https:\/\/centros.uepb.edu.br\/ccbsa\/ccbsa-promove-mesas-de-dialogo-sobre-infodemia-relacionada-a-covid-19-e-os-desafios-e-esperanca-na-contemporaneidade\/","title":{"rendered":"CCBSA promove mesas de di\u00e1logo sobre infodemia relacionada \u00e0 Covid-19 e os desafios e esperan\u00e7a na contemporaneidade"},"content":{"rendered":"\n\t\t<style type=\"text\/css\">\n\t\t\t#gallery-1 {\n\t\t\t\tmargin: auto;\n\t\t\t}\n\t\t\t#gallery-1 .gallery-item {\n\t\t\t\tfloat: left;\n\t\t\t\tmargin-top: 10px;\n\t\t\t\ttext-align: center;\n\t\t\t\twidth: 33%;\n\t\t\t}\n\t\t\t#gallery-1 img {\n\t\t\t\tborder: 2px solid #cfcfcf;\n\t\t\t}\n\t\t\t#gallery-1 .gallery-caption {\n\t\t\t\tmargin-left: 0;\n\t\t\t}\n\t\t\t\/* see gallery_shortcode() in wp-includes\/media.php *\/\n\t\t<\/style>\n\t\t<div id='gallery-1' class='gallery galleryid-7450 gallery-columns-3 gallery-size-full'><dl class='gallery-item'>\n\t\t\t<dt class='gallery-icon landscape'>\n\t\t\t\t<a href='https:\/\/centros.uepb.edu.br\/ccbsa\/files\/2021\/02\/INFODEMIA.png'><img loading=\"lazy\" decoding=\"async\" width=\"840\" height=\"454\" src=\"https:\/\/centros.uepb.edu.br\/ccbsa\/files\/2021\/02\/INFODEMIA.png\" class=\"attachment-full size-full\" alt=\"\" srcset=\"https:\/\/centros.uepb.edu.br\/ccbsa\/files\/2021\/02\/INFODEMIA.png 840w, https:\/\/centros.uepb.edu.br\/ccbsa\/files\/2021\/02\/INFODEMIA-300x162.png 300w, https:\/\/centros.uepb.edu.br\/ccbsa\/files\/2021\/02\/INFODEMIA-768x415.png 768w, https:\/\/centros.uepb.edu.br\/ccbsa\/files\/2021\/02\/INFODEMIA-370x200.png 370w\" sizes=\"auto, (max-width: 840px) 100vw, 840px\" \/><\/a>\n\t\t\t<\/dt><\/dl><dl class='gallery-item'>\n\t\t\t<dt class='gallery-icon landscape'>\n\t\t\t\t<a href='https:\/\/centros.uepb.edu.br\/ccbsa\/files\/2021\/02\/MAL-ESTAR-E-ESPERANCA-NA-CONTEMPORANEIDADE-7.png'><img loading=\"lazy\" decoding=\"async\" width=\"840\" height=\"454\" src=\"https:\/\/centros.uepb.edu.br\/ccbsa\/files\/2021\/02\/MAL-ESTAR-E-ESPERANCA-NA-CONTEMPORANEIDADE-7.png\" class=\"attachment-full size-full\" alt=\"\" srcset=\"https:\/\/centros.uepb.edu.br\/ccbsa\/files\/2021\/02\/MAL-ESTAR-E-ESPERANCA-NA-CONTEMPORANEIDADE-7.png 840w, https:\/\/centros.uepb.edu.br\/ccbsa\/files\/2021\/02\/MAL-ESTAR-E-ESPERANCA-NA-CONTEMPORANEIDADE-7-300x162.png 300w, https:\/\/centros.uepb.edu.br\/ccbsa\/files\/2021\/02\/MAL-ESTAR-E-ESPERANCA-NA-CONTEMPORANEIDADE-7-768x415.png 768w, https:\/\/centros.uepb.edu.br\/ccbsa\/files\/2021\/02\/MAL-ESTAR-E-ESPERANCA-NA-CONTEMPORANEIDADE-7-370x200.png 370w\" sizes=\"auto, (max-width: 840px) 100vw, 840px\" \/><\/a>\n\t\t\t<\/dt><\/dl><dl class='gallery-item'>\n\t\t\t<dt class='gallery-icon landscape'>\n\t\t\t\t<a href='https:\/\/centros.uepb.edu.br\/ccbsa\/files\/2021\/02\/MAL-ESTAR-E-ESPERANCA-NA-CONTEMPORANEIDADE-4.png'><img loading=\"lazy\" decoding=\"async\" width=\"840\" height=\"454\" src=\"https:\/\/centros.uepb.edu.br\/ccbsa\/files\/2021\/02\/MAL-ESTAR-E-ESPERANCA-NA-CONTEMPORANEIDADE-4.png\" class=\"attachment-full size-full\" alt=\"\" srcset=\"https:\/\/centros.uepb.edu.br\/ccbsa\/files\/2021\/02\/MAL-ESTAR-E-ESPERANCA-NA-CONTEMPORANEIDADE-4.png 840w, https:\/\/centros.uepb.edu.br\/ccbsa\/files\/2021\/02\/MAL-ESTAR-E-ESPERANCA-NA-CONTEMPORANEIDADE-4-300x162.png 300w, https:\/\/centros.uepb.edu.br\/ccbsa\/files\/2021\/02\/MAL-ESTAR-E-ESPERANCA-NA-CONTEMPORANEIDADE-4-768x415.png 768w, https:\/\/centros.uepb.edu.br\/ccbsa\/files\/2021\/02\/MAL-ESTAR-E-ESPERANCA-NA-CONTEMPORANEIDADE-4-370x200.png 370w\" sizes=\"auto, (max-width: 840px) 100vw, 840px\" \/><\/a>\n\t\t\t<\/dt><\/dl><br style=\"clear: both\" \/>\n\t\t<\/div>\n\n<p>O Centro de Ci\u00eancias Biol\u00f3gicas e Sociais Aplicadas (CCBSA) da Universidade Estadual da Para\u00edba (UEPB) promove na segunda e ter\u00e7a-feira, dias 22 e 23 de fevereiro, uma s\u00e9rie de atividades como uma mesa de apresenta\u00e7\u00e3o dos cursos e setores do CCBSA, pro-reitoria estudantil e coordenadoria de Rela\u00e7\u00f5es Internacionais da UEPB, al\u00e9m de mesas de di\u00e1logo com pesquisadores de renome nacional que apresentar\u00e3o tem\u00e1ticas de relev\u00e2ncia no cen\u00e1rio global. As atividades, idealizadas com o objetivo de marcar o in\u00edcio das aulas do per\u00edodo letivo 2020.2, previsto para ocorrer no dia 1\u00ba de mar\u00e7o de 2021, s\u00e3o destinadas n\u00e3o apenas aos calouros, mas, a toda a comunidade acad\u00eamica e interessados nas tem\u00e1ticas contempladas.<\/p>\n<p>De acordo com o diretor do CCBSA, professor Cleber Salimon, a organiza\u00e7\u00e3o da programa\u00e7\u00e3o foi pensada coletivamente a partir das iniciativas de diretores, coordenadores de curso e membros da comunidade acad\u00eamica em geral. &#8220;Como em todo semestre \u00e9 realizada essa programa\u00e7\u00e3o de in\u00edcio de semestre pensamos, conjuntamente, nas a\u00e7\u00f5es que empreender\u00edamos de forma remota. A coordena\u00e7\u00e3o de Rela\u00e7\u00f5es Internacionais j\u00e1 havia pensado em uma mesa de di\u00e1logo, o curso de Arquivologia tamb\u00e9m sugeriu uma atividade, e, a partir disso, delineamos nossa programa\u00e7\u00e3o com o apoio de todos os cursos&#8221;, explicou o diretor.<\/p>\n<p>A aula magna do per\u00edodo letivo 2020.2 &#8220;Pandemia de Covid-19 e infodemia: desafios contempor\u00e2neos&#8221;, ser\u00e1 realizada na segunda-feira, 22 de fevereiro, \u00e0s 9h, pelo<a href=\"https:\/\/www.youtube.com\/channel\/UCjlMwwm1sPZj65lFydHndIA\"> canal do UEPB C\u00e2mpus V no Youtube<\/a>. Participam da mesa de di\u00e1logo o p\u00f3s-doutor em Ci\u00eancia da Informa\u00e7\u00e3o e docente da UFMG, Carlos Alberto \u00c1vila Ara\u00fajo; a doutora em imunologia e docente da Universidade Federal da Grande Dourados, Filomena Maria Balestieri; a p\u00f3s-doutora em Hist\u00f3ria Social pela Universidade Federal do Rio de Janeiro (Unirio) e docente da Universidade de Bras\u00edlia (UnB) Shirley Carvalh\u00eado Franco. A atividade ser\u00e1 mediada pelo docente do curso de Arquivologia da UEPB, S\u00e2nderson Dorneles e pelo docente do curso de Ci\u00eancias Biol\u00f3gicas do C\u00e2mpus V e pro-reitor de p\u00f3s-gradua\u00e7\u00e3o e pesquisa da UEPB, Francisco Jaime Mendon\u00e7a J\u00fanior.<\/p>\n<p>Comp\u00f5e a programa\u00e7\u00e3o a mesa &#8220;Mal estar e esperan\u00e7a na contemporaneidade&#8221;, que ser\u00e1 realizada na segunda-feira, 22 de fevereiro, \u00e0s 19h, no <a href=\"https:\/\/www.youtube.com\/user\/RedeUEPB\">canal do Youtube Rede UEPB<\/a>, com a participa\u00e7\u00e3o do ex-ministro de rela\u00e7\u00f5es exteriores e da defesa e embaixador aposentado Celso Amorim; pela docente do Departamento de Filosofia da USP e Universidade Federal de S\u00e3o Paulo (UNIFESP), Olg\u00e1ria Matos e pelo professor e coordenador do Instituto Il\u00ea Ar\u00e1 e babalorix\u00e1 Sidnei Nogueira. A mesa ser\u00e1 mediada pelo professor do curso de Rela\u00e7\u00f5es Internacionais Carlos Enrique Ruiz.<\/p>\n<p>Na sexta-feira, 23 de fevereiro, \u00e0s 9h, no <a href=\"https:\/\/www.youtube.com\/channel\/UCjlMwwm1sPZj65lFydHndIA\">canal do CCBSA no Youtube<\/a>, ser\u00e1 realizado o encerramento da programa\u00e7\u00e3o com uma mesa com a participa\u00e7\u00e3o dos diretores do CCBSA, Cleber Salimon e Lucila Vilhena; dos coordenadores de gradua\u00e7\u00e3o Brigida de Lucena, Eliete Correia dos Santos, Filipe Reis, e de p\u00f3s-gradua\u00e7\u00e3o, Paulo Kuhlmann; da coordenadora do N\u00facleo de L\u00ednguas, Kariny Dias; do coordenador de Rela\u00e7\u00f5es Internacionais da CORI-UEPB, Claudio Lucena, que apresentar\u00e1 as oportunidades de internacionaliza\u00e7\u00e3o na UEPB e da pro-reitora estudantil da UEPB, N\u00fabia Martins, que apresentar\u00e1 os servi\u00e7os oferecidos pelo setor.<\/p>\n<p><em><strong>Texto:<\/strong> Juliana Marques<\/em><\/p>\n<p>&nbsp;<\/p>\n","protected":false},"excerpt":{"rendered":"<p>O Centro de Ci\u00eancias Biol\u00f3gicas e Sociais Aplicadas (CCBSA) da Universidade Estadual da Para\u00edba (UEPB) promove na segunda e ter\u00e7a-feira, dias 22 e 23 de fevereiro, uma s\u00e9rie de atividades como uma mesa de apresenta\u00e7\u00e3o dos cursos e setores do CCBSA, pro-reitoria estudantil e coordenadoria de Rela\u00e7\u00f5es Internacionais da UEPB, al\u00e9m de mesas de di\u00e1logo <a class=\"leiamais\" href=\"https:\/\/centros.uepb.edu.br\/ccbsa\/ccbsa-promove-mesas-de-dialogo-sobre-infodemia-relacionada-a-covid-19-e-os-desafios-e-esperanca-na-contemporaneidade\/\">Leia Mais&#8230;<\/a><\/p>\n","protected":false},"author":8,"featured_media":7462,"comment_status":"closed","ping_status":"closed","sticky":false,"template":"","format":"standard","meta":{"footnotes":""},"categories":[3,11],"tags":[],"class_list":["post-7450","post","type-post","status-publish","format-standard","has-post-thumbnail","hentry","category-noticias","category-noticias-destaque-img"],"jetpack_featured_media_url":"https:\/\/centros.uepb.edu.br\/ccbsa\/files\/2021\/02\/INFODEMIA.png","_links":{"self":[{"href":"https:\/\/centros.uepb.edu.br\/ccbsa\/wp-json\/wp\/v2\/posts\/7450","targetHints":{"allow":["GET"]}}],"collection":[{"href":"https:\/\/centros.uepb.edu.br\/ccbsa\/wp-json\/wp\/v2\/posts"}],"about":[{"href":"https:\/\/centros.uepb.edu.br\/ccbsa\/wp-json\/wp\/v2\/types\/post"}],"author":[{"embeddable":true,"href":"https:\/\/centros.uepb.edu.br\/ccbsa\/wp-json\/wp\/v2\/users\/8"}],"replies":[{"embeddable":true,"href":"https:\/\/centros.uepb.edu.br\/ccbsa\/wp-json\/wp\/v2\/comments?post=7450"}],"version-history":[{"count":0,"href":"https:\/\/centros.uepb.edu.br\/ccbsa\/wp-json\/wp\/v2\/posts\/7450\/revisions"}],"wp:featuredmedia":[{"embeddable":true,"href":"https:\/\/centros.uepb.edu.br\/ccbsa\/wp-json\/wp\/v2\/media\/7462"}],"wp:attachment":[{"href":"https:\/\/centros.uepb.edu.br\/ccbsa\/wp-json\/wp\/v2\/media?parent=7450"}],"wp:term":[{"taxonomy":"category","embeddable":true,"href":"https:\/\/centros.uepb.edu.br\/ccbsa\/wp-json\/wp\/v2\/categories?post=7450"},{"taxonomy":"post_tag","embeddable":true,"href":"https:\/\/centros.uepb.edu.br\/ccbsa\/wp-json\/wp\/v2\/tags?post=7450"}],"curies":[{"name":"wp","href":"https:\/\/api.w.org\/{rel}","templated":true}]}}