{"id":7433,"date":"2021-02-01T21:33:37","date_gmt":"2021-02-01T21:33:37","guid":{"rendered":"https:\/\/centros.uepb.edu.br\/ccbsa\/?p=7433"},"modified":"2021-02-01T21:33:37","modified_gmt":"2021-02-01T21:33:37","slug":"reitoria-e-pro-reitorias-realizam-reuniao-com-gestores-do-ccbsa-para-discutir-estrategias-de-retorno-as-aulas-praticas","status":"publish","type":"post","link":"https:\/\/centros.uepb.edu.br\/ccbsa\/reitoria-e-pro-reitorias-realizam-reuniao-com-gestores-do-ccbsa-para-discutir-estrategias-de-retorno-as-aulas-praticas\/","title":{"rendered":"Reitoria e pr\u00f3-reitorias realizam reuni\u00e3o com gestores do CCBSA para discutir estrat\u00e9gias de retorno \u00e0s aulas pr\u00e1ticas"},"content":{"rendered":"\n\t\t<style type=\"text\/css\">\n\t\t\t#gallery-1 {\n\t\t\t\tmargin: auto;\n\t\t\t}\n\t\t\t#gallery-1 .gallery-item {\n\t\t\t\tfloat: left;\n\t\t\t\tmargin-top: 10px;\n\t\t\t\ttext-align: center;\n\t\t\t\twidth: 33%;\n\t\t\t}\n\t\t\t#gallery-1 img {\n\t\t\t\tborder: 2px solid #cfcfcf;\n\t\t\t}\n\t\t\t#gallery-1 .gallery-caption {\n\t\t\t\tmargin-left: 0;\n\t\t\t}\n\t\t\t\/* see gallery_shortcode() in wp-includes\/media.php *\/\n\t\t<\/style>\n\t\t<div id='gallery-1' class='gallery galleryid-7433 gallery-columns-3 gallery-size-full'><dl class='gallery-item'>\n\t\t\t<dt class='gallery-icon landscape'>\n\t\t\t\t<a href='https:\/\/centros.uepb.edu.br\/ccbsa\/files\/2021\/02\/IMG_5112.jpg'><img loading=\"lazy\" decoding=\"async\" width=\"840\" height=\"454\" src=\"https:\/\/centros.uepb.edu.br\/ccbsa\/files\/2021\/02\/IMG_5112.jpg\" class=\"attachment-full size-full\" alt=\"\" srcset=\"https:\/\/centros.uepb.edu.br\/ccbsa\/files\/2021\/02\/IMG_5112.jpg 840w, https:\/\/centros.uepb.edu.br\/ccbsa\/files\/2021\/02\/IMG_5112-300x162.jpg 300w, https:\/\/centros.uepb.edu.br\/ccbsa\/files\/2021\/02\/IMG_5112-768x415.jpg 768w, https:\/\/centros.uepb.edu.br\/ccbsa\/files\/2021\/02\/IMG_5112-370x200.jpg 370w\" sizes=\"auto, (max-width: 840px) 100vw, 840px\" \/><\/a>\n\t\t\t<\/dt><\/dl><dl class='gallery-item'>\n\t\t\t<dt class='gallery-icon landscape'>\n\t\t\t\t<a href='https:\/\/centros.uepb.edu.br\/ccbsa\/files\/2021\/02\/IMG_5097.jpg'><img loading=\"lazy\" decoding=\"async\" width=\"840\" height=\"468\" src=\"https:\/\/centros.uepb.edu.br\/ccbsa\/files\/2021\/02\/IMG_5097.jpg\" class=\"attachment-full size-full\" alt=\"\" srcset=\"https:\/\/centros.uepb.edu.br\/ccbsa\/files\/2021\/02\/IMG_5097.jpg 840w, https:\/\/centros.uepb.edu.br\/ccbsa\/files\/2021\/02\/IMG_5097-300x167.jpg 300w, https:\/\/centros.uepb.edu.br\/ccbsa\/files\/2021\/02\/IMG_5097-768x428.jpg 768w, https:\/\/centros.uepb.edu.br\/ccbsa\/files\/2021\/02\/IMG_5097-370x206.jpg 370w\" sizes=\"auto, (max-width: 840px) 100vw, 840px\" \/><\/a>\n\t\t\t<\/dt><\/dl>\n\t\t\t<br style='clear: both' \/>\n\t\t<\/div>\n\n<p>Com a participa\u00e7\u00e3o da reitora, C\u00e9lia Regina Diniz, da vice-reitora, Ivonildes Fonseca, do pro-reitor de gradua\u00e7\u00e3o, Eli Brand\u00e3o, do pro-reitor de p\u00f3s-gradua\u00e7\u00e3o e pesquisa, Francisco Jaime Mendon\u00e7a J\u00fanior, da pro-reitora de infraestrutura, Alessandra Teixeira e dos gestores do Centro de Ci\u00eancias Biol\u00f3gicas e Sociais Aplicadas (CCBSA) da Universidade Estadual da Para\u00edba (UEPB), foi realizada, na manh\u00e3 desta segunda-feira (1\u00ba), uma reuni\u00e3o, seguida de visita t\u00e9cnica, com o objetivo de verificar as necessidades de ajustes e antecipar o planejamento para a execu\u00e7\u00e3o de atividades pr\u00e1ticas de laborat\u00f3rios e est\u00e1gios supervisionados quando for institu\u00edda a volta destas a\u00e7\u00f5es presenciais p\u00f3s-pandemia.<\/p>\n<p>De acordo com a reitora, professora C\u00e9lia Regina, o retorno das atividades pr\u00e1ticas na UEPB acontecer\u00e1 de forma planejada e segura t\u00e3o logo seja autorizado pela Secretaria de Sa\u00fade do Estado da Para\u00edba e autoridades sanit\u00e1rias. A reitora lembra que v\u00e1rios cursos da UEPB tem componentes pr\u00e1ticos que n\u00e3o puderam ser realizados em 2020 em decorr\u00eancia da pandemia e dos decretos que impossibilitaram a realiza\u00e7\u00e3o de aulas presenciais.<\/p>\n<p>\u201cA retomada dessas atividades pr\u00e1ticas visa dar continuidade \u00e0s disciplinas que ficaram em aberto e que s\u00e3o necess\u00e1rias para que os alunos possam integralizar seus curr\u00edculos, a exemplo dos cursos de Odontologia, Fisioterapia, Enfermagem, Psicologia, Ci\u00eancias Biol\u00f3gicas, entre outros, que t\u00eam est\u00e1gios e atividades pr\u00e1ticas em laborat\u00f3rios e que precisam ter continuidade. Neste sentido, precisamos entender como est\u00e1 a realidade de cada Centro, tomar ci\u00eancia de quais s\u00e3o as necessidades mais urgentes para que possamos atend\u00ea-las para o in\u00edcio das aulas\u201d, destacou.<\/p>\n<p>O pro-reitor de gradua\u00e7\u00e3o, professor Eli Brand\u00e3o refor\u00e7a que as aulas te\u00f3ricas continuam ocorrendo remotamente, conforme regulamenta\u00e7\u00e3o do Conselho Superior Universit\u00e1rio, at\u00e9 que haja um controle da pandemia e as aulas te\u00f3ricas possam ser retomadas presencialmente com seguran\u00e7a e responsabilidade. &#8220;A ideia \u00e9 que possamos conhecer as necessidades espec\u00edficas do centro, verificar o que precisaremos adquirir e adaptar para que, quando formos retornar, tenhamos um bom planejamento. At\u00e9 porque, se precisarmos adquirir algo via licita\u00e7\u00e3o, leva um tempo para esse procedimento ocorrer, ent\u00e3o, \u00e9 necess\u00e1ria essa organiza\u00e7\u00e3o pr\u00e9via e constru\u00e7\u00e3o coletiva desse plano&#8221;, explicou.<\/p>\n<p>Ap\u00f3s a reuni\u00e3o a reitora, vice-reitora, pro-reitores, diretores e coordenadores, visitaram os laborat\u00f3rios do CCBSA para verificar as necessidades de reforma, aquisi\u00e7\u00e3o de materiais e eventuais ajustes a serem realizados nos espa\u00e7os.<\/p>\n<p><em><strong>Texto:<\/strong> Juliana Marques e Severino Lopes.<\/em><\/p>\n<p><em><strong>Fotos:<\/strong> Juliana Marques<\/em><\/p>\n<p>&nbsp;<\/p>\n<p>&nbsp;<\/p>\n","protected":false},"excerpt":{"rendered":"<p>Com a participa\u00e7\u00e3o da reitora, C\u00e9lia Regina Diniz, da vice-reitora, Ivonildes Fonseca, do pro-reitor de gradua\u00e7\u00e3o, Eli Brand\u00e3o, do pro-reitor de p\u00f3s-gradua\u00e7\u00e3o e pesquisa, Francisco Jaime Mendon\u00e7a J\u00fanior, da pro-reitora de infraestrutura, Alessandra Teixeira e dos gestores do Centro de Ci\u00eancias Biol\u00f3gicas e Sociais Aplicadas (CCBSA) da Universidade Estadual da Para\u00edba (UEPB), foi realizada, na <a class=\"leiamais\" href=\"https:\/\/centros.uepb.edu.br\/ccbsa\/reitoria-e-pro-reitorias-realizam-reuniao-com-gestores-do-ccbsa-para-discutir-estrategias-de-retorno-as-aulas-praticas\/\">Leia Mais&#8230;<\/a><\/p>\n","protected":false},"author":8,"featured_media":7437,"comment_status":"closed","ping_status":"closed","sticky":false,"template":"","format":"standard","meta":{"footnotes":""},"categories":[3,11],"tags":[],"class_list":["post-7433","post","type-post","status-publish","format-standard","has-post-thumbnail","hentry","category-noticias","category-noticias-destaque-img"],"jetpack_featured_media_url":"https:\/\/centros.uepb.edu.br\/ccbsa\/files\/2021\/02\/IMG_5112.jpg","_links":{"self":[{"href":"https:\/\/centros.uepb.edu.br\/ccbsa\/wp-json\/wp\/v2\/posts\/7433","targetHints":{"allow":["GET"]}}],"collection":[{"href":"https:\/\/centros.uepb.edu.br\/ccbsa\/wp-json\/wp\/v2\/posts"}],"about":[{"href":"https:\/\/centros.uepb.edu.br\/ccbsa\/wp-json\/wp\/v2\/types\/post"}],"author":[{"embeddable":true,"href":"https:\/\/centros.uepb.edu.br\/ccbsa\/wp-json\/wp\/v2\/users\/8"}],"replies":[{"embeddable":true,"href":"https:\/\/centros.uepb.edu.br\/ccbsa\/wp-json\/wp\/v2\/comments?post=7433"}],"version-history":[{"count":0,"href":"https:\/\/centros.uepb.edu.br\/ccbsa\/wp-json\/wp\/v2\/posts\/7433\/revisions"}],"wp:featuredmedia":[{"embeddable":true,"href":"https:\/\/centros.uepb.edu.br\/ccbsa\/wp-json\/wp\/v2\/media\/7437"}],"wp:attachment":[{"href":"https:\/\/centros.uepb.edu.br\/ccbsa\/wp-json\/wp\/v2\/media?parent=7433"}],"wp:term":[{"taxonomy":"category","embeddable":true,"href":"https:\/\/centros.uepb.edu.br\/ccbsa\/wp-json\/wp\/v2\/categories?post=7433"},{"taxonomy":"post_tag","embeddable":true,"href":"https:\/\/centros.uepb.edu.br\/ccbsa\/wp-json\/wp\/v2\/tags?post=7433"}],"curies":[{"name":"wp","href":"https:\/\/api.w.org\/{rel}","templated":true}]}}