{"id":741,"date":"2013-08-20T12:56:29","date_gmt":"2013-08-20T12:56:29","guid":{"rendered":"\/ccbsa\/?p=741"},"modified":"2013-08-27T19:11:32","modified_gmt":"2013-08-27T19:11:32","slug":"projeto-uepb-em-acao-inscreve-para-mostra-de-fotografias-e-videos-que-serao-expostos-durante-o-aniversario-do-campus-v","status":"publish","type":"post","link":"https:\/\/centros.uepb.edu.br\/ccbsa\/projeto-uepb-em-acao-inscreve-para-mostra-de-fotografias-e-videos-que-serao-expostos-durante-o-aniversario-do-campus-v\/","title":{"rendered":"Projeto UEPB em A\u00e7\u00e3o inscreve para mostra de fotografias e v\u00eddeos do Cristo e Rangel"},"content":{"rendered":"<p><a href=\"http:\/\/centros.ascom.uepb.edu.br\/ccbsa\/files\/2013\/08\/1011474_353325768134344_354870905_na.jpg\"><img loading=\"lazy\" decoding=\"async\" class=\"alignleft size-thumbnail wp-image-743 img-responsive\" alt=\"1011474_353325768134344_354870905_na\" src=\"http:\/\/centros.ascom.uepb.edu.br\/ccbsa\/files\/2013\/08\/1011474_353325768134344_354870905_na-150x150.jpg\" width=\"150\" height=\"150\" \/><\/a>Com o objetivo de estimular estudantes da Escola Jos\u00e9 Lins do R\u00eago e da Universidade Estadual da Para\u00edba a conhecer a comunidade em que vivem e est\u00e3o inseridos, al\u00e9m de mostrar sua vis\u00e3o a respeito dos bairros do Cristo e Rangel atrav\u00e9s de produ\u00e7\u00f5es em v\u00eddeos ou fotografias, ser\u00e1 realizado, durante a programa\u00e7\u00e3o do 7\u00ba anivers\u00e1rio do Campus V da Universidade Estadual da Para\u00edba, que ocorre nos dias 27 e 28 de agosto, a 1\u00ba Mostra de Fotografias e V\u00eddeos do Projeto UEPB em A\u00e7\u00e3o \u201cDoc Festival: novos olhares sobre Cristo e Rangel\u201d.<\/p>\n<p>As inscri\u00e7\u00f5es para a mostra s\u00e3o realizadas at\u00e9 o dia 26 de agosto, por meio de formul\u00e1rio eletr\u00f4nico. Os v\u00eddeos devem ser postados no Youtube e apenas o link de acesso (URL) deve ser inclu\u00eddo no <a href=\"http:\/\/we.cx\/pua28\">formul\u00e1rio<\/a>. J\u00e1 as fotografias devem ser enviadas para o e-mail <a href=\"mailto:pua.uepb@gmail.com\">pua.uepb@gmail.com<\/a>. De acordo com a comiss\u00e3o organizadora os v\u00eddeos e fotos devem mostrar uma vis\u00e3o original a respeito dos bairros Cristo e Rangel. A produ\u00e7\u00e3o audiovisual pode registrar uma apresenta\u00e7\u00e3o teatral, apresenta\u00e7\u00e3o musical, entrevistas e imagens narradas, com at\u00e9 10 minutos de dura\u00e7\u00e3o. As fotografias dever\u00e3o ser enviadas em formato JPGE, com resolu\u00e7\u00e3o m\u00ednima de 720 pixels x 480 pixels (480 de altura por 720 de largura) com 75 DPI. Os trabalhos cujas fotos tiverem uma baixa resolu\u00e7\u00e3o que n\u00e3o permita uma exibi\u00e7\u00e3o de qualidade ser\u00e3o automaticamente eliminados.<\/p>\n<p>Os dez primeiros v\u00eddeos e fotografias enviadas que se enquadrarem na tem\u00e1tica solicitada ser\u00e3o exibidos, de modo alternado, no dia 28 de agosto, \u00e0s 17h, na sala 17 do Campus V, durante a 4\u00aa Mostra Campus V de Ensino, Pesquisa e Extens\u00e3o &#8211; \u201c\u00c9tica e educa\u00e7\u00e3o &#8211; temas e dilemas no s\u00e9culo XXI\u201d, que integra o 7\u00b0 anivers\u00e1rio do Campus V. O melhor v\u00eddeo e a melhor fotografia escolhidos por membros da organiza\u00e7\u00e3o do \u201cDoc Festival: novos olhares sobre Cristo e Rangel\u201d ser\u00e3o divulgados \u00e0s 18h, no Hall Externo do CCBSA.<\/p>\n<p>Acesse o regulamento: <a href=\"https:\/\/docs.google.com\/document\/d\/1HXK2pNDtrq28RzkaD-UhmMXX2vobqLWsjICU4pzoucc\/edit?usp=sharing\">https:\/\/docs.google.com\/document\/d\/1HXK2pNDtrq28RzkaD-UhmMXX2vobqLWsjICU4pzoucc\/edit?usp=sharing<\/a><\/p>\n","protected":false},"excerpt":{"rendered":"<p>Com o objetivo de estimular estudantes da Escola Jos\u00e9 Lins do R\u00eago e da Universidade Estadual da Para\u00edba a conhecer a comunidade em que vivem e est\u00e3o inseridos, al\u00e9m de mostrar sua vis\u00e3o a respeito dos bairros do Cristo e Rangel atrav\u00e9s de produ\u00e7\u00f5es em v\u00eddeos ou fotografias, ser\u00e1 realizado, durante a programa\u00e7\u00e3o do 7\u00ba <a class=\"leiamais\" href=\"https:\/\/centros.uepb.edu.br\/ccbsa\/projeto-uepb-em-acao-inscreve-para-mostra-de-fotografias-e-videos-que-serao-expostos-durante-o-aniversario-do-campus-v\/\">Leia Mais&#8230;<\/a><\/p>\n","protected":false},"author":8,"featured_media":743,"comment_status":"open","ping_status":"open","sticky":false,"template":"","format":"standard","meta":{"footnotes":""},"categories":[1],"tags":[],"class_list":["post-741","post","type-post","status-publish","format-standard","has-post-thumbnail","hentry","category-sem-categoria"],"jetpack_featured_media_url":"https:\/\/centros.uepb.edu.br\/ccbsa\/files\/2013\/08\/1011474_353325768134344_354870905_na.jpg","_links":{"self":[{"href":"https:\/\/centros.uepb.edu.br\/ccbsa\/wp-json\/wp\/v2\/posts\/741","targetHints":{"allow":["GET"]}}],"collection":[{"href":"https:\/\/centros.uepb.edu.br\/ccbsa\/wp-json\/wp\/v2\/posts"}],"about":[{"href":"https:\/\/centros.uepb.edu.br\/ccbsa\/wp-json\/wp\/v2\/types\/post"}],"author":[{"embeddable":true,"href":"https:\/\/centros.uepb.edu.br\/ccbsa\/wp-json\/wp\/v2\/users\/8"}],"replies":[{"embeddable":true,"href":"https:\/\/centros.uepb.edu.br\/ccbsa\/wp-json\/wp\/v2\/comments?post=741"}],"version-history":[{"count":0,"href":"https:\/\/centros.uepb.edu.br\/ccbsa\/wp-json\/wp\/v2\/posts\/741\/revisions"}],"wp:featuredmedia":[{"embeddable":true,"href":"https:\/\/centros.uepb.edu.br\/ccbsa\/wp-json\/wp\/v2\/media\/743"}],"wp:attachment":[{"href":"https:\/\/centros.uepb.edu.br\/ccbsa\/wp-json\/wp\/v2\/media?parent=741"}],"wp:term":[{"taxonomy":"category","embeddable":true,"href":"https:\/\/centros.uepb.edu.br\/ccbsa\/wp-json\/wp\/v2\/categories?post=741"},{"taxonomy":"post_tag","embeddable":true,"href":"https:\/\/centros.uepb.edu.br\/ccbsa\/wp-json\/wp\/v2\/tags?post=741"}],"curies":[{"name":"wp","href":"https:\/\/api.w.org\/{rel}","templated":true}]}}