{"id":7397,"date":"2021-01-29T16:05:59","date_gmt":"2021-01-29T16:05:59","guid":{"rendered":"https:\/\/centros.uepb.edu.br\/ccbsa\/?p=7397"},"modified":"2021-01-30T15:16:03","modified_gmt":"2021-01-30T15:16:03","slug":"projeto-de-extensao-da-uepb-segue-com-atendimento-aos-catadores-de-reciclaveis-e-destaca-a-importancia-da-separacao-do-lixo","status":"publish","type":"post","link":"https:\/\/centros.uepb.edu.br\/ccbsa\/projeto-de-extensao-da-uepb-segue-com-atendimento-aos-catadores-de-reciclaveis-e-destaca-a-importancia-da-separacao-do-lixo\/","title":{"rendered":"Projeto de extens\u00e3o da UEPB segue com atendimento aos catadores de recicl\u00e1veis e destaca a import\u00e2ncia da separa\u00e7\u00e3o do lixo"},"content":{"rendered":"\n\t\t<style type=\"text\/css\">\n\t\t\t#gallery-1 {\n\t\t\t\tmargin: auto;\n\t\t\t}\n\t\t\t#gallery-1 .gallery-item {\n\t\t\t\tfloat: left;\n\t\t\t\tmargin-top: 10px;\n\t\t\t\ttext-align: center;\n\t\t\t\twidth: 33%;\n\t\t\t}\n\t\t\t#gallery-1 img {\n\t\t\t\tborder: 2px solid #cfcfcf;\n\t\t\t}\n\t\t\t#gallery-1 .gallery-caption {\n\t\t\t\tmargin-left: 0;\n\t\t\t}\n\t\t\t\/* see gallery_shortcode() in wp-includes\/media.php *\/\n\t\t<\/style>\n\t\t<div id='gallery-1' class='gallery galleryid-7397 gallery-columns-3 gallery-size-full'><dl class='gallery-item'>\n\t\t\t<dt class='gallery-icon portrait'>\n\t\t\t\t<a href='https:\/\/centros.uepb.edu.br\/ccbsa\/files\/2021\/01\/WhatsApp-Image-2021-01-28-at-10.43.11-1.jpeg'><img loading=\"lazy\" decoding=\"async\" width=\"581\" height=\"1032\" src=\"https:\/\/centros.uepb.edu.br\/ccbsa\/files\/2021\/01\/WhatsApp-Image-2021-01-28-at-10.43.11-1.jpeg\" class=\"attachment-full size-full\" alt=\"\" srcset=\"https:\/\/centros.uepb.edu.br\/ccbsa\/files\/2021\/01\/WhatsApp-Image-2021-01-28-at-10.43.11-1.jpeg 581w, https:\/\/centros.uepb.edu.br\/ccbsa\/files\/2021\/01\/WhatsApp-Image-2021-01-28-at-10.43.11-1-169x300.jpeg 169w, https:\/\/centros.uepb.edu.br\/ccbsa\/files\/2021\/01\/WhatsApp-Image-2021-01-28-at-10.43.11-1-576x1024.jpeg 576w, https:\/\/centros.uepb.edu.br\/ccbsa\/files\/2021\/01\/WhatsApp-Image-2021-01-28-at-10.43.11-1-370x657.jpeg 370w\" sizes=\"auto, (max-width: 581px) 100vw, 581px\" \/><\/a>\n\t\t\t<\/dt><\/dl><dl class='gallery-item'>\n\t\t\t<dt class='gallery-icon landscape'>\n\t\t\t\t<a href='https:\/\/centros.uepb.edu.br\/ccbsa\/files\/2021\/01\/WhatsApp-Image-2021-01-28-at-10.42.53-2.jpeg'><img loading=\"lazy\" decoding=\"async\" width=\"1024\" height=\"768\" src=\"https:\/\/centros.uepb.edu.br\/ccbsa\/files\/2021\/01\/WhatsApp-Image-2021-01-28-at-10.42.53-2.jpeg\" class=\"attachment-full size-full\" alt=\"\" srcset=\"https:\/\/centros.uepb.edu.br\/ccbsa\/files\/2021\/01\/WhatsApp-Image-2021-01-28-at-10.42.53-2.jpeg 1024w, https:\/\/centros.uepb.edu.br\/ccbsa\/files\/2021\/01\/WhatsApp-Image-2021-01-28-at-10.42.53-2-300x225.jpeg 300w, https:\/\/centros.uepb.edu.br\/ccbsa\/files\/2021\/01\/WhatsApp-Image-2021-01-28-at-10.42.53-2-768x576.jpeg 768w, https:\/\/centros.uepb.edu.br\/ccbsa\/files\/2021\/01\/WhatsApp-Image-2021-01-28-at-10.42.53-2-370x278.jpeg 370w, https:\/\/centros.uepb.edu.br\/ccbsa\/files\/2021\/01\/WhatsApp-Image-2021-01-28-at-10.42.53-2-840x630.jpeg 840w\" sizes=\"auto, (max-width: 1024px) 100vw, 1024px\" \/><\/a>\n\t\t\t<\/dt><\/dl><dl class='gallery-item'>\n\t\t\t<dt class='gallery-icon portrait'>\n\t\t\t\t<a href='https:\/\/centros.uepb.edu.br\/ccbsa\/files\/2021\/01\/WhatsApp-Image-2021-01-28-at-10.42.53-1.jpeg'><img loading=\"lazy\" decoding=\"async\" width=\"768\" height=\"1024\" src=\"https:\/\/centros.uepb.edu.br\/ccbsa\/files\/2021\/01\/WhatsApp-Image-2021-01-28-at-10.42.53-1.jpeg\" class=\"attachment-full size-full\" alt=\"\" srcset=\"https:\/\/centros.uepb.edu.br\/ccbsa\/files\/2021\/01\/WhatsApp-Image-2021-01-28-at-10.42.53-1.jpeg 768w, https:\/\/centros.uepb.edu.br\/ccbsa\/files\/2021\/01\/WhatsApp-Image-2021-01-28-at-10.42.53-1-225x300.jpeg 225w, https:\/\/centros.uepb.edu.br\/ccbsa\/files\/2021\/01\/WhatsApp-Image-2021-01-28-at-10.42.53-1-370x493.jpeg 370w\" sizes=\"auto, (max-width: 768px) 100vw, 768px\" \/><\/a>\n\t\t\t<\/dt><\/dl><br style=\"clear: both\" \/>\n\t\t<\/div>\n\n<p>Com iniciativas voltadas \u00e0 prote\u00e7\u00e3o, seguran\u00e7a e melhoria nas condi\u00e7\u00f5es de trabalho e vida dos catadores de recicl\u00e1veis da Para\u00edba o projeto de extens\u00e3o \u201cMobiliza\u00e7\u00e3o, inclus\u00e3o e forma\u00e7\u00e3o de catadores\/as de materiais recicl\u00e1veis da cidade de Jo\u00e3o Pessoa: uma experi\u00eancia necess\u00e1ria\u201d, que \u00e9 vinculado ao C\u00e2mpus V da Universidade Estadual da Para\u00edba (UEPB), auxiliou na log\u00edstica de entrega, realizada neste m\u00eas de janeiro, de m\u00e1scaras do tipo Face Shield a profissionais de sa\u00fade e catadores de recicl\u00e1veis de Jo\u00e3o Pessoa, Cabedelo e Campina Grande. Os Equipamentos de Prote\u00e7\u00e3o Individual (EPIs) haviam sido doados \u00e0 entidade Uni\u00e3o BR que repassou as doa\u00e7\u00f5es \u00e0s entidades que atuam no atendimento a popula\u00e7\u00f5es vulner\u00e1veis por todo o pa\u00eds.<\/p>\n<p>A iniciativa \u00e9 realizada por meio da parceria entre a UEPB, o Minist\u00e9rio P\u00fablico Federal (MPF), a Secretaria de Desenvolvimento Humano e Social (SEDHS) do Governo do Estado da Para\u00edba, a Defensoria P\u00fablica, a Uni\u00e3o PB \u2013 Se\u00e7\u00e3o Estadual da Uni\u00e3o BR e diversas lideran\u00e7as de movimentos sociais, a exemplo da Central \u00danica das Favelas (CUFA) e cooperativas de catadores.<\/p>\n<p>Essa n\u00e3o \u00e9 primeira a\u00e7\u00e3o do projeto da UEPB que surgiu direcionado aos catadores de materiais recicl\u00e1veis de Jo\u00e3o Pessoa e cidades circunvizinhas, mas, diante das necessidades impostas pela pandemia da Covid-19, passou a atender ciganos, comunidades ind\u00edgenas, venezuelanos, p\u00fablico LGBTQIA+, ambulantes e moradores de assentamentos do litoral ao sert\u00e3o do Estado da Para\u00edba, auxiliando na log\u00edstica da entrega de cestas b\u00e1sicas, m\u00e1scaras, \u00e1lcool, itens de higiene, entre outros.<\/p>\n<p>De acordo com a coordenadora do projeto, professora Maria de F\u00e1tima Ara\u00fajo, al\u00e9m dessa assist\u00eancia realizada em parceria com os \u00f3rg\u00e3os governamentais e organiza\u00e7\u00f5es n\u00e3o governamentais, \u00e9 necess\u00e1rio que a popula\u00e7\u00e3o entenda a import\u00e2ncia de separar o res\u00edduo seco do \u00famido para facilitar o trabalho dos catadores e minimizar o risco de contamina\u00e7\u00e3o.<\/p>\n<p>&#8220;Esse deve ser um trabalho coletivo, com o apoio da popula\u00e7\u00e3o. Os EPIs ajudam mas, precisamos fazer a nossa parte, separando os res\u00edduos e contribuindo com o catador principalmente nesse momento. Sabemos que toda a classe trabalhadora tem sofrido nessa pandemia, mas, sobretudo esse p\u00fablico, que retira desses res\u00edduos o sustento, precisa do apoio da sociedade para evitar a contamina\u00e7\u00e3o e seguir trabalhando com sa\u00fade e seguran\u00e7a&#8221;, explica.<\/p>\n<p>Para o presidente da associa\u00e7\u00e3o de catadores Ascare, do bairro do Bessa,\u00a0 Kelson Galdino, com as doa\u00e7\u00f5es recebidas os profissionais, que atuam na separa\u00e7\u00e3o de res\u00edduos e sofrem uma alta exposi\u00e7\u00e3o ao v\u00edrus no seu cotidiano, podem trabalhar com mais tranquilidade e seguran\u00e7a e seguir n\u00e3o apenas mantendo o sustento de suas fam\u00edlias mas, auxiliando na preserva\u00e7\u00e3o do meio ambiente.<\/p>\n<p><strong>Sobre o projeto<\/strong><\/p>\n<p>O projeto de extens\u00e3o \u201cMobiliza\u00e7\u00e3o, inclus\u00e3o e forma\u00e7\u00e3o de catadores\/as de materiais recicl\u00e1veis da cidade de Jo\u00e3o Pessoa: uma experi\u00eancia necess\u00e1ria\u201d foi criado em 2013 com o objetivo de dar apoio para a formaliza\u00e7\u00e3o e organiza\u00e7\u00e3o das cooperativas, promover a alfabetiza\u00e7\u00e3o e o letramento e, assim, possibilitar melhores condi\u00e7\u00f5es de vida para catadores de materiais recicl\u00e1veis da Zona da Mata (Jo\u00e3o Pessoa, Bayeux e Santa Rita).<\/p>\n<p>Al\u00e9m de a\u00e7\u00f5es de alfabetiza\u00e7\u00e3o, o projeto j\u00e1 realizou forma\u00e7\u00f5es de empreendedorismo, consultoria jur\u00eddica, adquiriu EPIs, balan\u00e7as, prensas, geladeira, fog\u00e3o, carrinhos de coleta, um caminh\u00e3o, que auxilia na log\u00edstica da atividade de cooperativas de catadores atendidas pelo projeto, entre outros itens que visam proporcionar melhorias nas condi\u00e7\u00f5es de trabalho e de vida destes catadores.<\/p>\n<p>As atividades do projeto s\u00e3o acompanhadas por docentes da UEPB e discentes do curso de Ci\u00eancias Biol\u00f3gicas do C\u00e2mpus V da UEPB vinculados ao componente curricular \u201cEduca\u00e7\u00e3o Ambiental\u201d.<\/p>\n<p><em><strong>Texto:<\/strong> Juliana Marques<\/em><\/p>\n<p><em><strong>Foto:<\/strong> Acervo do projeto<\/em><\/p>\n","protected":false},"excerpt":{"rendered":"<p>Com iniciativas voltadas \u00e0 prote\u00e7\u00e3o, seguran\u00e7a e melhoria nas condi\u00e7\u00f5es de trabalho e vida dos catadores de recicl\u00e1veis da Para\u00edba o projeto de extens\u00e3o \u201cMobiliza\u00e7\u00e3o, inclus\u00e3o e forma\u00e7\u00e3o de catadores\/as de materiais recicl\u00e1veis da cidade de Jo\u00e3o Pessoa: uma experi\u00eancia necess\u00e1ria\u201d, que \u00e9 vinculado ao C\u00e2mpus V da Universidade Estadual da Para\u00edba (UEPB), auxiliou na <a class=\"leiamais\" href=\"https:\/\/centros.uepb.edu.br\/ccbsa\/projeto-de-extensao-da-uepb-segue-com-atendimento-aos-catadores-de-reciclaveis-e-destaca-a-importancia-da-separacao-do-lixo\/\">Leia Mais&#8230;<\/a><\/p>\n","protected":false},"author":8,"featured_media":7398,"comment_status":"closed","ping_status":"closed","sticky":false,"template":"","format":"standard","meta":{"footnotes":""},"categories":[3,11],"tags":[],"class_list":["post-7397","post","type-post","status-publish","format-standard","has-post-thumbnail","hentry","category-noticias","category-noticias-destaque-img"],"jetpack_featured_media_url":"https:\/\/centros.uepb.edu.br\/ccbsa\/files\/2021\/01\/WhatsApp-Image-2021-01-28-at-10.42.53-2.jpg","_links":{"self":[{"href":"https:\/\/centros.uepb.edu.br\/ccbsa\/wp-json\/wp\/v2\/posts\/7397","targetHints":{"allow":["GET"]}}],"collection":[{"href":"https:\/\/centros.uepb.edu.br\/ccbsa\/wp-json\/wp\/v2\/posts"}],"about":[{"href":"https:\/\/centros.uepb.edu.br\/ccbsa\/wp-json\/wp\/v2\/types\/post"}],"author":[{"embeddable":true,"href":"https:\/\/centros.uepb.edu.br\/ccbsa\/wp-json\/wp\/v2\/users\/8"}],"replies":[{"embeddable":true,"href":"https:\/\/centros.uepb.edu.br\/ccbsa\/wp-json\/wp\/v2\/comments?post=7397"}],"version-history":[{"count":0,"href":"https:\/\/centros.uepb.edu.br\/ccbsa\/wp-json\/wp\/v2\/posts\/7397\/revisions"}],"wp:featuredmedia":[{"embeddable":true,"href":"https:\/\/centros.uepb.edu.br\/ccbsa\/wp-json\/wp\/v2\/media\/7398"}],"wp:attachment":[{"href":"https:\/\/centros.uepb.edu.br\/ccbsa\/wp-json\/wp\/v2\/media?parent=7397"}],"wp:term":[{"taxonomy":"category","embeddable":true,"href":"https:\/\/centros.uepb.edu.br\/ccbsa\/wp-json\/wp\/v2\/categories?post=7397"},{"taxonomy":"post_tag","embeddable":true,"href":"https:\/\/centros.uepb.edu.br\/ccbsa\/wp-json\/wp\/v2\/tags?post=7397"}],"curies":[{"name":"wp","href":"https:\/\/api.w.org\/{rel}","templated":true}]}}