{"id":7362,"date":"2020-12-07T13:37:43","date_gmt":"2020-12-07T13:37:43","guid":{"rendered":"https:\/\/centros.uepb.edu.br\/ccbsa\/?p=7362"},"modified":"2020-12-07T13:37:43","modified_gmt":"2020-12-07T13:37:43","slug":"projeto-de-pesquisa-do-curso-de-relacoes-internacionais-e-premiado-durante-encontro-de-iniciacao-cientifica-da-uepb","status":"publish","type":"post","link":"https:\/\/centros.uepb.edu.br\/ccbsa\/projeto-de-pesquisa-do-curso-de-relacoes-internacionais-e-premiado-durante-encontro-de-iniciacao-cientifica-da-uepb\/","title":{"rendered":"Projeto de pesquisa do curso de Rela\u00e7\u00f5es Internacionais \u00e9 premiado durante Encontro de Inicia\u00e7\u00e3o Cient\u00edfica da UEPB"},"content":{"rendered":"\n\t\t<style type=\"text\/css\">\n\t\t\t#gallery-1 {\n\t\t\t\tmargin: auto;\n\t\t\t}\n\t\t\t#gallery-1 .gallery-item {\n\t\t\t\tfloat: left;\n\t\t\t\tmargin-top: 10px;\n\t\t\t\ttext-align: center;\n\t\t\t\twidth: 33%;\n\t\t\t}\n\t\t\t#gallery-1 img {\n\t\t\t\tborder: 2px solid #cfcfcf;\n\t\t\t}\n\t\t\t#gallery-1 .gallery-caption {\n\t\t\t\tmargin-left: 0;\n\t\t\t}\n\t\t\t\/* see gallery_shortcode() in wp-includes\/media.php *\/\n\t\t<\/style>\n\t\t<div id='gallery-1' class='gallery galleryid-7362 gallery-columns-3 gallery-size-full'><dl class='gallery-item'>\n\t\t\t<dt class='gallery-icon landscape'>\n\t\t\t\t<a href='https:\/\/centros.uepb.edu.br\/ccbsa\/files\/2020\/12\/343a773c-d5d0-4c14-839b-0d18300ae32c.jpg'><img loading=\"lazy\" decoding=\"async\" width=\"1280\" height=\"719\" src=\"https:\/\/centros.uepb.edu.br\/ccbsa\/files\/2020\/12\/343a773c-d5d0-4c14-839b-0d18300ae32c.jpg\" class=\"attachment-full size-full\" alt=\"\" srcset=\"https:\/\/centros.uepb.edu.br\/ccbsa\/files\/2020\/12\/343a773c-d5d0-4c14-839b-0d18300ae32c.jpg 1280w, https:\/\/centros.uepb.edu.br\/ccbsa\/files\/2020\/12\/343a773c-d5d0-4c14-839b-0d18300ae32c-300x169.jpg 300w, https:\/\/centros.uepb.edu.br\/ccbsa\/files\/2020\/12\/343a773c-d5d0-4c14-839b-0d18300ae32c-1024x575.jpg 1024w, https:\/\/centros.uepb.edu.br\/ccbsa\/files\/2020\/12\/343a773c-d5d0-4c14-839b-0d18300ae32c-768x431.jpg 768w, https:\/\/centros.uepb.edu.br\/ccbsa\/files\/2020\/12\/343a773c-d5d0-4c14-839b-0d18300ae32c-370x208.jpg 370w, https:\/\/centros.uepb.edu.br\/ccbsa\/files\/2020\/12\/343a773c-d5d0-4c14-839b-0d18300ae32c-840x472.jpg 840w\" sizes=\"auto, (max-width: 1280px) 100vw, 1280px\" \/><\/a>\n\t\t\t<\/dt><\/dl><dl class='gallery-item'>\n\t\t\t<dt class='gallery-icon landscape'>\n\t\t\t\t<a href='https:\/\/centros.uepb.edu.br\/ccbsa\/files\/2020\/12\/b5234da7-3fe0-43d3-832d-ec28f80effdc.jpg'><img loading=\"lazy\" decoding=\"async\" width=\"1280\" height=\"719\" src=\"https:\/\/centros.uepb.edu.br\/ccbsa\/files\/2020\/12\/b5234da7-3fe0-43d3-832d-ec28f80effdc.jpg\" class=\"attachment-full size-full\" alt=\"\" srcset=\"https:\/\/centros.uepb.edu.br\/ccbsa\/files\/2020\/12\/b5234da7-3fe0-43d3-832d-ec28f80effdc.jpg 1280w, https:\/\/centros.uepb.edu.br\/ccbsa\/files\/2020\/12\/b5234da7-3fe0-43d3-832d-ec28f80effdc-300x169.jpg 300w, https:\/\/centros.uepb.edu.br\/ccbsa\/files\/2020\/12\/b5234da7-3fe0-43d3-832d-ec28f80effdc-1024x575.jpg 1024w, https:\/\/centros.uepb.edu.br\/ccbsa\/files\/2020\/12\/b5234da7-3fe0-43d3-832d-ec28f80effdc-768x431.jpg 768w, https:\/\/centros.uepb.edu.br\/ccbsa\/files\/2020\/12\/b5234da7-3fe0-43d3-832d-ec28f80effdc-370x208.jpg 370w, https:\/\/centros.uepb.edu.br\/ccbsa\/files\/2020\/12\/b5234da7-3fe0-43d3-832d-ec28f80effdc-840x472.jpg 840w\" sizes=\"auto, (max-width: 1280px) 100vw, 1280px\" \/><\/a>\n\t\t\t<\/dt><\/dl>\n\t\t\t<br style='clear: both' \/>\n\t\t<\/div>\n\n<p>&#8220;O ingresso de crian\u00e7as e adolescentes salvadorenhos em pandillas &#8211; resultado da vulnerabilidade social de El Salvador&#8221;, esse \u00e9 o t\u00edtulo de trabalho que foi escolhido como primeiro colocado na \u00e1rea de humanas no 27\u00ba Encontro de Inicia\u00e7\u00e3o Cient\u00edfica (ENIC) da Universidade Estadual da Para\u00edba (UEPB), coordenado pelo professor do curso de Rela\u00e7\u00f5es Internacionais Paulo Kuhlmann tendo como bolsista a estudante da gradua\u00e7\u00e3o em Rela\u00e7\u00f5es Internacionais Laura Beatriz Vieira.<\/p>\n<p>A pesquisa premiada foi desenvolvida no \u00e2mbito do Grupo de Estudos de Paz e Seguran\u00e7a Mundial da Universidade Estadual da Para\u00edba (GEPASM\/UEPB) e articulada \u00e0 atua\u00e7\u00e3o extensionista do Projeto Universidade em A\u00e7\u00e3o (PUA), ambos vinculados aos cursos de gradua\u00e7\u00e3o e p\u00f3s-gradua\u00e7\u00e3o em Rela\u00e7\u00f5es Internacionais. De acordo com o professor Paulo Kuhlmann, no GEPASM s\u00e3o desenvolvidos estudos sobre crian\u00e7as e adolescentes em situa\u00e7\u00f5es vulner\u00e1veis nas favelas e periferias urbanas para entender sobre o que leva um jovem exclu\u00eddo a buscar um caminho que lhe d\u00ea identidade, mas n\u00e3o o empodera.<\/p>\n<p>&#8220;O trabalho de Laura est\u00e1 muito s\u00e9rio, aprofundado e ela tem dom\u00ednio do assunto. No GEPASM, algumas pessoas estudam as crian\u00e7as e adolescentes que v\u00e3o para o tr\u00e1fico, para gangues, para grupos extremistas isl\u00e2micos terroristas e as formas de impedir que isso ocorra. No PUA tamb\u00e9m temos trabalhado direcionados \u00e0 esse objetivo desde 2011, preocupados com a viol\u00eancia das periferias. E a gente sempre se preocupou em como construir a paz e diminuir a viol\u00eancia. Por isso come\u00e7amos a estabelecer contatos com o Grupo de Pesquisa: Crian\u00e7a, Sociedade e Cultura (CRIAS), que \u00e9 coordenado pela professora Fl\u00e1via Pires, e com o N\u00facleo de Pesquisa e Estudos sobre o Desenvolvimento da Inf\u00e2ncia e Adolesc\u00eancia (NUPEDIA), coordenado pela professora Maria F\u00e1tima, ambos os grupos da UFPB com estudos sobre crian\u00e7as e adolescentes&#8221;, explicou o professor Paulo Kuhlmann.<\/p>\n<p>Diante dessa conjuntura, a pesquisa apresentada durante o ENIC evidencia a realidade de estudos ancorados na vulnerabilidade social, que ganham protagonismo, a partir dos anos 1990, promovendo uma compreens\u00e3o do fen\u00f4meno da pobreza e suas consequ\u00eancias para al\u00e9m da perspectiva baseada em vari\u00e1veis puramente econ\u00f4micas. Neste sentido, a partir da realidade de El Salvador, os pesquisadores puderam aferir que vari\u00e1veis influenciam as crian\u00e7as e adolescentes salvadorenhos no ingresso em pandillas, gangues ligadas ao tr\u00e1fico de drogas e \u00e0 viol\u00eancia, com forte presen\u00e7a no Tri\u00e2ngulo Norte da Am\u00e9rica Central e, assim, a vulnerabilidade social est\u00e1 intrinsicamente ligada \u00e0 viol\u00eancia juvenil e invisibiliza\u00e7\u00e3o desses indiv\u00edduos por parte da sociedade e do Estado.<\/p>\n<p><em><strong>Texto<\/strong>: Juliana Marques<\/em><\/p>\n<p>&nbsp;<\/p>\n<p>&nbsp;<\/p>\n","protected":false},"excerpt":{"rendered":"<p>&#8220;O ingresso de crian\u00e7as e adolescentes salvadorenhos em pandillas &#8211; resultado da vulnerabilidade social de El Salvador&#8221;, esse \u00e9 o t\u00edtulo de trabalho que foi escolhido como primeiro colocado na \u00e1rea de humanas no 27\u00ba Encontro de Inicia\u00e7\u00e3o Cient\u00edfica (ENIC) da Universidade Estadual da Para\u00edba (UEPB), coordenado pelo professor do curso de Rela\u00e7\u00f5es Internacionais Paulo <a class=\"leiamais\" href=\"https:\/\/centros.uepb.edu.br\/ccbsa\/projeto-de-pesquisa-do-curso-de-relacoes-internacionais-e-premiado-durante-encontro-de-iniciacao-cientifica-da-uepb\/\">Leia Mais&#8230;<\/a><\/p>\n","protected":false},"author":8,"featured_media":7363,"comment_status":"closed","ping_status":"closed","sticky":false,"template":"","format":"standard","meta":{"footnotes":""},"categories":[3,11],"tags":[],"class_list":["post-7362","post","type-post","status-publish","format-standard","has-post-thumbnail","hentry","category-noticias","category-noticias-destaque-img"],"jetpack_featured_media_url":"https:\/\/centros.uepb.edu.br\/ccbsa\/files\/2020\/12\/343a773c-d5d0-4c14-839b-0d18300ae32cOK.jpg","_links":{"self":[{"href":"https:\/\/centros.uepb.edu.br\/ccbsa\/wp-json\/wp\/v2\/posts\/7362","targetHints":{"allow":["GET"]}}],"collection":[{"href":"https:\/\/centros.uepb.edu.br\/ccbsa\/wp-json\/wp\/v2\/posts"}],"about":[{"href":"https:\/\/centros.uepb.edu.br\/ccbsa\/wp-json\/wp\/v2\/types\/post"}],"author":[{"embeddable":true,"href":"https:\/\/centros.uepb.edu.br\/ccbsa\/wp-json\/wp\/v2\/users\/8"}],"replies":[{"embeddable":true,"href":"https:\/\/centros.uepb.edu.br\/ccbsa\/wp-json\/wp\/v2\/comments?post=7362"}],"version-history":[{"count":0,"href":"https:\/\/centros.uepb.edu.br\/ccbsa\/wp-json\/wp\/v2\/posts\/7362\/revisions"}],"wp:featuredmedia":[{"embeddable":true,"href":"https:\/\/centros.uepb.edu.br\/ccbsa\/wp-json\/wp\/v2\/media\/7363"}],"wp:attachment":[{"href":"https:\/\/centros.uepb.edu.br\/ccbsa\/wp-json\/wp\/v2\/media?parent=7362"}],"wp:term":[{"taxonomy":"category","embeddable":true,"href":"https:\/\/centros.uepb.edu.br\/ccbsa\/wp-json\/wp\/v2\/categories?post=7362"},{"taxonomy":"post_tag","embeddable":true,"href":"https:\/\/centros.uepb.edu.br\/ccbsa\/wp-json\/wp\/v2\/tags?post=7362"}],"curies":[{"name":"wp","href":"https:\/\/api.w.org\/{rel}","templated":true}]}}