{"id":7357,"date":"2020-12-04T20:51:06","date_gmt":"2020-12-04T20:51:06","guid":{"rendered":"https:\/\/centros.uepb.edu.br\/ccbsa\/?p=7357"},"modified":"2020-12-04T22:36:26","modified_gmt":"2020-12-04T22:36:26","slug":"projeto-sesa-do-curso-de-arquivologia-recebe-mencao-honrosa-durante-encontro-de-iniciacao-cientifica-da-uepb","status":"publish","type":"post","link":"https:\/\/centros.uepb.edu.br\/ccbsa\/projeto-sesa-do-curso-de-arquivologia-recebe-mencao-honrosa-durante-encontro-de-iniciacao-cientifica-da-uepb\/","title":{"rendered":"Projeto SESA do curso de Arquivologia recebe men\u00e7\u00e3o honrosa durante Encontro de Inicia\u00e7\u00e3o Cient\u00edfica da UEPB"},"content":{"rendered":"\n\t\t<style type=\"text\/css\">\n\t\t\t#gallery-1 {\n\t\t\t\tmargin: auto;\n\t\t\t}\n\t\t\t#gallery-1 .gallery-item {\n\t\t\t\tfloat: left;\n\t\t\t\tmargin-top: 10px;\n\t\t\t\ttext-align: center;\n\t\t\t\twidth: 33%;\n\t\t\t}\n\t\t\t#gallery-1 img {\n\t\t\t\tborder: 2px solid #cfcfcf;\n\t\t\t}\n\t\t\t#gallery-1 .gallery-caption {\n\t\t\t\tmargin-left: 0;\n\t\t\t}\n\t\t\t\/* see gallery_shortcode() in wp-includes\/media.php *\/\n\t\t<\/style>\n\t\t<div id='gallery-1' class='gallery galleryid-7357 gallery-columns-3 gallery-size-full'><dl class='gallery-item'>\n\t\t\t<dt class='gallery-icon landscape'>\n\t\t\t\t<a href='https:\/\/centros.uepb.edu.br\/ccbsa\/files\/2020\/12\/bd3d13fc-8c91-4990-8cbf-11cd14224d0a.jpg'><img loading=\"lazy\" decoding=\"async\" width=\"840\" height=\"454\" src=\"https:\/\/centros.uepb.edu.br\/ccbsa\/files\/2020\/12\/bd3d13fc-8c91-4990-8cbf-11cd14224d0a.jpg\" class=\"attachment-full size-full\" alt=\"\" srcset=\"https:\/\/centros.uepb.edu.br\/ccbsa\/files\/2020\/12\/bd3d13fc-8c91-4990-8cbf-11cd14224d0a.jpg 840w, https:\/\/centros.uepb.edu.br\/ccbsa\/files\/2020\/12\/bd3d13fc-8c91-4990-8cbf-11cd14224d0a-300x162.jpg 300w, https:\/\/centros.uepb.edu.br\/ccbsa\/files\/2020\/12\/bd3d13fc-8c91-4990-8cbf-11cd14224d0a-768x415.jpg 768w, https:\/\/centros.uepb.edu.br\/ccbsa\/files\/2020\/12\/bd3d13fc-8c91-4990-8cbf-11cd14224d0a-370x200.jpg 370w\" sizes=\"auto, (max-width: 840px) 100vw, 840px\" \/><\/a>\n\t\t\t<\/dt><\/dl><dl class='gallery-item'>\n\t\t\t<dt class='gallery-icon landscape'>\n\t\t\t\t<a href='https:\/\/centros.uepb.edu.br\/ccbsa\/files\/2020\/12\/53e01a7a-d1a6-4b99-a9b0-ab20f5328e2e.jpg'><img loading=\"lazy\" decoding=\"async\" width=\"1280\" height=\"719\" src=\"https:\/\/centros.uepb.edu.br\/ccbsa\/files\/2020\/12\/53e01a7a-d1a6-4b99-a9b0-ab20f5328e2e.jpg\" class=\"attachment-full size-full\" alt=\"\" srcset=\"https:\/\/centros.uepb.edu.br\/ccbsa\/files\/2020\/12\/53e01a7a-d1a6-4b99-a9b0-ab20f5328e2e.jpg 1280w, https:\/\/centros.uepb.edu.br\/ccbsa\/files\/2020\/12\/53e01a7a-d1a6-4b99-a9b0-ab20f5328e2e-300x169.jpg 300w, https:\/\/centros.uepb.edu.br\/ccbsa\/files\/2020\/12\/53e01a7a-d1a6-4b99-a9b0-ab20f5328e2e-1024x575.jpg 1024w, https:\/\/centros.uepb.edu.br\/ccbsa\/files\/2020\/12\/53e01a7a-d1a6-4b99-a9b0-ab20f5328e2e-768x431.jpg 768w, https:\/\/centros.uepb.edu.br\/ccbsa\/files\/2020\/12\/53e01a7a-d1a6-4b99-a9b0-ab20f5328e2e-370x208.jpg 370w, https:\/\/centros.uepb.edu.br\/ccbsa\/files\/2020\/12\/53e01a7a-d1a6-4b99-a9b0-ab20f5328e2e-840x472.jpg 840w\" sizes=\"auto, (max-width: 1280px) 100vw, 1280px\" \/><\/a>\n\t\t\t<\/dt><\/dl>\n\t\t\t<br style='clear: both' \/>\n\t\t<\/div>\n\n<p>O projeto &#8220;Coopera\u00e7\u00e3o acad\u00eamica, tecnologia e inova\u00e7\u00e3o cient\u00edfica: as rela\u00e7\u00f5es internacionais do projeto SESA&#8221;, vinculado ao curso de Arquivologia da Universidade Estadual da Para\u00edba (UEPB), foi um dos cursos da \u00e1rea de ci\u00eancias sociais, agraciados nesta sexta (04), com uma men\u00e7\u00e3o honrosa no XXVII Encontro de Inicia\u00e7\u00e3o Cient\u00edfica da UEPB.<\/p>\n<p>Durante a apresenta\u00e7\u00e3o do projeto, que figurou entre os tr\u00eas melhores trabalhos de inicia\u00e7\u00e3o cient\u00edfica da UEPB na \u00e1rea de Ci\u00eancias Sociais, o bolsista Elvis Chaves, mostrou as a\u00e7\u00f5es de pesquisa empreendidas por meio do projeto SESA, que tamb\u00e9m desenvolve a\u00e7\u00f5es nas vertentes de ensino e extens\u00e3o.<\/p>\n<p>Para a coordenadora do projeto, professora Eliete Correia dos Santos, a escolha do SESA dentre os tr\u00eas melhores trabalhos de Ci\u00eancias Sociais a serem apresentados durante o ENIC \u00e9 mais uma conquista a ser celebrada e um reconhecimento n\u00e3o s\u00f3 pelo trabalho do projeto mas, uma vit\u00f3ria do curso de Arquivologia da UEPB. &#8220;Como o pr\u00f3prio t\u00edtulo do trabalho ilustra, procuramos atuar com a coopera\u00e7\u00e3o acad\u00eamica, tecnologia e inova\u00e7\u00e3o cient\u00edfica, tentando construir da melhor maneira essa teia do conhecimento a partir de redes sociais com nossa equipe que possui um grande compromisso nessa dire\u00e7\u00e3o&#8221;, explica a docente.<\/p>\n<p>Realizado anualmente desde 2007, na Para\u00edba, Brasil, o SESA surgiu no \u00e2mbito do curso de Arquivologia com uma abrang\u00eancia regional tendo como pressupostos a literacia informacional e o \u201cletramento\u201d dos discentes do curso de Arquivologia da UEPB. Inicialmente o projeto contava apenas com a colabora\u00e7\u00e3o cient\u00edfica de diversas universidades brasileiras, mas, a partir de 2012, transformou-se num projeto internacional, de natureza luso-brasileira, passando a incluir como parceiras a Universidade de Coimbra (UC), a Universidade do Porto (UP), a Universidade de Aveiro (UA) e o Instituto Polit\u00e9cnico do Porto (IPP).<\/p>\n<p>Desde o lan\u00e7amento do primeiro volume da cole\u00e7\u00e3o \u201cArquivologia\u201d, no ano 2013 (1\u00ba trimestre, no Brasil, e em 31 de outubro, em Portugal, no \u00e2mbito de um Workshop de Arquiv\u00edstica que teve lugar no Arquivo da Universidade de Coimbra) a Universidade de Coimbra passou a integrar a comiss\u00e3o cient\u00edfica e o corpo editorial da colet\u00e2nea de textos publicada pelo projeto, constitu\u00edda por dois volumes, um que contempla os trabalhos de alunos e outro o dos membros da comiss\u00e3o cient\u00edfica.<\/p>\n<p>A partir de 2014, o projeto ganhou contornos multidisciplinares, atuando como um elemento importante para a pesquisa e o ensino em Arquivologia e Ci\u00eancia da Informa\u00e7\u00e3o. Ao longo das oito edi\u00e7\u00f5es do evento realizadas em coopera\u00e7\u00e3o acad\u00eamica com institui\u00e7\u00f5es portuguesas e brasileiras o projeto SESA conduziu \u00e0 realiza\u00e7\u00e3o de diversas confer\u00eancias, palestras, minicursos e oficinas, as quais tiveram um impacto direto para os docentes e discentes do curso de Arquivologia da UEPB.<\/p>\n<p>Durante a 8\u00aa edi\u00e7\u00e3o do SESA realizado no Campus I da UFPB, em Jo\u00e3o Pessoa, PB, entre os dias 14 a 18 de agosto de 2017, o SESA ganhou uma particular express\u00e3o, passando a ser desenvolvido conjuntamente por duas universidades da \u00fanica cidade do Brasil em que s\u00e3o oferecidos dois cursos de Arquivologia em institui\u00e7\u00f5es p\u00fablicas, e uma dimens\u00e3o internacional, come\u00e7ando a contar com a representa\u00e7\u00e3o de especialistas de todas as universidades portuguesas parceiras. No final do evento, e no \u00e2mbito das comemora\u00e7\u00f5es dos \u201c10 anos do SESA\u201d, foi atribu\u00eddo pela primeira vez o \u201cPr\u00eamio Jos\u00e9 Maria Jardim\u201d criado com o objetivo de incentivar as produ\u00e7\u00f5es cient\u00edficas de alunos e professores e contribuir de forma significativa para a \u00e1rea de Comunica\u00e7\u00e3o e Informa\u00e7\u00e3o.<\/p>\n<p>Em 2019 o SESA foi realizado na Universidade de Coimbra e a cada dois anos passou a ser organizado e sediado em Universidades Luso-Brasileiras. A 10\u00aa edi\u00e7\u00e3o dever\u00e1 ocorrer em 2021, na Universidade Porto, em parceria com o Instituto Polit\u00e9cnico do Porto. E em 2023 o evento ser\u00e1 sediado em Luanda, na Angola.<\/p>\n<p>Atualmente o programa conta com a parceria da Universidade Federal da Para\u00edba (UFPB), Universidade Federal do Rio Grande (FURG), Universidade Federal da Bahia (UFBA), Universidade Federal do Estado do Rio de Janeiro (UNIRIO), Universidade Federal Fluminense (UFF), Universidade Federal do Rio Grande do Sul (UFRGS), Universidade Federal de Minas Gerais (UFMG), Universidade de Bras\u00edlia (UnB), no Brasil; e IPP-PT, UC-PT e Universidade do Porto, em Portugal.<\/p>\n<p>Al\u00e9m da perspectiva de consolida\u00e7\u00e3o hist\u00f3rica das parcerias e da literacia informacional, o SESA tamb\u00e9m t\u00eam desenvolvido atividades via plataformas digitais e ambientes virtuais de aprendizagem \u2013 AVA no campo da investiga\u00e7\u00e3o da Ci\u00eancia da Informa\u00e7\u00e3o e da Arquivologia com a produ\u00e7\u00e3o de conte\u00fado que pode ser acessado por docentes, discente e a comunidade em geral com interesse no uso das tecnologias como mecanismo educacional.<\/p>\n<p>Essas iniciativas s\u00e3o contempladas pelos diversos projetos que integram o programa \u201cSESA, Semin\u00e1rio de Saberes Arquiv\u00edsticos: tecnologia, inova\u00e7\u00e3o e pr\u00e1ticas\u201d, aprovado no edital PROBEX 2019\/2020 da UEPB, e s\u00e3o fortalecidas pelo projeto \u201cCoopera\u00e7\u00e3o acad\u00eamica, tecnol\u00f3gica e inova\u00e7\u00e3o cient\u00edfica: as rela\u00e7\u00f5es internacionais do Projeto SESA\u201d, aprovado no edital da FAPESQ-PB 2018\/2020. Este \u00faltimo permitiu o investimento em infraestrutura para a produ\u00e7\u00e3o e edi\u00e7\u00e3o de v\u00eddeos e demais conte\u00fados a serem disponibilizados nas plataformas digitais e demais atividades do SESA.<\/p>\n<p>Recentemente foi realizada a primeira edi\u00e7\u00e3o do SESA Online que contou com a participa\u00e7\u00e3o de pesquisadores do Brasil, Portugal, Alemanha e Espanha, transmitidas online pelo <a href=\"https:\/\/www.youtube.com\/channel\/UCR1kqth0_BPWXMGtoP9ID_Q\">canal do Projeto SESA no Youtube<\/a> e discutindo as tem\u00e1ticas: \u201cCi\u00eancia da Informa\u00e7\u00e3o inter e transdisciplinar: o contributo do marketing e da comunica\u00e7\u00e3o para o seu car\u00e1ter social de humano\u201d, \u201cRepresenta\u00e7\u00e3o documental no contexto da arquivologia\u201d, \u201cNovas dire\u00e7\u00f5es para a Ci\u00eancia da Informa\u00e7\u00e3o\u201d, \u201cLinhas de investiga\u00e7\u00e3o em Ci\u00eancia da Informa\u00e7\u00e3o na Universidade de Coimbra\u201d e \u201cOrganiza\u00e7\u00e3o do fundo de uma empresa do setor de constru\u00e7\u00e3o: o caso do grupo empresarial de Le\u00f3n (Espanha)\u201d.<\/p>\n<p>A 10\u00aa edi\u00e7\u00e3o do evento do SESA dever\u00e1 ocorrer em 2021, na Universidade Porto, em parceria com o Instituto Polit\u00e9cnico do Porto. E em 2023 o evento ser\u00e1 sediado em Luanda, na Angola. at\u00e9 l\u00e1 devem ser realizadas edi\u00e7\u00f5es do SESA online que consiste consiste na realiza\u00e7\u00e3o de eventos relacionados \u00e0s tem\u00e1ticas de atua\u00e7\u00e3o do SESA a partir da propositura de pesquisadores parceiros do programa.<\/p>\n<p><em><strong>Texto:<\/strong> Juliana Marques<\/em><\/p>\n","protected":false},"excerpt":{"rendered":"<p>O projeto &#8220;Coopera\u00e7\u00e3o acad\u00eamica, tecnologia e inova\u00e7\u00e3o cient\u00edfica: as rela\u00e7\u00f5es internacionais do projeto SESA&#8221;, vinculado ao curso de Arquivologia da Universidade Estadual da Para\u00edba (UEPB), foi um dos cursos da \u00e1rea de ci\u00eancias sociais, agraciados nesta sexta (04), com uma men\u00e7\u00e3o honrosa no XXVII Encontro de Inicia\u00e7\u00e3o Cient\u00edfica da UEPB. Durante a apresenta\u00e7\u00e3o do projeto, <a class=\"leiamais\" href=\"https:\/\/centros.uepb.edu.br\/ccbsa\/projeto-sesa-do-curso-de-arquivologia-recebe-mencao-honrosa-durante-encontro-de-iniciacao-cientifica-da-uepb\/\">Leia Mais&#8230;<\/a><\/p>\n","protected":false},"author":8,"featured_media":7358,"comment_status":"closed","ping_status":"closed","sticky":false,"template":"","format":"standard","meta":{"footnotes":""},"categories":[3,11],"tags":[],"class_list":["post-7357","post","type-post","status-publish","format-standard","has-post-thumbnail","hentry","category-noticias","category-noticias-destaque-img"],"jetpack_featured_media_url":"https:\/\/centros.uepb.edu.br\/ccbsa\/files\/2020\/12\/bd3d13fc-8c91-4990-8cbf-11cd14224d0a.jpg","_links":{"self":[{"href":"https:\/\/centros.uepb.edu.br\/ccbsa\/wp-json\/wp\/v2\/posts\/7357","targetHints":{"allow":["GET"]}}],"collection":[{"href":"https:\/\/centros.uepb.edu.br\/ccbsa\/wp-json\/wp\/v2\/posts"}],"about":[{"href":"https:\/\/centros.uepb.edu.br\/ccbsa\/wp-json\/wp\/v2\/types\/post"}],"author":[{"embeddable":true,"href":"https:\/\/centros.uepb.edu.br\/ccbsa\/wp-json\/wp\/v2\/users\/8"}],"replies":[{"embeddable":true,"href":"https:\/\/centros.uepb.edu.br\/ccbsa\/wp-json\/wp\/v2\/comments?post=7357"}],"version-history":[{"count":0,"href":"https:\/\/centros.uepb.edu.br\/ccbsa\/wp-json\/wp\/v2\/posts\/7357\/revisions"}],"wp:featuredmedia":[{"embeddable":true,"href":"https:\/\/centros.uepb.edu.br\/ccbsa\/wp-json\/wp\/v2\/media\/7358"}],"wp:attachment":[{"href":"https:\/\/centros.uepb.edu.br\/ccbsa\/wp-json\/wp\/v2\/media?parent=7357"}],"wp:term":[{"taxonomy":"category","embeddable":true,"href":"https:\/\/centros.uepb.edu.br\/ccbsa\/wp-json\/wp\/v2\/categories?post=7357"},{"taxonomy":"post_tag","embeddable":true,"href":"https:\/\/centros.uepb.edu.br\/ccbsa\/wp-json\/wp\/v2\/tags?post=7357"}],"curies":[{"name":"wp","href":"https:\/\/api.w.org\/{rel}","templated":true}]}}