{"id":7278,"date":"2020-11-10T21:19:11","date_gmt":"2020-11-10T21:19:11","guid":{"rendered":"https:\/\/centros.uepb.edu.br\/ccbsa\/?p=7278"},"modified":"2020-11-10T21:22:56","modified_gmt":"2020-11-10T21:22:56","slug":"pesquisador-do-ccbsa-publica-estudo-sobre-a-relacao-entre-os-incendios-florestais-na-amazonia-e-a-emissao-de-carbono","status":"publish","type":"post","link":"https:\/\/centros.uepb.edu.br\/ccbsa\/pesquisador-do-ccbsa-publica-estudo-sobre-a-relacao-entre-os-incendios-florestais-na-amazonia-e-a-emissao-de-carbono\/","title":{"rendered":"Pesquisador do CCBSA publica estudo sobre a rela\u00e7\u00e3o entre os inc\u00eandios florestais na Amaz\u00f4nia e a emiss\u00e3o de carbono"},"content":{"rendered":"<div><a href=\"https:\/\/centros.uepb.edu.br\/ccbsa\/files\/2020\/11\/cleber.floresta.jpg\"><img loading=\"lazy\" decoding=\"async\" class=\"aligncenter size-full wp-image-7285 img-responsive\" src=\"https:\/\/centros.uepb.edu.br\/ccbsa\/files\/2020\/11\/cleber.floresta.jpg\" alt=\"\" width=\"840\" height=\"454\" srcset=\"https:\/\/centros.uepb.edu.br\/ccbsa\/files\/2020\/11\/cleber.floresta.jpg 840w, https:\/\/centros.uepb.edu.br\/ccbsa\/files\/2020\/11\/cleber.floresta-300x162.jpg 300w, https:\/\/centros.uepb.edu.br\/ccbsa\/files\/2020\/11\/cleber.floresta-768x415.jpg 768w, https:\/\/centros.uepb.edu.br\/ccbsa\/files\/2020\/11\/cleber.floresta-370x200.jpg 370w\" sizes=\"auto, (max-width: 840px) 100vw, 840px\" \/><\/a><\/div>\n<div><\/div>\n<p>Um ecossistema \u00fanico e insubstitu\u00edvel, a maior floresta tropical e o sistema fluvial mais extenso do planeta, a Amaz\u00f4nia \u00e9 considerada patrim\u00f4nio mundial, primordial para o bem-estar da humanidade e a sua preserva\u00e7\u00e3o \u00e9 a preocupa\u00e7\u00e3o de pesquisadores de todo o mundo. Recentemente, o pesquisador do curso de Ci\u00eancias Biol\u00f3gicas do C\u00e2mpus V Cleber Ibraim Salimon, em parceria com pesquisadores de outros centros de pesquisa do Brasil e de fora do pa\u00eds, publicou um artigo que discute como as emiss\u00f5es de carbono persistem d\u00e9cadas ap\u00f3s os inc\u00eandios florestais na Amaz\u00f4nia no peri\u00f3dico <em>Environmental Research Letters<\/em>.<\/p>\n<p>O artigo intitulado &#8220;<a href=\"https:\/\/iopscience.iop.org\/article\/10.1088\/1748-9326\/abb62c\">Estimando o d\u00e9ficit de carbono multi-decadal das florestas amaz\u00f4nicas queimadas<\/a>&#8220;, revela parte significativa das emiss\u00f5es de CO2 que ocorrem mesmo ap\u00f3s cessados os inc\u00eandios florestais na Amaz\u00f4nia. Os autores quantificaram temporalmente as emiss\u00f5es resultantes da mortalidade tardia de \u00e1rvores e decomposi\u00e7\u00e3o de madeira morta acumulada ap\u00f3s os inc\u00eandios.<\/p>\n<p>De acordo com o pesquisador Cleber Salimon esta publica\u00e7\u00e3o \u00e9 fruto de pesquisas desenvolvida at\u00e9 pouco tempo na Amaz\u00f4nia. &#8220;A relev\u00e2ncia desta pesquisa diz respeito a ampliarmos nosso conhecimento e aprimorarmos os c\u00e1lculos das emiss\u00f5es de Carbono, uma vez que, at\u00e9 esta publica\u00e7\u00e3o, n\u00e3o se tinha detalhamento de quanto carbono era emitido realmente ap\u00f3s inc\u00eandios florestais (que s\u00e3o diferentes de inc\u00eandios por desmatamento). Temos que refletir que a longo prazo, todo este carbono que vai para atmosfera na forma de gases, aumenta a temperatura da superf\u00edcie do planeta, diminui a quantidade de chuva nos continentes &#8211; e aqui onde j\u00e1 \u00e9 semi\u00e1rido, passar\u00e1 a ser quase \u00e1rido, com graves consequ\u00eancias para os habitantes da regi\u00e3o nordeste do Brasil. O que acontece na Amaz\u00f4nia tem consequ\u00eancias globais&#8221; explica o professor Cleber Salimon.<\/p>\n<p>O docente ainda evidencia a necessidade de ampliar os di\u00e1logos, f\u00f3runs e debates sobre a tem\u00e1tica e adianta que o c\u00e2mpus V da UEPB deve sediar em 2021 um evento com esta finalidade. &#8220;No primeiro semestre do ano que vem (seria agora, mas a COVID19, bagun\u00e7ou tudo), haver\u00e1 um semin\u00e1rio intitulado &#8220;Restaura\u00e7\u00e3o ecossist\u00eamica e adapta\u00e7\u00e3o \u00e0s mudan\u00e7as clim\u00e1ticas&#8221;, que conseguimos aprovar por financiamento da FAPESQ e permitir\u00e1 a vinda de pesquisadores de v\u00e1rias partes do pa\u00eds e do exterior aqui para nosso Campus V para discutirmos esta quest\u00e3o. Este semin\u00e1rio ter\u00e1 como objetivo geral apresentar um panorama sobre temas centrais na \u00e1rea de restaura\u00e7\u00e3o de ecossistemas, seus servi\u00e7os prestados \u00e0 humanidade e os efeitos dos impactos antropog\u00eanicos (tanto na destrui\u00e7\u00e3o de habitats naturais, quanto nas mudan\u00e7as clim\u00e1ticas devido a emiss\u00e3o de gases de efeito estufa)&#8221;, informa o professor Cl\u00e9ber.<\/p>\n<p>Os autores estimam que, 30 anos depois dos inc\u00eandios, as emiss\u00f5es por decomposi\u00e7\u00e3o equivalem a 76% das emiss\u00f5es totais. Isso significa que mesmo depois que os inc\u00eandios florestais na Amaz\u00f4nia s\u00e3o extintos, e as emiss\u00f5es por combust\u00e3o cessam, ainda h\u00e1 uma quantidade expressiva de CO2 que continua sendo liberada para atmosfera por d\u00e9cadas.<\/p>\n<p>At\u00e9 o momento, tamb\u00e9m n\u00e3o se conhecia exatamente quanto dessas emiss\u00f5es seriam anuladas atrav\u00e9s do crescimento da floresta ap\u00f3s os inc\u00eandios. O estudo mostrou que apenas 35% de todas as emiss\u00f5es de CO2 s\u00e3o compensadas atrav\u00e9s da regenera\u00e7\u00e3o parcial da floresta ap\u00f3s o dist\u00farbio causado pelo fogo. O que evidencia a necessidade de prote\u00e7\u00e3o desse bioma.<\/p>\n<p><em><strong>Texto:<\/strong> Juliana Marques<\/em><\/p>\n","protected":false},"excerpt":{"rendered":"<p>Um ecossistema \u00fanico e insubstitu\u00edvel, a maior floresta tropical e o sistema fluvial mais extenso do planeta, a Amaz\u00f4nia \u00e9 considerada patrim\u00f4nio mundial, primordial para o bem-estar da humanidade e a sua preserva\u00e7\u00e3o \u00e9 a preocupa\u00e7\u00e3o de pesquisadores de todo o mundo. Recentemente, o pesquisador do curso de Ci\u00eancias Biol\u00f3gicas do C\u00e2mpus V Cleber Ibraim <a class=\"leiamais\" href=\"https:\/\/centros.uepb.edu.br\/ccbsa\/pesquisador-do-ccbsa-publica-estudo-sobre-a-relacao-entre-os-incendios-florestais-na-amazonia-e-a-emissao-de-carbono\/\">Leia Mais&#8230;<\/a><\/p>\n","protected":false},"author":8,"featured_media":7285,"comment_status":"closed","ping_status":"closed","sticky":false,"template":"","format":"standard","meta":{"footnotes":""},"categories":[3,11],"tags":[],"class_list":["post-7278","post","type-post","status-publish","format-standard","has-post-thumbnail","hentry","category-noticias","category-noticias-destaque-img"],"jetpack_featured_media_url":"https:\/\/centros.uepb.edu.br\/ccbsa\/files\/2020\/11\/cleber.floresta.jpg","_links":{"self":[{"href":"https:\/\/centros.uepb.edu.br\/ccbsa\/wp-json\/wp\/v2\/posts\/7278","targetHints":{"allow":["GET"]}}],"collection":[{"href":"https:\/\/centros.uepb.edu.br\/ccbsa\/wp-json\/wp\/v2\/posts"}],"about":[{"href":"https:\/\/centros.uepb.edu.br\/ccbsa\/wp-json\/wp\/v2\/types\/post"}],"author":[{"embeddable":true,"href":"https:\/\/centros.uepb.edu.br\/ccbsa\/wp-json\/wp\/v2\/users\/8"}],"replies":[{"embeddable":true,"href":"https:\/\/centros.uepb.edu.br\/ccbsa\/wp-json\/wp\/v2\/comments?post=7278"}],"version-history":[{"count":0,"href":"https:\/\/centros.uepb.edu.br\/ccbsa\/wp-json\/wp\/v2\/posts\/7278\/revisions"}],"wp:featuredmedia":[{"embeddable":true,"href":"https:\/\/centros.uepb.edu.br\/ccbsa\/wp-json\/wp\/v2\/media\/7285"}],"wp:attachment":[{"href":"https:\/\/centros.uepb.edu.br\/ccbsa\/wp-json\/wp\/v2\/media?parent=7278"}],"wp:term":[{"taxonomy":"category","embeddable":true,"href":"https:\/\/centros.uepb.edu.br\/ccbsa\/wp-json\/wp\/v2\/categories?post=7278"},{"taxonomy":"post_tag","embeddable":true,"href":"https:\/\/centros.uepb.edu.br\/ccbsa\/wp-json\/wp\/v2\/tags?post=7278"}],"curies":[{"name":"wp","href":"https:\/\/api.w.org\/{rel}","templated":true}]}}