{"id":7259,"date":"2020-11-09T14:21:14","date_gmt":"2020-11-09T14:21:14","guid":{"rendered":"https:\/\/centros.uepb.edu.br\/ccbsa\/?p=7259"},"modified":"2020-11-09T15:04:45","modified_gmt":"2020-11-09T15:04:45","slug":"projeto-sesa-do-campus-v-da-uepb-promove-coloquio-em-parceria-com-grupo-de-pesquisa-da-unirio","status":"publish","type":"post","link":"https:\/\/centros.uepb.edu.br\/ccbsa\/projeto-sesa-do-campus-v-da-uepb-promove-coloquio-em-parceria-com-grupo-de-pesquisa-da-unirio\/","title":{"rendered":"Projeto SESA do C\u00e2mpus V da UEPB promove Col\u00f3quio em parceria com grupo de pesquisa da Unirio"},"content":{"rendered":"\n\t\t<style type=\"text\/css\">\n\t\t\t#gallery-1 {\n\t\t\t\tmargin: auto;\n\t\t\t}\n\t\t\t#gallery-1 .gallery-item {\n\t\t\t\tfloat: left;\n\t\t\t\tmargin-top: 10px;\n\t\t\t\ttext-align: center;\n\t\t\t\twidth: 33%;\n\t\t\t}\n\t\t\t#gallery-1 img {\n\t\t\t\tborder: 2px solid #cfcfcf;\n\t\t\t}\n\t\t\t#gallery-1 .gallery-caption {\n\t\t\t\tmargin-left: 0;\n\t\t\t}\n\t\t\t\/* see gallery_shortcode() in wp-includes\/media.php *\/\n\t\t<\/style>\n\t\t<div id='gallery-1' class='gallery galleryid-7259 gallery-columns-3 gallery-size-full'><dl class='gallery-item'>\n\t\t\t<dt class='gallery-icon landscape'>\n\t\t\t\t<a href='https:\/\/centros.uepb.edu.br\/ccbsa\/files\/2020\/11\/01edc3e4-719a-4bee-81be-4d199595669f.jpg'><img loading=\"lazy\" decoding=\"async\" width=\"840\" height=\"454\" src=\"https:\/\/centros.uepb.edu.br\/ccbsa\/files\/2020\/11\/01edc3e4-719a-4bee-81be-4d199595669f.jpg\" class=\"attachment-full size-full\" alt=\"\" srcset=\"https:\/\/centros.uepb.edu.br\/ccbsa\/files\/2020\/11\/01edc3e4-719a-4bee-81be-4d199595669f.jpg 840w, https:\/\/centros.uepb.edu.br\/ccbsa\/files\/2020\/11\/01edc3e4-719a-4bee-81be-4d199595669f-300x162.jpg 300w, https:\/\/centros.uepb.edu.br\/ccbsa\/files\/2020\/11\/01edc3e4-719a-4bee-81be-4d199595669f-768x415.jpg 768w, https:\/\/centros.uepb.edu.br\/ccbsa\/files\/2020\/11\/01edc3e4-719a-4bee-81be-4d199595669f-370x200.jpg 370w\" sizes=\"auto, (max-width: 840px) 100vw, 840px\" \/><\/a>\n\t\t\t<\/dt><\/dl><dl class='gallery-item'>\n\t\t\t<dt class='gallery-icon landscape'>\n\t\t\t\t<a href='https:\/\/centros.uepb.edu.br\/ccbsa\/files\/2020\/11\/be398a4b-ccec-47bc-8c9e-ca05feeef2b5.jpg'><img loading=\"lazy\" decoding=\"async\" width=\"1280\" height=\"720\" src=\"https:\/\/centros.uepb.edu.br\/ccbsa\/files\/2020\/11\/be398a4b-ccec-47bc-8c9e-ca05feeef2b5.jpg\" class=\"attachment-full size-full\" alt=\"\" srcset=\"https:\/\/centros.uepb.edu.br\/ccbsa\/files\/2020\/11\/be398a4b-ccec-47bc-8c9e-ca05feeef2b5.jpg 1280w, https:\/\/centros.uepb.edu.br\/ccbsa\/files\/2020\/11\/be398a4b-ccec-47bc-8c9e-ca05feeef2b5-300x169.jpg 300w, https:\/\/centros.uepb.edu.br\/ccbsa\/files\/2020\/11\/be398a4b-ccec-47bc-8c9e-ca05feeef2b5-1024x576.jpg 1024w, https:\/\/centros.uepb.edu.br\/ccbsa\/files\/2020\/11\/be398a4b-ccec-47bc-8c9e-ca05feeef2b5-768x432.jpg 768w, https:\/\/centros.uepb.edu.br\/ccbsa\/files\/2020\/11\/be398a4b-ccec-47bc-8c9e-ca05feeef2b5-370x208.jpg 370w, https:\/\/centros.uepb.edu.br\/ccbsa\/files\/2020\/11\/be398a4b-ccec-47bc-8c9e-ca05feeef2b5-840x473.jpg 840w\" sizes=\"auto, (max-width: 1280px) 100vw, 1280px\" \/><\/a>\n\t\t\t<\/dt><\/dl><dl class='gallery-item'>\n\t\t\t<dt class='gallery-icon landscape'>\n\t\t\t\t<a href='https:\/\/centros.uepb.edu.br\/ccbsa\/files\/2020\/11\/d4845c03-33c7-4b24-ab70-7590ea154def.jpg'><img loading=\"lazy\" decoding=\"async\" width=\"1280\" height=\"720\" src=\"https:\/\/centros.uepb.edu.br\/ccbsa\/files\/2020\/11\/d4845c03-33c7-4b24-ab70-7590ea154def.jpg\" class=\"attachment-full size-full\" alt=\"\" srcset=\"https:\/\/centros.uepb.edu.br\/ccbsa\/files\/2020\/11\/d4845c03-33c7-4b24-ab70-7590ea154def.jpg 1280w, https:\/\/centros.uepb.edu.br\/ccbsa\/files\/2020\/11\/d4845c03-33c7-4b24-ab70-7590ea154def-300x169.jpg 300w, https:\/\/centros.uepb.edu.br\/ccbsa\/files\/2020\/11\/d4845c03-33c7-4b24-ab70-7590ea154def-1024x576.jpg 1024w, https:\/\/centros.uepb.edu.br\/ccbsa\/files\/2020\/11\/d4845c03-33c7-4b24-ab70-7590ea154def-768x432.jpg 768w, https:\/\/centros.uepb.edu.br\/ccbsa\/files\/2020\/11\/d4845c03-33c7-4b24-ab70-7590ea154def-370x208.jpg 370w, https:\/\/centros.uepb.edu.br\/ccbsa\/files\/2020\/11\/d4845c03-33c7-4b24-ab70-7590ea154def-840x473.jpg 840w\" sizes=\"auto, (max-width: 1280px) 100vw, 1280px\" \/><\/a>\n\t\t\t<\/dt><\/dl><br style=\"clear: both\" \/>\n\t\t<\/div>\n\n<p>&nbsp;<\/p>\n<p>Seguindo a vertente de coopera\u00e7\u00e3o acad\u00eamica, uma de suas linhas de atua\u00e7\u00e3o, o Semin\u00e1rio de Saberes Arquiv\u00edsticos (SESA), que \u00e9 um programa vinculado ao curso de Arquivologia do C\u00e2mpus V da Universidade Estadual da Para\u00edba (UEPB), promove, em parceria com o grupo de pesquisa Registros Visuais e Sonoros: Arquivo e Mem\u00f3ria (REVIS-ARQ), da Universidade Federal do Estado do Rio de Janeiro (Unirio), no dia 12 de novembro, nos turnos da manh\u00e3 e tarde, por meio do<a href=\"https:\/\/www.youtube.com\/channel\/UCR1kqth0_BPWXMGtoP9ID_Q\"> canal do programa no Youtube<\/a>, a 4\u00aa edi\u00e7\u00e3o do Col\u00f3quio REVIS-ARQ.<\/p>\n<p>O evento se apresenta como espa\u00e7o de interc\u00e2mbio cient\u00edfico-cultural entre discentes, profissionais e docentes da \u00e1rea, atrav\u00e9s da troca de experi\u00eancias e conhecimento entre os participantes. \u00c9 baseado em mesas de debates, espa\u00e7os de forma\u00e7\u00e3o e aprofundamento dos conhecimentos com troca de conceitos, express\u00f5es e experi\u00eancias dos participantes para a constru\u00e7\u00e3o coletiva de ideias em torno do tema proposto. Em cada mesa participam palestrantes, convidados e especializados na \u00e1rea com apresenta\u00e7\u00e3o de resultados de suas pesquisas.<\/p>\n<p>A programa\u00e7\u00e3o conta com a participa\u00e7\u00e3o de pesquisadores consagrados na Arquivologia do Brasil e de Portugal que discutem temas como: marketing da informa\u00e7\u00e3o, a representa\u00e7\u00e3o dos objetos de conte\u00fado, a arquivologia e o desafio da transdisciplinaridade, documentos audiovisuais no campo arquiv\u00edstico, dentre outros.<\/p>\n<p>As inscri\u00e7\u00f5es para ouvintes s\u00e3o gratuitas e podem ser realizadas na <a href=\"https:\/\/doity.com.br\/iv-revis-arq\/inscricao\">p\u00e1gina do evento<\/a>.<\/p>\n<p>Outras informa\u00e7\u00f5es: <a href=\"https:\/\/sites.google.com\/view\/projetosesa\/home?authuser=1\">https:\/\/sites.google.com\/view\/projetosesa\/home?authuser=1<\/a><\/p>\n<p><em>Texto: Juliana Marques<\/em><\/p>\n<p><em>Artes: Evelly Cabral (Equipe SESA)<\/em><\/p>\n","protected":false},"excerpt":{"rendered":"<p>&nbsp; Seguindo a vertente de coopera\u00e7\u00e3o acad\u00eamica, uma de suas linhas de atua\u00e7\u00e3o, o Semin\u00e1rio de Saberes Arquiv\u00edsticos (SESA), que \u00e9 um programa vinculado ao curso de Arquivologia do C\u00e2mpus V da Universidade Estadual da Para\u00edba (UEPB), promove, em parceria com o grupo de pesquisa Registros Visuais e Sonoros: Arquivo e Mem\u00f3ria (REVIS-ARQ), da Universidade <a class=\"leiamais\" href=\"https:\/\/centros.uepb.edu.br\/ccbsa\/projeto-sesa-do-campus-v-da-uepb-promove-coloquio-em-parceria-com-grupo-de-pesquisa-da-unirio\/\">Leia Mais&#8230;<\/a><\/p>\n","protected":false},"author":8,"featured_media":7262,"comment_status":"closed","ping_status":"closed","sticky":false,"template":"","format":"standard","meta":{"footnotes":""},"categories":[3,11],"tags":[],"class_list":["post-7259","post","type-post","status-publish","format-standard","has-post-thumbnail","hentry","category-noticias","category-noticias-destaque-img"],"jetpack_featured_media_url":"https:\/\/centros.uepb.edu.br\/ccbsa\/files\/2020\/11\/01edc3e4-719a-4bee-81be-4d199595669f.jpg","_links":{"self":[{"href":"https:\/\/centros.uepb.edu.br\/ccbsa\/wp-json\/wp\/v2\/posts\/7259","targetHints":{"allow":["GET"]}}],"collection":[{"href":"https:\/\/centros.uepb.edu.br\/ccbsa\/wp-json\/wp\/v2\/posts"}],"about":[{"href":"https:\/\/centros.uepb.edu.br\/ccbsa\/wp-json\/wp\/v2\/types\/post"}],"author":[{"embeddable":true,"href":"https:\/\/centros.uepb.edu.br\/ccbsa\/wp-json\/wp\/v2\/users\/8"}],"replies":[{"embeddable":true,"href":"https:\/\/centros.uepb.edu.br\/ccbsa\/wp-json\/wp\/v2\/comments?post=7259"}],"version-history":[{"count":0,"href":"https:\/\/centros.uepb.edu.br\/ccbsa\/wp-json\/wp\/v2\/posts\/7259\/revisions"}],"wp:featuredmedia":[{"embeddable":true,"href":"https:\/\/centros.uepb.edu.br\/ccbsa\/wp-json\/wp\/v2\/media\/7262"}],"wp:attachment":[{"href":"https:\/\/centros.uepb.edu.br\/ccbsa\/wp-json\/wp\/v2\/media?parent=7259"}],"wp:term":[{"taxonomy":"category","embeddable":true,"href":"https:\/\/centros.uepb.edu.br\/ccbsa\/wp-json\/wp\/v2\/categories?post=7259"},{"taxonomy":"post_tag","embeddable":true,"href":"https:\/\/centros.uepb.edu.br\/ccbsa\/wp-json\/wp\/v2\/tags?post=7259"}],"curies":[{"name":"wp","href":"https:\/\/api.w.org\/{rel}","templated":true}]}}