{"id":7232,"date":"2020-10-27T18:18:47","date_gmt":"2020-10-27T18:18:47","guid":{"rendered":"https:\/\/centros.uepb.edu.br\/ccbsa\/?p=7232"},"modified":"2020-10-27T18:37:28","modified_gmt":"2020-10-27T18:37:28","slug":"professor-do-campus-v-e-convidado-para-ser-editor-de-importante-revista-cientifica-com-destaque-nas-areas-de-farmacia-e-quimica","status":"publish","type":"post","link":"https:\/\/centros.uepb.edu.br\/ccbsa\/professor-do-campus-v-e-convidado-para-ser-editor-de-importante-revista-cientifica-com-destaque-nas-areas-de-farmacia-e-quimica\/","title":{"rendered":"Professor do campus V \u00e9 convidado para ser editor de importante revista cient\u00edfica com destaque nas \u00e1reas de farm\u00e1cia e qu\u00edmica"},"content":{"rendered":"\n\t\t<style type=\"text\/css\">\n\t\t\t#gallery-1 {\n\t\t\t\tmargin: auto;\n\t\t\t}\n\t\t\t#gallery-1 .gallery-item {\n\t\t\t\tfloat: left;\n\t\t\t\tmargin-top: 10px;\n\t\t\t\ttext-align: center;\n\t\t\t\twidth: 33%;\n\t\t\t}\n\t\t\t#gallery-1 img {\n\t\t\t\tborder: 2px solid #cfcfcf;\n\t\t\t}\n\t\t\t#gallery-1 .gallery-caption {\n\t\t\t\tmargin-left: 0;\n\t\t\t}\n\t\t\t\/* see gallery_shortcode() in wp-includes\/media.php *\/\n\t\t<\/style>\n\t\t<div id='gallery-1' class='gallery galleryid-7232 gallery-columns-3 gallery-size-full'><dl class='gallery-item'>\n\t\t\t<dt class='gallery-icon landscape'>\n\t\t\t\t<a href='https:\/\/centros.uepb.edu.br\/ccbsa\/files\/2020\/10\/IMG_4896-16.jpg'><img loading=\"lazy\" decoding=\"async\" width=\"840\" height=\"454\" src=\"https:\/\/centros.uepb.edu.br\/ccbsa\/files\/2020\/10\/IMG_4896-16.jpg\" class=\"attachment-full size-full\" alt=\"\" srcset=\"https:\/\/centros.uepb.edu.br\/ccbsa\/files\/2020\/10\/IMG_4896-16.jpg 840w, https:\/\/centros.uepb.edu.br\/ccbsa\/files\/2020\/10\/IMG_4896-16-300x162.jpg 300w, https:\/\/centros.uepb.edu.br\/ccbsa\/files\/2020\/10\/IMG_4896-16-768x415.jpg 768w, https:\/\/centros.uepb.edu.br\/ccbsa\/files\/2020\/10\/IMG_4896-16-370x200.jpg 370w\" sizes=\"auto, (max-width: 840px) 100vw, 840px\" \/><\/a>\n\t\t\t<\/dt><\/dl><dl class='gallery-item'>\n\t\t\t<dt class='gallery-icon landscape'>\n\t\t\t\t<a href='https:\/\/centros.uepb.edu.br\/ccbsa\/files\/2020\/10\/unnamed-2.jpg'><img loading=\"lazy\" decoding=\"async\" width=\"840\" height=\"454\" src=\"https:\/\/centros.uepb.edu.br\/ccbsa\/files\/2020\/10\/unnamed-2.jpg\" class=\"attachment-full size-full\" alt=\"\" srcset=\"https:\/\/centros.uepb.edu.br\/ccbsa\/files\/2020\/10\/unnamed-2.jpg 840w, https:\/\/centros.uepb.edu.br\/ccbsa\/files\/2020\/10\/unnamed-2-300x162.jpg 300w, https:\/\/centros.uepb.edu.br\/ccbsa\/files\/2020\/10\/unnamed-2-768x415.jpg 768w, https:\/\/centros.uepb.edu.br\/ccbsa\/files\/2020\/10\/unnamed-2-370x200.jpg 370w\" sizes=\"auto, (max-width: 840px) 100vw, 840px\" \/><\/a>\n\t\t\t<\/dt><\/dl>\n\t\t\t<br style='clear: both' \/>\n\t\t<\/div>\n\n<p>Com destaque nas \u00e1reas de ensino, pesquisa e extens\u00e3o o pesquisador do C\u00e2mpus V da Universidade Estadual da Para\u00edba (UEPB) Francisco Jaime Mendon\u00e7a Junior acaba de ser convidado para atuar por mais um ano como editor chefe de um volume especial do renomado peri\u00f3dico <em>Oxidative Medicine and Cellular Longevity<\/em> (OMCL), publicado pela editora Hindawi. Al\u00e9m da coordena\u00e7\u00e3o do docente, compuseram a equipe de editores os professores da Universidade Federal da Para\u00edba (UFPB), Luciana Scotti e Marcus Tullius Scotti, o propriet\u00e1rio da empresa Eminet Biosciences, o indiano Anuraj Nayarisserri, e o professor russo da Universidade da Carolina do Norte\/EUA, Eugene Muratov.<\/p>\n<p>Professor Francisco Jaime, que \u00e9 bolsista de Produtividade em Pesquisa pelo CNPq, explica que a revista OMCL, com fator de impacto (FI) 5,07 faz parte de um grupo seleto de revistas classificadas pela CAPES com Qualis A1, que representa as revistas com maior impacto nas \u00e1reas da Farm\u00e1cia e Qu\u00edmica.<\/p>\n<p>&#8220;Em 2019 eu mandei a proposta dessa edi\u00e7\u00e3o e foi um sucesso. A partir disso, o editor me convidou para organizar um volume anual para eles. Este ano de 2020 publicamos mais uma edi\u00e7\u00e3o e a perspectiva \u00e9 que nos pr\u00f3ximos 3 anos eu esteja a frente das outras edi\u00e7\u00f5es especiais com a mesma tem\u00e1tica: &#8216;Natural Bioactive Products with Antioxidant Properties Useful in Neurodegenerative Diseases&#8217;. Isso \u00e9 fruto de anos e anos de trabalho. S\u00f3 na UEPB s\u00e3o quase15 anos dedicados \u00e0 pesquisa, com uma m\u00e9dia de 10 artigos publicados por ano, ou seja uma centena de artigos publicados enquanto docente da UEPB em peri\u00f3dicos de alto fator de impacto na \u00e1rea. Ent\u00e3o \u00e9 um trabalho que vai sendo reconhecido pouco a pouco&#8221;, avalia o professor Francisco Jaime.<\/p>\n<p>O tema do volume foi &#8220;<a href=\"https:\/\/www.hindawi.com\/journals\/omcl\/si\/528634\/\">Natural Bioactive Products with antioxidante Properties useful in Neurodegenerative diseases 2020<\/a>&#8221; e contemplou artigos com tema voltado para o uso de plantas com potencial para o tratamento de doen\u00e7as neurodegenerativas, como Parkinson, Alzheimer, esclerose lateral amiotr\u00f3fica e esclerose m\u00faltipla. O volume consta de 18 artigos, publicados por pesquisadores do Brasil, China, \u00c1frica do Sul, Su\u00ed\u00e7a, Pol\u00f4nia, M\u00e9xico, Croacia, Egito, Estados Unidos da Am\u00e9rica, Tun\u00edsia e \u00cdndia. A \u00edntegra dessa edi\u00e7\u00e3o, pode ser encontrada no <a href=\"https:\/\/www.hindawi.com\/journals\/omcl\/si\/528634\/\">endere\u00e7o eletr\u00f4nico do per\u00edodico<\/a>. Todos artigos publicados foram avaliados por consultores independentes que n\u00e3o podem possuir nenhuma rela\u00e7\u00e3o com nenhum dos autores.<\/p>\n<p>Professor Francisco Jaime foi o autor principal de um dos artigos que trata da sele\u00e7\u00e3o de lignanas (classe de mol\u00e9culas que existem em algumas plantas) que possam ser \u00fateis para o tratamento de Alzheimer. E o professor Ricardo Ol\u00edmpio de Moura, conjuntamente com o pesquisador Jo\u00e3o Oshiro, ambos do programa de p\u00f3s-gradua\u00e7\u00e3o de Ci\u00eancias Farmac\u00eauticas da UEPB publicaram uma atualiza\u00e7\u00e3o do uso de subst\u00e2ncias produzidas pelas plantas que tem alguma efic\u00e1cia para o tratamento da Esclerose Lateral Amiotr\u00f3fica.<\/p>\n<p><em><strong>Texto e fotos<\/strong>: Juliana Marques<\/em><\/p>\n<p>&nbsp;<\/p>\n<p>&nbsp;<\/p>\n<p>&nbsp;<\/p>\n<p>&nbsp;<\/p>\n<p>&nbsp;<\/p>\n<p>&nbsp;<\/p>\n<p>&nbsp;<\/p>\n","protected":false},"excerpt":{"rendered":"<p>Com destaque nas \u00e1reas de ensino, pesquisa e extens\u00e3o o pesquisador do C\u00e2mpus V da Universidade Estadual da Para\u00edba (UEPB) Francisco Jaime Mendon\u00e7a Junior acaba de ser convidado para atuar por mais um ano como editor chefe de um volume especial do renomado peri\u00f3dico Oxidative Medicine and Cellular Longevity (OMCL), publicado pela editora Hindawi. Al\u00e9m <a class=\"leiamais\" href=\"https:\/\/centros.uepb.edu.br\/ccbsa\/professor-do-campus-v-e-convidado-para-ser-editor-de-importante-revista-cientifica-com-destaque-nas-areas-de-farmacia-e-quimica\/\">Leia Mais&#8230;<\/a><\/p>\n","protected":false},"author":8,"featured_media":7239,"comment_status":"closed","ping_status":"closed","sticky":false,"template":"","format":"standard","meta":{"footnotes":""},"categories":[3,11],"tags":[],"class_list":["post-7232","post","type-post","status-publish","format-standard","has-post-thumbnail","hentry","category-noticias","category-noticias-destaque-img"],"jetpack_featured_media_url":"https:\/\/centros.uepb.edu.br\/ccbsa\/files\/2020\/10\/unnamed-2.jpg","_links":{"self":[{"href":"https:\/\/centros.uepb.edu.br\/ccbsa\/wp-json\/wp\/v2\/posts\/7232","targetHints":{"allow":["GET"]}}],"collection":[{"href":"https:\/\/centros.uepb.edu.br\/ccbsa\/wp-json\/wp\/v2\/posts"}],"about":[{"href":"https:\/\/centros.uepb.edu.br\/ccbsa\/wp-json\/wp\/v2\/types\/post"}],"author":[{"embeddable":true,"href":"https:\/\/centros.uepb.edu.br\/ccbsa\/wp-json\/wp\/v2\/users\/8"}],"replies":[{"embeddable":true,"href":"https:\/\/centros.uepb.edu.br\/ccbsa\/wp-json\/wp\/v2\/comments?post=7232"}],"version-history":[{"count":0,"href":"https:\/\/centros.uepb.edu.br\/ccbsa\/wp-json\/wp\/v2\/posts\/7232\/revisions"}],"wp:featuredmedia":[{"embeddable":true,"href":"https:\/\/centros.uepb.edu.br\/ccbsa\/wp-json\/wp\/v2\/media\/7239"}],"wp:attachment":[{"href":"https:\/\/centros.uepb.edu.br\/ccbsa\/wp-json\/wp\/v2\/media?parent=7232"}],"wp:term":[{"taxonomy":"category","embeddable":true,"href":"https:\/\/centros.uepb.edu.br\/ccbsa\/wp-json\/wp\/v2\/categories?post=7232"},{"taxonomy":"post_tag","embeddable":true,"href":"https:\/\/centros.uepb.edu.br\/ccbsa\/wp-json\/wp\/v2\/tags?post=7232"}],"curies":[{"name":"wp","href":"https:\/\/api.w.org\/{rel}","templated":true}]}}