{"id":7229,"date":"2020-10-26T19:43:37","date_gmt":"2020-10-26T19:43:37","guid":{"rendered":"https:\/\/centros.uepb.edu.br\/ccbsa\/?p=7229"},"modified":"2020-10-26T19:43:37","modified_gmt":"2020-10-26T19:43:37","slug":"estudante-do-curso-de-relacoes-internacionais-participa-de-previa-da-cupula-latino-americana-de-meio-ambiente","status":"publish","type":"post","link":"https:\/\/centros.uepb.edu.br\/ccbsa\/estudante-do-curso-de-relacoes-internacionais-participa-de-previa-da-cupula-latino-americana-de-meio-ambiente\/","title":{"rendered":"Estudante do curso de Rela\u00e7\u00f5es Internacionais participa de pr\u00e9via da C\u00fapula Latino-americana de Meio Ambiente"},"content":{"rendered":"<p><a href=\"https:\/\/centros.uepb.edu.br\/ccbsa\/files\/2020\/10\/C\u00daPULA-MEIO-AMBIENTE.png\"><img loading=\"lazy\" decoding=\"async\" class=\"aligncenter size-full wp-image-7230 img-responsive\" src=\"https:\/\/centros.uepb.edu.br\/ccbsa\/files\/2020\/10\/C\u00daPULA-MEIO-AMBIENTE.png\" alt=\"\" width=\"840\" height=\"454\" srcset=\"https:\/\/centros.uepb.edu.br\/ccbsa\/files\/2020\/10\/C\u00daPULA-MEIO-AMBIENTE.png 840w, https:\/\/centros.uepb.edu.br\/ccbsa\/files\/2020\/10\/C\u00daPULA-MEIO-AMBIENTE-300x162.png 300w, https:\/\/centros.uepb.edu.br\/ccbsa\/files\/2020\/10\/C\u00daPULA-MEIO-AMBIENTE-768x415.png 768w, https:\/\/centros.uepb.edu.br\/ccbsa\/files\/2020\/10\/C\u00daPULA-MEIO-AMBIENTE-370x200.png 370w\" sizes=\"auto, (max-width: 840px) 100vw, 840px\" \/><\/a><\/p>\n<p>Com o objetivo de discutir a sustentabilidade dos pa\u00edses Latino-americanos e fortalecer a rede de estudantes dessa regi\u00e3o, tiveram in\u00edcio, de forma remota, as atividades que integram a Terceira C\u00fapula Ambiental de Estudantes da Am\u00e9rica Latina. O evento, que contou com uma pr\u00e9via realizada nos dias 8, 15 e 22 de outubro de 2020, ocorrer\u00e1 presencialmente em 2021, em Buenos Aires, na Argentina, organizado pela Faculdade de Agronomia de Buenos Aires (FAUBA), e conta com a participa\u00e7\u00e3o do estudante do 6\u00ba per\u00edodo de Rela\u00e7\u00f5es Internacionais da Universidade Estadual da Para\u00edba (UEPB), Lucas Samuel da Silva. Al\u00e9m dele, foi selecionado para o evento internacional, o aluno Emanuel J\u00fanior Silva Soares, do Curso de Engenharia Sanit\u00e1ria e Ambiental, localizado no C\u00e2mpus I da UEPB em Campina Grande.<\/p>\n<p>Segundo Lucas Samuel, que foi escolhido para ser delegado durante a c\u00fapula, representando a UEPB e o Brasil nas atividades, durante o evento foram discutidos temas como: Educa\u00e7\u00e3o ambiental; Agroecologia; Mudan\u00e7as clim\u00e1ticas; Ecofeminismo; Movimentos de cidad\u00e3os em prol do meio ambiente e algumas reflex\u00f5es sobre o cen\u00e1rio p\u00f3s-pandemia relacionado \u00e0 quest\u00e3o do meio ambiente.<\/p>\n<p>&#8220;Foi enriquecedor todo o conhecimento adquirido durante a C\u00fapula ao ouvir especialistas de v\u00e1rios pa\u00edses ter contato com os projetos que est\u00e3o sendo desenvolvidos e aplicados para preservar o Meio ambiente na Am\u00e9rica Latina. A confer\u00eancia que mais me interessou foi a intitulada: &#8220;Educa\u00e7\u00e3o ambiental&#8221;, pois acredito que somente uma educa\u00e7\u00e3o voltada para a preserva\u00e7\u00e3o do meio ambiente pode construir e difundir pensamentos cr\u00edticos que podem se tornar a\u00e7\u00f5es potenciais voltadas para o desenvolvimento sustent\u00e1vel em busca de um futuro mais justo, equilibrado e igualit\u00e1rio. Mas para tal \u00e9 preciso se perguntar: se continuarmos destruindo nosso lar, o planeta Terra, onde iremos habitar?&#8221;, reflete Lucas.<\/p>\n<p>Durante a c\u00fapula Lucas Samuel apresentou o projeto de extens\u00e3o \u201cREUTILIZA: Desenvolvendo o consumo consciente e a Economia Criativa para o alcance dos Objetivos de Desenvolvimento Sustent\u00e1vel \u201d, que est\u00e1 sendo desenvolvido no C\u00e2mpus V da UEPB, tendo como coordenadora a professora Lucila Vilhena e cujas a\u00e7\u00f5es est\u00e3o alinhadas aos diversos temas discutidos na C\u00fapula de Meio Ambiente.<\/p>\n<p dir=\"ltr\">&#8220;O projeto de extens\u00e3o se adentra na esfera da Sustentabilidade alinhada com o Empreendedorismo. \u00c9 importante demonstrar que a tecnologia \u00e9 uma aliada para o alcance dos Objetivos de Desenvolvimento Sustent\u00e1vel (ODS), e que, sem ela, estaremos fadados ao insucesso na implementa\u00e7\u00e3o da necess\u00e1ria Agenda 2030 e, consequentemente, perderemos uma grande oportunidade de construir uma sociedade mais justa, igualit\u00e1ria e sustent\u00e1vel&#8221;, avalia o estudante.<\/p>\n<p dir=\"ltr\">A professora Lucila Vilhena destaca a import\u00e2ncia de se desenvolver a discuss\u00e3o sobre meio ambiente, sustentabilidade e consumo consciente, sobretudo, entre os mais jovens. &#8220;Precisamos de um protagonismo juvenil para buscar solu\u00e7\u00f5es de problemas essenciais que ter\u00e3o impacto direto nas gera\u00e7\u00f5es futuras, ent\u00e3o trazer a vis\u00e3o do jovem e despertar o seu interesse para essa discuss\u00e3o \u00e9 urgente. Nesse sentido, temos atuado com o reutiliza, que \u00e9 desenvolvido\u00a0desde o in\u00edcio desse ano, e, apesar das dificuldades com a pandemia, estamos tentando avan\u00e7ar na medida do poss\u00edvel. O projeto envolve alunos, t\u00e9cnicos e professores e se concentra nas \u00e1reas de rela\u00e7\u00f5es internacionais e ci\u00eancias da computa\u00e7\u00e3o. Seu objetivo \u00e9 desenvolver uma plataforma que vai permitir a troca de produtos (novos e usados) ou servi\u00e7os entre a comunidade acad\u00eamica, com isso esperamos estimular o consumo Consciente e a economia circular&#8221; avalia a docente.<\/p>\n<p dir=\"ltr\">O estudante Lucas Samuel que atua no projeto REUTILIZA esclarece que o objetivo do referido projeto \u00e9\u00a0criar uma empresa startup. &#8220;Est\u00e1 sendo desenvolvido um aplicativo e um site de nome REUTILIZA onde os consumidores poder\u00e3o, ap\u00f3s a realiza\u00e7\u00e3o de um cadastro pr\u00e9vio, anunciar bens (novos ou usados) de que disponham e\/ou servi\u00e7os que possam oferecer aos demais usu\u00e1rios, com a finalidade de efetuar trocas por outros bens ou servi\u00e7os de igual valor. \u00c9 uma esp\u00e9cie de escambo moderno, j\u00e1 que utiliza plataformas digitais. Na REUTILIZA, uma pessoa poder\u00e1 anunciar bens e\/ou servi\u00e7os nos moldes do que j\u00e1 existe em outras plataformas como Mercado Livre, OLX, entre outros, s\u00f3 que ao inv\u00e9s de o interessado comprar um produto ou adquirir um servi\u00e7o, ele vai trocar por outro produto ou servi\u00e7o de igual valor, o que ser\u00e1 combinado entre os interessados num chat aberto dentro da plataforma&#8221;, explica.<\/p>\n<p><strong>C\u00fapula Ambiental de Estudantes da Am\u00e9rica Latina<\/strong><\/p>\n<p>A Word Student Environmental Network (WSEN) surgiu em 2008 no Jap\u00e3o, como uma forma de conectar estudantes de todo o mundo comprometidos com a transforma\u00e7\u00e3o de suas universidades. A principal miss\u00e3o \u00e9 ser um centro de refer\u00eancia mundial para apoiar as iniciativas criativas dos alunos para a incorpora\u00e7\u00e3o da sustentabilidade nos sistemas de ensino superior a n\u00edvel local, nacional e internacional. O evento tem como objetivo aprofundar os debates sobre o meio ambiente ao trazer uma perspectiva latino-americana, convocando estudantes da Am\u00e9rica Latina para ser protagonistas de um futuro mais sustent\u00e1vel por meio da elabora\u00e7\u00e3o e aplica\u00e7\u00e3o de seus projetos ambientais.<\/p>\n<p dir=\"ltr\"><em><strong>Texto:<\/strong> Juliana Marques<\/em><\/p>\n","protected":false},"excerpt":{"rendered":"<p>Com o objetivo de discutir a sustentabilidade dos pa\u00edses Latino-americanos e fortalecer a rede de estudantes dessa regi\u00e3o, tiveram in\u00edcio, de forma remota, as atividades que integram a Terceira C\u00fapula Ambiental de Estudantes da Am\u00e9rica Latina. O evento, que contou com uma pr\u00e9via realizada nos dias 8, 15 e 22 de outubro de 2020, ocorrer\u00e1 <a class=\"leiamais\" href=\"https:\/\/centros.uepb.edu.br\/ccbsa\/estudante-do-curso-de-relacoes-internacionais-participa-de-previa-da-cupula-latino-americana-de-meio-ambiente\/\">Leia Mais&#8230;<\/a><\/p>\n","protected":false},"author":8,"featured_media":7230,"comment_status":"closed","ping_status":"closed","sticky":false,"template":"","format":"standard","meta":{"footnotes":""},"categories":[3,11],"tags":[],"class_list":["post-7229","post","type-post","status-publish","format-standard","has-post-thumbnail","hentry","category-noticias","category-noticias-destaque-img"],"jetpack_featured_media_url":"https:\/\/centros.uepb.edu.br\/ccbsa\/files\/2020\/10\/C\u00daPULA-MEIO-AMBIENTE.png","_links":{"self":[{"href":"https:\/\/centros.uepb.edu.br\/ccbsa\/wp-json\/wp\/v2\/posts\/7229","targetHints":{"allow":["GET"]}}],"collection":[{"href":"https:\/\/centros.uepb.edu.br\/ccbsa\/wp-json\/wp\/v2\/posts"}],"about":[{"href":"https:\/\/centros.uepb.edu.br\/ccbsa\/wp-json\/wp\/v2\/types\/post"}],"author":[{"embeddable":true,"href":"https:\/\/centros.uepb.edu.br\/ccbsa\/wp-json\/wp\/v2\/users\/8"}],"replies":[{"embeddable":true,"href":"https:\/\/centros.uepb.edu.br\/ccbsa\/wp-json\/wp\/v2\/comments?post=7229"}],"version-history":[{"count":0,"href":"https:\/\/centros.uepb.edu.br\/ccbsa\/wp-json\/wp\/v2\/posts\/7229\/revisions"}],"wp:featuredmedia":[{"embeddable":true,"href":"https:\/\/centros.uepb.edu.br\/ccbsa\/wp-json\/wp\/v2\/media\/7230"}],"wp:attachment":[{"href":"https:\/\/centros.uepb.edu.br\/ccbsa\/wp-json\/wp\/v2\/media?parent=7229"}],"wp:term":[{"taxonomy":"category","embeddable":true,"href":"https:\/\/centros.uepb.edu.br\/ccbsa\/wp-json\/wp\/v2\/categories?post=7229"},{"taxonomy":"post_tag","embeddable":true,"href":"https:\/\/centros.uepb.edu.br\/ccbsa\/wp-json\/wp\/v2\/tags?post=7229"}],"curies":[{"name":"wp","href":"https:\/\/api.w.org\/{rel}","templated":true}]}}