{"id":7207,"date":"2020-10-19T13:05:52","date_gmt":"2020-10-19T13:05:52","guid":{"rendered":"https:\/\/centros.uepb.edu.br\/ccbsa\/?p=7207"},"modified":"2020-10-19T13:05:52","modified_gmt":"2020-10-19T13:05:52","slug":"curso-de-arquivologia-da-uepb-promove-programacao-remota-alusiva-ao-dia-do-arquivista","status":"publish","type":"post","link":"https:\/\/centros.uepb.edu.br\/ccbsa\/curso-de-arquivologia-da-uepb-promove-programacao-remota-alusiva-ao-dia-do-arquivista\/","title":{"rendered":"Curso de Arquivologia da UEPB promove programa\u00e7\u00e3o remota alusiva ao dia do arquivista"},"content":{"rendered":"\n\t\t<style type=\"text\/css\">\n\t\t\t#gallery-1 {\n\t\t\t\tmargin: auto;\n\t\t\t}\n\t\t\t#gallery-1 .gallery-item {\n\t\t\t\tfloat: left;\n\t\t\t\tmargin-top: 10px;\n\t\t\t\ttext-align: center;\n\t\t\t\twidth: 33%;\n\t\t\t}\n\t\t\t#gallery-1 img {\n\t\t\t\tborder: 2px solid #cfcfcf;\n\t\t\t}\n\t\t\t#gallery-1 .gallery-caption {\n\t\t\t\tmargin-left: 0;\n\t\t\t}\n\t\t\t\/* see gallery_shortcode() in wp-includes\/media.php *\/\n\t\t<\/style>\n\t\t<div id='gallery-1' class='gallery galleryid-7207 gallery-columns-3 gallery-size-full'><dl class='gallery-item'>\n\t\t\t<dt class='gallery-icon landscape'>\n\t\t\t\t<a href='https:\/\/centros.uepb.edu.br\/ccbsa\/curso-de-arquivologia-da-uepb-promove-programacao-remota-alusiva-ao-dia-do-arquivista\/whatsapp-image-2020-10-17-at-22-06-44-1\/'><img loading=\"lazy\" decoding=\"async\" width=\"840\" height=\"454\" src=\"https:\/\/centros.uepb.edu.br\/ccbsa\/files\/2020\/10\/WhatsApp-Image-2020-10-17-at-22.06.44-1.jpg\" class=\"attachment-full size-full\" alt=\"\" srcset=\"https:\/\/centros.uepb.edu.br\/ccbsa\/files\/2020\/10\/WhatsApp-Image-2020-10-17-at-22.06.44-1.jpg 840w, https:\/\/centros.uepb.edu.br\/ccbsa\/files\/2020\/10\/WhatsApp-Image-2020-10-17-at-22.06.44-1-300x162.jpg 300w, https:\/\/centros.uepb.edu.br\/ccbsa\/files\/2020\/10\/WhatsApp-Image-2020-10-17-at-22.06.44-1-768x415.jpg 768w, https:\/\/centros.uepb.edu.br\/ccbsa\/files\/2020\/10\/WhatsApp-Image-2020-10-17-at-22.06.44-1-370x200.jpg 370w\" sizes=\"auto, (max-width: 840px) 100vw, 840px\" \/><\/a>\n\t\t\t<\/dt><\/dl><dl class='gallery-item'>\n\t\t\t<dt class='gallery-icon landscape'>\n\t\t\t\t<a href='https:\/\/centros.uepb.edu.br\/ccbsa\/curso-de-arquivologia-da-uepb-promove-programacao-remota-alusiva-ao-dia-do-arquivista\/whatsapp-image-2020-10-17-at-22-06-45\/'><img loading=\"lazy\" decoding=\"async\" width=\"1280\" height=\"720\" src=\"https:\/\/centros.uepb.edu.br\/ccbsa\/files\/2020\/10\/WhatsApp-Image-2020-10-17-at-22.06.45.jpeg\" class=\"attachment-full size-full\" alt=\"\" srcset=\"https:\/\/centros.uepb.edu.br\/ccbsa\/files\/2020\/10\/WhatsApp-Image-2020-10-17-at-22.06.45.jpeg 1280w, https:\/\/centros.uepb.edu.br\/ccbsa\/files\/2020\/10\/WhatsApp-Image-2020-10-17-at-22.06.45-300x169.jpeg 300w, https:\/\/centros.uepb.edu.br\/ccbsa\/files\/2020\/10\/WhatsApp-Image-2020-10-17-at-22.06.45-1024x576.jpeg 1024w, https:\/\/centros.uepb.edu.br\/ccbsa\/files\/2020\/10\/WhatsApp-Image-2020-10-17-at-22.06.45-768x432.jpeg 768w, https:\/\/centros.uepb.edu.br\/ccbsa\/files\/2020\/10\/WhatsApp-Image-2020-10-17-at-22.06.45-370x208.jpeg 370w, https:\/\/centros.uepb.edu.br\/ccbsa\/files\/2020\/10\/WhatsApp-Image-2020-10-17-at-22.06.45-840x473.jpeg 840w\" sizes=\"auto, (max-width: 1280px) 100vw, 1280px\" \/><\/a>\n\t\t\t<\/dt><\/dl><dl class='gallery-item'>\n\t\t\t<dt class='gallery-icon landscape'>\n\t\t\t\t<a href='https:\/\/centros.uepb.edu.br\/ccbsa\/curso-de-arquivologia-da-uepb-promove-programacao-remota-alusiva-ao-dia-do-arquivista\/be75c0b2-13a6-4562-b9fa-75c5e1329ddf\/'><img loading=\"lazy\" decoding=\"async\" width=\"1080\" height=\"1080\" src=\"https:\/\/centros.uepb.edu.br\/ccbsa\/files\/2020\/10\/be75c0b2-13a6-4562-b9fa-75c5e1329ddf.jpg\" class=\"attachment-full size-full\" alt=\"\" srcset=\"https:\/\/centros.uepb.edu.br\/ccbsa\/files\/2020\/10\/be75c0b2-13a6-4562-b9fa-75c5e1329ddf.jpg 1080w, https:\/\/centros.uepb.edu.br\/ccbsa\/files\/2020\/10\/be75c0b2-13a6-4562-b9fa-75c5e1329ddf-300x300.jpg 300w, https:\/\/centros.uepb.edu.br\/ccbsa\/files\/2020\/10\/be75c0b2-13a6-4562-b9fa-75c5e1329ddf-1024x1024.jpg 1024w, https:\/\/centros.uepb.edu.br\/ccbsa\/files\/2020\/10\/be75c0b2-13a6-4562-b9fa-75c5e1329ddf-150x150.jpg 150w, https:\/\/centros.uepb.edu.br\/ccbsa\/files\/2020\/10\/be75c0b2-13a6-4562-b9fa-75c5e1329ddf-768x768.jpg 768w, https:\/\/centros.uepb.edu.br\/ccbsa\/files\/2020\/10\/be75c0b2-13a6-4562-b9fa-75c5e1329ddf-370x370.jpg 370w, https:\/\/centros.uepb.edu.br\/ccbsa\/files\/2020\/10\/be75c0b2-13a6-4562-b9fa-75c5e1329ddf-840x840.jpg 840w\" sizes=\"auto, (max-width: 1080px) 100vw, 1080px\" \/><\/a>\n\t\t\t<\/dt><\/dl><br style=\"clear: both\" \/><dl class='gallery-item'>\n\t\t\t<dt class='gallery-icon landscape'>\n\t\t\t\t<a href='https:\/\/centros.uepb.edu.br\/ccbsa\/curso-de-arquivologia-da-uepb-promove-programacao-remota-alusiva-ao-dia-do-arquivista\/whatsapp-image-2020-10-17-at-22-06-45-2\/'><img loading=\"lazy\" decoding=\"async\" width=\"1080\" height=\"1080\" src=\"https:\/\/centros.uepb.edu.br\/ccbsa\/files\/2020\/10\/WhatsApp-Image-2020-10-17-at-22.06.45-2.jpeg\" class=\"attachment-full size-full\" alt=\"\" srcset=\"https:\/\/centros.uepb.edu.br\/ccbsa\/files\/2020\/10\/WhatsApp-Image-2020-10-17-at-22.06.45-2.jpeg 1080w, https:\/\/centros.uepb.edu.br\/ccbsa\/files\/2020\/10\/WhatsApp-Image-2020-10-17-at-22.06.45-2-300x300.jpeg 300w, https:\/\/centros.uepb.edu.br\/ccbsa\/files\/2020\/10\/WhatsApp-Image-2020-10-17-at-22.06.45-2-1024x1024.jpeg 1024w, https:\/\/centros.uepb.edu.br\/ccbsa\/files\/2020\/10\/WhatsApp-Image-2020-10-17-at-22.06.45-2-150x150.jpeg 150w, https:\/\/centros.uepb.edu.br\/ccbsa\/files\/2020\/10\/WhatsApp-Image-2020-10-17-at-22.06.45-2-768x768.jpeg 768w, https:\/\/centros.uepb.edu.br\/ccbsa\/files\/2020\/10\/WhatsApp-Image-2020-10-17-at-22.06.45-2-370x370.jpeg 370w, https:\/\/centros.uepb.edu.br\/ccbsa\/files\/2020\/10\/WhatsApp-Image-2020-10-17-at-22.06.45-2-840x840.jpeg 840w\" sizes=\"auto, (max-width: 1080px) 100vw, 1080px\" \/><\/a>\n\t\t\t<\/dt><\/dl><dl class='gallery-item'>\n\t\t\t<dt class='gallery-icon landscape'>\n\t\t\t\t<a href='https:\/\/centros.uepb.edu.br\/ccbsa\/curso-de-arquivologia-da-uepb-promove-programacao-remota-alusiva-ao-dia-do-arquivista\/whatsapp-image-2020-10-17-at-22-06-44\/'><img loading=\"lazy\" decoding=\"async\" width=\"1080\" height=\"1080\" src=\"https:\/\/centros.uepb.edu.br\/ccbsa\/files\/2020\/10\/WhatsApp-Image-2020-10-17-at-22.06.44.jpeg\" class=\"attachment-full size-full\" alt=\"\" srcset=\"https:\/\/centros.uepb.edu.br\/ccbsa\/files\/2020\/10\/WhatsApp-Image-2020-10-17-at-22.06.44.jpeg 1080w, https:\/\/centros.uepb.edu.br\/ccbsa\/files\/2020\/10\/WhatsApp-Image-2020-10-17-at-22.06.44-300x300.jpeg 300w, https:\/\/centros.uepb.edu.br\/ccbsa\/files\/2020\/10\/WhatsApp-Image-2020-10-17-at-22.06.44-1024x1024.jpeg 1024w, https:\/\/centros.uepb.edu.br\/ccbsa\/files\/2020\/10\/WhatsApp-Image-2020-10-17-at-22.06.44-150x150.jpeg 150w, https:\/\/centros.uepb.edu.br\/ccbsa\/files\/2020\/10\/WhatsApp-Image-2020-10-17-at-22.06.44-768x768.jpeg 768w, https:\/\/centros.uepb.edu.br\/ccbsa\/files\/2020\/10\/WhatsApp-Image-2020-10-17-at-22.06.44-370x370.jpeg 370w, https:\/\/centros.uepb.edu.br\/ccbsa\/files\/2020\/10\/WhatsApp-Image-2020-10-17-at-22.06.44-840x840.jpeg 840w\" sizes=\"auto, (max-width: 1080px) 100vw, 1080px\" \/><\/a>\n\t\t\t<\/dt><\/dl><dl class='gallery-item'>\n\t\t\t<dt class='gallery-icon landscape'>\n\t\t\t\t<a href='https:\/\/centros.uepb.edu.br\/ccbsa\/curso-de-arquivologia-da-uepb-promove-programacao-remota-alusiva-ao-dia-do-arquivista\/whatsapp-image-2020-10-17-at-22-06-45-1\/'><img loading=\"lazy\" decoding=\"async\" width=\"1080\" height=\"1080\" src=\"https:\/\/centros.uepb.edu.br\/ccbsa\/files\/2020\/10\/WhatsApp-Image-2020-10-17-at-22.06.45-1.jpeg\" class=\"attachment-full size-full\" alt=\"\" srcset=\"https:\/\/centros.uepb.edu.br\/ccbsa\/files\/2020\/10\/WhatsApp-Image-2020-10-17-at-22.06.45-1.jpeg 1080w, https:\/\/centros.uepb.edu.br\/ccbsa\/files\/2020\/10\/WhatsApp-Image-2020-10-17-at-22.06.45-1-300x300.jpeg 300w, https:\/\/centros.uepb.edu.br\/ccbsa\/files\/2020\/10\/WhatsApp-Image-2020-10-17-at-22.06.45-1-1024x1024.jpeg 1024w, https:\/\/centros.uepb.edu.br\/ccbsa\/files\/2020\/10\/WhatsApp-Image-2020-10-17-at-22.06.45-1-150x150.jpeg 150w, https:\/\/centros.uepb.edu.br\/ccbsa\/files\/2020\/10\/WhatsApp-Image-2020-10-17-at-22.06.45-1-768x768.jpeg 768w, https:\/\/centros.uepb.edu.br\/ccbsa\/files\/2020\/10\/WhatsApp-Image-2020-10-17-at-22.06.45-1-370x370.jpeg 370w, https:\/\/centros.uepb.edu.br\/ccbsa\/files\/2020\/10\/WhatsApp-Image-2020-10-17-at-22.06.45-1-840x840.jpeg 840w\" sizes=\"auto, (max-width: 1080px) 100vw, 1080px\" \/><\/a>\n\t\t\t<\/dt><\/dl><br style=\"clear: both\" \/><dl class='gallery-item'>\n\t\t\t<dt class='gallery-icon landscape'>\n\t\t\t\t<a href='https:\/\/centros.uepb.edu.br\/ccbsa\/curso-de-arquivologia-da-uepb-promove-programacao-remota-alusiva-ao-dia-do-arquivista\/whatsapp-image-2020-10-17-at-22-06-44-2\/'><img loading=\"lazy\" decoding=\"async\" width=\"1080\" height=\"1080\" src=\"https:\/\/centros.uepb.edu.br\/ccbsa\/files\/2020\/10\/WhatsApp-Image-2020-10-17-at-22.06.44-2.jpeg\" class=\"attachment-full size-full\" alt=\"\" srcset=\"https:\/\/centros.uepb.edu.br\/ccbsa\/files\/2020\/10\/WhatsApp-Image-2020-10-17-at-22.06.44-2.jpeg 1080w, https:\/\/centros.uepb.edu.br\/ccbsa\/files\/2020\/10\/WhatsApp-Image-2020-10-17-at-22.06.44-2-300x300.jpeg 300w, https:\/\/centros.uepb.edu.br\/ccbsa\/files\/2020\/10\/WhatsApp-Image-2020-10-17-at-22.06.44-2-1024x1024.jpeg 1024w, https:\/\/centros.uepb.edu.br\/ccbsa\/files\/2020\/10\/WhatsApp-Image-2020-10-17-at-22.06.44-2-150x150.jpeg 150w, https:\/\/centros.uepb.edu.br\/ccbsa\/files\/2020\/10\/WhatsApp-Image-2020-10-17-at-22.06.44-2-768x768.jpeg 768w, https:\/\/centros.uepb.edu.br\/ccbsa\/files\/2020\/10\/WhatsApp-Image-2020-10-17-at-22.06.44-2-370x370.jpeg 370w, https:\/\/centros.uepb.edu.br\/ccbsa\/files\/2020\/10\/WhatsApp-Image-2020-10-17-at-22.06.44-2-840x840.jpeg 840w\" sizes=\"auto, (max-width: 1080px) 100vw, 1080px\" \/><\/a>\n\t\t\t<\/dt><\/dl><dl class='gallery-item'>\n\t\t\t<dt class='gallery-icon portrait'>\n\t\t\t\t<a href='https:\/\/centros.uepb.edu.br\/ccbsa\/curso-de-arquivologia-da-uepb-promove-programacao-remota-alusiva-ao-dia-do-arquivista\/whatsapp-image-2020-10-18-at-16-17-22\/'><img loading=\"lazy\" decoding=\"async\" width=\"720\" height=\"1280\" src=\"https:\/\/centros.uepb.edu.br\/ccbsa\/files\/2020\/10\/WhatsApp-Image-2020-10-18-at-16.17.22.jpeg\" class=\"attachment-full size-full\" alt=\"\" srcset=\"https:\/\/centros.uepb.edu.br\/ccbsa\/files\/2020\/10\/WhatsApp-Image-2020-10-18-at-16.17.22.jpeg 720w, https:\/\/centros.uepb.edu.br\/ccbsa\/files\/2020\/10\/WhatsApp-Image-2020-10-18-at-16.17.22-169x300.jpeg 169w, https:\/\/centros.uepb.edu.br\/ccbsa\/files\/2020\/10\/WhatsApp-Image-2020-10-18-at-16.17.22-576x1024.jpeg 576w, https:\/\/centros.uepb.edu.br\/ccbsa\/files\/2020\/10\/WhatsApp-Image-2020-10-18-at-16.17.22-370x658.jpeg 370w\" sizes=\"auto, (max-width: 720px) 100vw, 720px\" \/><\/a>\n\t\t\t<\/dt><\/dl>\n\t\t\t<br style='clear: both' \/>\n\t\t<\/div>\n\n<p>Como forma de celebrar o dia do arquivista, oficialmente comemorado em 20 de outubro, o bacharelado em Arquivologia da Universidade Estadual da Para\u00edba (UEPB), promove, at\u00e9 o dia 27 de outubro, uma s\u00e9rie de atividades que ser\u00e3o transmitidas pelo <a href=\"https:\/\/www.youtube.com\/channel\/UCR1kqth0_BPWXMGtoP9ID_Q\">canal do Youtube do Projeto SESA<\/a>, voltadas \u00e0 comunidade arquiv\u00edstica e demais interessados na \u00e1rea.<\/p>\n<p>De acordo com o coordenador do curso de Arquivologia, professor Sanderson Dorneles, tradicionalmente o curso de Arquivologia sempre promove atividades alusivas ao dia do arquivista e esse ano, mesmo com as limita\u00e7\u00f5es impostas pela pandemia, foi idealizada essa programa\u00e7\u00e3o para dar visibilidade \u00e0 profiss\u00e3o a partir de diferentes tem\u00e1ticas.<\/p>\n<p>Segundo a coordenadora adjunta do curso de Arquivologia, professora Eliete Correia dos Santos, a programa\u00e7\u00e3o foi pensada no sentido de dar voz \u00e0 Associa\u00e7\u00e3o dos Arquivistas da Para\u00edba (AAPB), aos egressos da institui\u00e7\u00e3o, a docentes da UEPB e de outras regi\u00f5es e pa\u00edses. &#8220;Nesse per\u00edodo t\u00e3o dif\u00edcil e desafiador, pensamos em atividades que pudessem incentivar nossos estudantes, mostrar as possibilidades profissionais que eles podem tra\u00e7ar, valorizar a \u00e1rea tanto do ponto de vista acad\u00eamico quanto cient\u00edfico&#8221;, explicou.<\/p>\n<p>A abertura do evento ser\u00e1 nesta segunda-feira (19) \u00e0s 19h, com a mesa &#8220;Arquivologia: o movimento estudantil e o associativismo profissional&#8221;, que contar\u00e1 com a participa\u00e7\u00e3o dos membros da atual dire\u00e7\u00e3o da AAPB. Tamb\u00e9m integram as discuss\u00f5es as mesas &#8220;Orgulho de ser arquivista UEPB: dos estudos aos concursos p\u00fablicos&#8221;, a ser ministrada por arquivistas egressos da UEPB e mediada pela professora da UEPB Eliete Correia dos Santos; &#8220;O Arquivo Geral da FURG: A luta pela institucionaliza\u00e7\u00e3o do Arquivo Central da UEPB&#8221;, tendo como ministrantes a professora da Universidade Federal do Rio Grande (FURG) Andrea Gon\u00e7alves e o arquivista da UEPB Rafael Melo, mediada pelo professor Sanderson Dorneles.<\/p>\n<p>E ainda, o minicurso &#8220;Arquivista: Conhecendo a LGDP \u2013 Parte 3&#8221;, a ser ministrado pelo professor da UEPB Ant\u00f4nio Germano Ramalho; a palestra &#8220;A Constru\u00e7\u00e3o do Conhecimento Remoto em Tempos de Infobesidade&#8221;, a ser ministrada pelas professoras da UEPB Andrea Xavier e Rosilene Agapito, com a media\u00e7\u00e3o da docente da UFPB, Bernardina Freire; e a mesa &#8220;A constru\u00e7\u00e3o do Arquivo hist\u00f3rico da Igreja Lusitana Apost\u00f3lica Evang\u00e9lica: reflex\u00f5es sobre a mem\u00f3ria e o patrim\u00f4nio da rede educacional de Vila Nova de Gaia&#8221;, tendo como ministrantes o professor da Universidade do Minho, em Portugal, Jos\u00e9 Antonio Afonso, e o professor da UEPB, Ramses Nunes e Silva.<\/p>\n<p>O encerramento do evento contar\u00e1 com o Semin\u00e1rio de Pesquisa e TCC intitulado &#8220;Objeto cient\u00edfico da Arquivologia: reflex\u00e3o para o debate&#8221;, que ser\u00e1 ministrado pela professora da Universidade Federal Fluminense, Clarissa Schmidt, com a media\u00e7\u00e3o da professora Eliete Correia dos Santos.<\/p>\n<p>Confira a programa\u00e7\u00e3o completa [wpfilebase tag=fileurl id=545 linktext=aqui \/].<\/p>\n<p><em><strong>Texto:<\/strong> Juliana Marques<\/em><\/p>\n<p>&nbsp;<\/p>\n","protected":false},"excerpt":{"rendered":"<p>Como forma de celebrar o dia do arquivista, oficialmente comemorado em 20 de outubro, o bacharelado em Arquivologia da Universidade Estadual da Para\u00edba (UEPB), promove, at\u00e9 o dia 27 de outubro, uma s\u00e9rie de atividades que ser\u00e3o transmitidas pelo canal do Youtube do Projeto SESA, voltadas \u00e0 comunidade arquiv\u00edstica e demais interessados na \u00e1rea. De <a class=\"leiamais\" href=\"https:\/\/centros.uepb.edu.br\/ccbsa\/curso-de-arquivologia-da-uepb-promove-programacao-remota-alusiva-ao-dia-do-arquivista\/\">Leia Mais&#8230;<\/a><\/p>\n","protected":false},"author":8,"featured_media":7208,"comment_status":"closed","ping_status":"closed","sticky":false,"template":"","format":"standard","meta":{"footnotes":""},"categories":[3,11],"tags":[],"class_list":["post-7207","post","type-post","status-publish","format-standard","has-post-thumbnail","hentry","category-noticias","category-noticias-destaque-img"],"jetpack_featured_media_url":"https:\/\/centros.uepb.edu.br\/ccbsa\/files\/2020\/10\/WhatsApp-Image-2020-10-17-at-22.06.44-1.jpg","_links":{"self":[{"href":"https:\/\/centros.uepb.edu.br\/ccbsa\/wp-json\/wp\/v2\/posts\/7207","targetHints":{"allow":["GET"]}}],"collection":[{"href":"https:\/\/centros.uepb.edu.br\/ccbsa\/wp-json\/wp\/v2\/posts"}],"about":[{"href":"https:\/\/centros.uepb.edu.br\/ccbsa\/wp-json\/wp\/v2\/types\/post"}],"author":[{"embeddable":true,"href":"https:\/\/centros.uepb.edu.br\/ccbsa\/wp-json\/wp\/v2\/users\/8"}],"replies":[{"embeddable":true,"href":"https:\/\/centros.uepb.edu.br\/ccbsa\/wp-json\/wp\/v2\/comments?post=7207"}],"version-history":[{"count":0,"href":"https:\/\/centros.uepb.edu.br\/ccbsa\/wp-json\/wp\/v2\/posts\/7207\/revisions"}],"wp:featuredmedia":[{"embeddable":true,"href":"https:\/\/centros.uepb.edu.br\/ccbsa\/wp-json\/wp\/v2\/media\/7208"}],"wp:attachment":[{"href":"https:\/\/centros.uepb.edu.br\/ccbsa\/wp-json\/wp\/v2\/media?parent=7207"}],"wp:term":[{"taxonomy":"category","embeddable":true,"href":"https:\/\/centros.uepb.edu.br\/ccbsa\/wp-json\/wp\/v2\/categories?post=7207"},{"taxonomy":"post_tag","embeddable":true,"href":"https:\/\/centros.uepb.edu.br\/ccbsa\/wp-json\/wp\/v2\/tags?post=7207"}],"curies":[{"name":"wp","href":"https:\/\/api.w.org\/{rel}","templated":true}]}}