{"id":7192,"date":"2020-09-30T13:10:25","date_gmt":"2020-09-30T13:10:25","guid":{"rendered":"https:\/\/centros.uepb.edu.br\/ccbsa\/?p=7192"},"modified":"2020-09-30T13:10:25","modified_gmt":"2020-09-30T13:10:25","slug":"grupo-de-pesquisa-e-extensao-da-uepb-promove-painel-online-sobre-os-muros-do-mundo-e-a-politica-externa-americana","status":"publish","type":"post","link":"https:\/\/centros.uepb.edu.br\/ccbsa\/grupo-de-pesquisa-e-extensao-da-uepb-promove-painel-online-sobre-os-muros-do-mundo-e-a-politica-externa-americana\/","title":{"rendered":"Grupo de pesquisa e extens\u00e3o da UEPB promove painel online sobre os muros do mundo e a pol\u00edtica externa americana"},"content":{"rendered":"<p><a href=\"https:\/\/centros.uepb.edu.br\/ccbsa\/files\/2020\/09\/Design-sem-nome-1.png\"><img loading=\"lazy\" decoding=\"async\" class=\"aligncenter size-full wp-image-7193 img-responsive\" src=\"https:\/\/centros.uepb.edu.br\/ccbsa\/files\/2020\/09\/Design-sem-nome-1.png\" alt=\"\" width=\"840\" height=\"454\" srcset=\"https:\/\/centros.uepb.edu.br\/ccbsa\/files\/2020\/09\/Design-sem-nome-1.png 840w, https:\/\/centros.uepb.edu.br\/ccbsa\/files\/2020\/09\/Design-sem-nome-1-300x162.png 300w, https:\/\/centros.uepb.edu.br\/ccbsa\/files\/2020\/09\/Design-sem-nome-1-768x415.png 768w, https:\/\/centros.uepb.edu.br\/ccbsa\/files\/2020\/09\/Design-sem-nome-1-370x200.png 370w\" sizes=\"auto, (max-width: 840px) 100vw, 840px\" \/><\/a><\/p>\n<p>O Grupo de pesquisa e extens\u00e3o da Universidade Estadual da Para\u00edba &#8220;Cidadania entre muros: desafios da contemporaneidade&#8221;, do curso de Rela\u00e7\u00f5es Internacionais do C\u00e2mpus V da UEPB, sob a coordena\u00e7\u00e3o da professora Giuliana Dias Vieira, promove, nesta sexta-feira, 2 de outubro, das 15 \u00e0s 17h, o painel online &#8220;Muros do mundo e a pol\u00edtica externa americana: M\u00e9xico e Guant\u00e1namo&#8221;.<\/p>\n<p>O evento, aberto aos estudantes da \u00e1rea de Rela\u00e7\u00f5es Internacionais, requer inscri\u00e7\u00e3o pr\u00e9via por meio de <a href=\"https:\/\/forms.gle\/mx1Jv2cbjma5VQFf6\">formul\u00e1rio eletr\u00f4nico,<\/a> pois, ser\u00e1 emitido certificado para os participantes.<\/p>\n<p>A atividade ser\u00e1 ministrada pela professora Cristina Pacheco, que \u00e9 doutora em Ci\u00eancias Sociais, p\u00f3s-doutorado na American University (CLALS), com bolsa CAPES- Fulbright e possui experi\u00eancia nas \u00e1reas de Teoria Pol\u00edtica e Pol\u00edtica Internacional e Comparada, trabalhando com os seguintes temas: Institui\u00e7\u00f5es e Organiza\u00e7\u00f5es Internacionais, Teoria Pol\u00edtica e Rela\u00e7\u00f5es Internacionais, Pol\u00edtica Externa dos EUA.<\/p>\n<p><em><strong>Texto:<\/strong> Juliana Marques<\/em><\/p>\n","protected":false},"excerpt":{"rendered":"<p>O Grupo de pesquisa e extens\u00e3o da Universidade Estadual da Para\u00edba &#8220;Cidadania entre muros: desafios da contemporaneidade&#8221;, do curso de Rela\u00e7\u00f5es Internacionais do C\u00e2mpus V da UEPB, sob a coordena\u00e7\u00e3o da professora Giuliana Dias Vieira, promove, nesta sexta-feira, 2 de outubro, das 15 \u00e0s 17h, o painel online &#8220;Muros do mundo e a pol\u00edtica externa <a class=\"leiamais\" href=\"https:\/\/centros.uepb.edu.br\/ccbsa\/grupo-de-pesquisa-e-extensao-da-uepb-promove-painel-online-sobre-os-muros-do-mundo-e-a-politica-externa-americana\/\">Leia Mais&#8230;<\/a><\/p>\n","protected":false},"author":8,"featured_media":7193,"comment_status":"closed","ping_status":"closed","sticky":false,"template":"","format":"standard","meta":{"footnotes":""},"categories":[3,11],"tags":[],"class_list":["post-7192","post","type-post","status-publish","format-standard","has-post-thumbnail","hentry","category-noticias","category-noticias-destaque-img"],"jetpack_featured_media_url":"https:\/\/centros.uepb.edu.br\/ccbsa\/files\/2020\/09\/Design-sem-nome-1.png","_links":{"self":[{"href":"https:\/\/centros.uepb.edu.br\/ccbsa\/wp-json\/wp\/v2\/posts\/7192","targetHints":{"allow":["GET"]}}],"collection":[{"href":"https:\/\/centros.uepb.edu.br\/ccbsa\/wp-json\/wp\/v2\/posts"}],"about":[{"href":"https:\/\/centros.uepb.edu.br\/ccbsa\/wp-json\/wp\/v2\/types\/post"}],"author":[{"embeddable":true,"href":"https:\/\/centros.uepb.edu.br\/ccbsa\/wp-json\/wp\/v2\/users\/8"}],"replies":[{"embeddable":true,"href":"https:\/\/centros.uepb.edu.br\/ccbsa\/wp-json\/wp\/v2\/comments?post=7192"}],"version-history":[{"count":0,"href":"https:\/\/centros.uepb.edu.br\/ccbsa\/wp-json\/wp\/v2\/posts\/7192\/revisions"}],"wp:featuredmedia":[{"embeddable":true,"href":"https:\/\/centros.uepb.edu.br\/ccbsa\/wp-json\/wp\/v2\/media\/7193"}],"wp:attachment":[{"href":"https:\/\/centros.uepb.edu.br\/ccbsa\/wp-json\/wp\/v2\/media?parent=7192"}],"wp:term":[{"taxonomy":"category","embeddable":true,"href":"https:\/\/centros.uepb.edu.br\/ccbsa\/wp-json\/wp\/v2\/categories?post=7192"},{"taxonomy":"post_tag","embeddable":true,"href":"https:\/\/centros.uepb.edu.br\/ccbsa\/wp-json\/wp\/v2\/tags?post=7192"}],"curies":[{"name":"wp","href":"https:\/\/api.w.org\/{rel}","templated":true}]}}