{"id":7180,"date":"2020-09-29T16:37:27","date_gmt":"2020-09-29T16:37:27","guid":{"rendered":"https:\/\/centros.uepb.edu.br\/ccbsa\/?p=7180"},"modified":"2020-09-29T17:30:28","modified_gmt":"2020-09-29T17:30:28","slug":"equipe-do-projeto-sesa-se-reune-e-discute-programacao-para-os-proximos-meses-e-proposta-de-versao-online","status":"publish","type":"post","link":"https:\/\/centros.uepb.edu.br\/ccbsa\/equipe-do-projeto-sesa-se-reune-e-discute-programacao-para-os-proximos-meses-e-proposta-de-versao-online\/","title":{"rendered":"Equipe do Projeto SESA se re\u00fane e discute programa\u00e7\u00e3o para os pr\u00f3ximos meses e proposta de vers\u00e3o online"},"content":{"rendered":"\n\t\t<style type=\"text\/css\">\n\t\t\t#gallery-1 {\n\t\t\t\tmargin: auto;\n\t\t\t}\n\t\t\t#gallery-1 .gallery-item {\n\t\t\t\tfloat: left;\n\t\t\t\tmargin-top: 10px;\n\t\t\t\ttext-align: center;\n\t\t\t\twidth: 33%;\n\t\t\t}\n\t\t\t#gallery-1 img {\n\t\t\t\tborder: 2px solid #cfcfcf;\n\t\t\t}\n\t\t\t#gallery-1 .gallery-caption {\n\t\t\t\tmargin-left: 0;\n\t\t\t}\n\t\t\t\/* see gallery_shortcode() in wp-includes\/media.php *\/\n\t\t<\/style>\n\t\t<div id='gallery-1' class='gallery galleryid-7180 gallery-columns-3 gallery-size-full'><dl class='gallery-item'>\n\t\t\t<dt class='gallery-icon landscape'>\n\t\t\t\t<a href='https:\/\/centros.uepb.edu.br\/ccbsa\/files\/2020\/09\/a1bf76dd-7d1c-4f7b-8afd-4f68f1d65192.jpg'><img loading=\"lazy\" decoding=\"async\" width=\"1280\" height=\"719\" src=\"https:\/\/centros.uepb.edu.br\/ccbsa\/files\/2020\/09\/a1bf76dd-7d1c-4f7b-8afd-4f68f1d65192.jpg\" class=\"attachment-full size-full\" alt=\"\" srcset=\"https:\/\/centros.uepb.edu.br\/ccbsa\/files\/2020\/09\/a1bf76dd-7d1c-4f7b-8afd-4f68f1d65192.jpg 1280w, https:\/\/centros.uepb.edu.br\/ccbsa\/files\/2020\/09\/a1bf76dd-7d1c-4f7b-8afd-4f68f1d65192-300x169.jpg 300w, https:\/\/centros.uepb.edu.br\/ccbsa\/files\/2020\/09\/a1bf76dd-7d1c-4f7b-8afd-4f68f1d65192-1024x575.jpg 1024w, https:\/\/centros.uepb.edu.br\/ccbsa\/files\/2020\/09\/a1bf76dd-7d1c-4f7b-8afd-4f68f1d65192-768x431.jpg 768w, https:\/\/centros.uepb.edu.br\/ccbsa\/files\/2020\/09\/a1bf76dd-7d1c-4f7b-8afd-4f68f1d65192-370x208.jpg 370w, https:\/\/centros.uepb.edu.br\/ccbsa\/files\/2020\/09\/a1bf76dd-7d1c-4f7b-8afd-4f68f1d65192-840x472.jpg 840w\" sizes=\"auto, (max-width: 1280px) 100vw, 1280px\" \/><\/a>\n\t\t\t<\/dt><\/dl><dl class='gallery-item'>\n\t\t\t<dt class='gallery-icon landscape'>\n\t\t\t\t<a href='https:\/\/centros.uepb.edu.br\/ccbsa\/files\/2020\/09\/4efb73ed-479f-40b3-8755-b67cc158b952.jpg'><img loading=\"lazy\" decoding=\"async\" width=\"840\" height=\"454\" src=\"https:\/\/centros.uepb.edu.br\/ccbsa\/files\/2020\/09\/4efb73ed-479f-40b3-8755-b67cc158b952.jpg\" class=\"attachment-full size-full\" alt=\"\" srcset=\"https:\/\/centros.uepb.edu.br\/ccbsa\/files\/2020\/09\/4efb73ed-479f-40b3-8755-b67cc158b952.jpg 840w, https:\/\/centros.uepb.edu.br\/ccbsa\/files\/2020\/09\/4efb73ed-479f-40b3-8755-b67cc158b952-300x162.jpg 300w, https:\/\/centros.uepb.edu.br\/ccbsa\/files\/2020\/09\/4efb73ed-479f-40b3-8755-b67cc158b952-768x415.jpg 768w, https:\/\/centros.uepb.edu.br\/ccbsa\/files\/2020\/09\/4efb73ed-479f-40b3-8755-b67cc158b952-370x200.jpg 370w\" sizes=\"auto, (max-width: 840px) 100vw, 840px\" \/><\/a>\n\t\t\t<\/dt><\/dl>\n\t\t\t<br style='clear: both' \/>\n\t\t<\/div>\n\n<p>Com a perspectiva de coopera\u00e7\u00e3o acad\u00eamica, tecnologia e inova\u00e7\u00e3o cient\u00edfica, que s\u00e3o as principais marcas deste programa, o Semin\u00e1rio de Saberes Arquiv\u00edsticos (SESA) que \u00e9 vinculado ao curso de Arquivologia da Universidade Estadual da Para\u00edba (UEPB), realizou, na manh\u00e3 desta segunda-feira (28), uma reuni\u00e3o com os parceiros das diversas institui\u00e7\u00f5es brasileiras e do exterior para delinear o SESA online, apresentar uma nova proposta de livro a ser formatado e discutir as adequa\u00e7\u00f5es diante da realidade imposta pela COVID-19.<\/p>\n<p>Na ocasi\u00e3o, a coordenadora do SESA, professora Eliete Correia dos Santos, exp\u00f4s a ideia do \u201cSESA online\u201d, que consiste na realiza\u00e7\u00e3o de eventos relacionados \u00e0s tem\u00e1ticas de atua\u00e7\u00e3o do SESA a partir da propositura de pesquisadores parceiros do programa. \u201cA perspectiva \u00e9 que qualquer institui\u00e7\u00e3o do Brasil ou exterior que queira apresentar um trabalho ou fazer um evento com uma tem\u00e1tica de interesse do SESA possa solicitar a parceria por meio de um formul\u00e1rio online. N\u00f3s iremos disponibilizar o nosso <a href=\"https:\/\/www.youtube.com\/channel\/UCR1kqth0_BPWXMGtoP9ID_Q\">canal no Youtube,<\/a> prestaremos a assessoria quanto ao uso do streaming, podemos auxiliar na divulga\u00e7\u00e3o da atividade\u201d, explicou a docente.<\/p>\n<p>Tamb\u00e9m no sentido de aprimorar as redes sociais entre os pesquisadores, foi apresentada pela professora do Instituto Polit\u00e9cnico do Porto (IPP-PT) Ana Terra a proposta do novo livro do SESA, que, al\u00e9m dela, ter\u00e1 como organizadoras a professora da Universidade de Coimbra (UC-PT), Beatriz Marques, e Eliete Correia dos Santos. A obra dever\u00e1 trazer reflex\u00f5es sobre informa\u00e7\u00e3o e comunica\u00e7\u00e3o em tempos de pandemia. A docente destacou a import\u00e2ncia das publica\u00e7\u00f5es como uma das vertentes significativas de atua\u00e7\u00e3o do SESA.<\/p>\n<p>\u201cO fato do projeto se materializar em publica\u00e7\u00f5es \u00e9 uma forma interessante de divulgar essa produ\u00e7\u00e3o cient\u00edfica. E pensamos nessa tem\u00e1tica que poder\u00e1 suscitar uma reflex\u00e3o sobre o tempo em que vivemos. Curiosamente em 2011 a Organiza\u00e7\u00e3o Mundial de Sa\u00fade (OMS) sublinhou que informa\u00e7\u00e3o e comunica\u00e7\u00e3o seriam fundamentais para a gest\u00e3o de qualquer crise pand\u00eamica e n\u00f3s estamos vendo agora de fato que elas t\u00eam tido um papel relevante na reconfigura\u00e7\u00e3o dos nossos cotidianos e das nossas pr\u00e1ticas. Por isso, pensamos em construir um livro relacionado com essa viv\u00eancia\u201d, destaca a professora Ana Terra.<\/p>\n<p><strong>Sobre o SESA<\/strong><\/p>\n<p>Realizado anualmente desde 2007, na Para\u00edba, Brasil, o SESA surgiu no \u00e2mbito do curso de Arquivologia com uma abrang\u00eancia regional tendo como pressupostos a literacia informacional e o \u201cletramento\u201d dos discentes do curso de Arquivologia da UEPB. Inicialmente o projeto contava apenas com a colabora\u00e7\u00e3o cient\u00edfica de diversas universidades brasileiras, mas, a partir de 2012, transformou-se num projeto internacional, de natureza luso-brasileira, passando a incluir como parceiras a Universidade de Coimbra (UC), a Universidade do Porto (UP), a Universidade de Aveiro (UA) e o Instituto Polit\u00e9cnico do Porto (IPP).<\/p>\n<p>Desde o lan\u00e7amento do primeiro volume da cole\u00e7\u00e3o \u201cArquivologia\u201d, no ano 2013 (1\u00ba trimestre, no Brasil, e em 31 de outubro, em Portugal, no \u00e2mbito de um Workshop de Arquiv\u00edstica que teve lugar no Arquivo da Universidade de Coimbra) a Universidade de Coimbra passou a integrar a comiss\u00e3o cient\u00edfica e o corpo editorial da colet\u00e2nea de textos publicada pelo projeto, constitu\u00edda por dois volumes, um que contempla os trabalhos de alunos e outro o dos membros da comiss\u00e3o cient\u00edfica.<\/p>\n<p>A partir de 2014, o projeto ganhou contornos multidisciplinares, atuando como um elemento importante para a pesquisa e o ensino em Arquivologia e Ci\u00eancia da Informa\u00e7\u00e3o. Ao longo das oito edi\u00e7\u00f5es do evento realizadas em coopera\u00e7\u00e3o acad\u00eamica com institui\u00e7\u00f5es portuguesas e brasileiras o projeto SESA conduziu \u00e0 realiza\u00e7\u00e3o de diversas confer\u00eancias, palestras, minicursos e oficinas, as quais tiveram um impacto direto para os docentes e discentes do curso de Arquivologia da UEPB.<\/p>\n<p>Durante a 8\u00aa edi\u00e7\u00e3o do SESA realizado no Campus I da UFPB, em Jo\u00e3o Pessoa, PB, entre os dias 14 a 18 de agosto de 2017, o SESA ganhou uma particular express\u00e3o, passando a ser desenvolvido conjuntamente por duas universidades da \u00fanica cidade do Brasil em que s\u00e3o oferecidos dois cursos de Arquivologia em institui\u00e7\u00f5es p\u00fablicas, e uma dimens\u00e3o internacional, come\u00e7ando a contar com a representa\u00e7\u00e3o de especialistas de todas as universidades portuguesas parceiras. No final do evento, e no \u00e2mbito das comemora\u00e7\u00f5es dos \u201c10 anos do SESA\u201d, foi atribu\u00eddo pela primeira vez o \u201cPr\u00eamio Jos\u00e9 Maria Jardim\u201d criado com o objetivo de incentivar as produ\u00e7\u00f5es cient\u00edficas de alunos e professores e contribuir de forma significativa para a \u00e1rea de Comunica\u00e7\u00e3o e Informa\u00e7\u00e3o.<\/p>\n<p>Em 2019 o SESA foi realizado na Universidade de Coimbra e a cada dois anos passou a ser organizado e sediado em Universidades Luso-Brasileiras. A 10\u00aa edi\u00e7\u00e3o dever\u00e1 ocorrer em 2021, na Universidade Porto, em parceria com o Instituto Polit\u00e9cnico do Porto. E em 2023 o evento ser\u00e1 sediado em Luanda, na Angola.<\/p>\n<p>Atualmente o programa conta com a parceria da Universidade Federal da Para\u00edba (UFPB), Universidade Federal do Rio Grande (FURG), Universidade Federal da Bahia (UFBA), Universidade Federal do Estado do Rio de Janeiro (UNIRIO), Universidade Federal Fluminense (UFF), Universidade Federal do Rio Grande do Sul (UFRGS), Universidade Federal de Minas Gerais (UFMG), Universidade de Bras\u00edlia (UnB), no Brasil; e IPP-PT, UC-PT e Universidade do Porto, em Portugal.<\/p>\n<p><strong>Tecnologias e ambientes virtuais de aprendizagem<\/strong><\/p>\n<p>Al\u00e9m da perspectiva de consolida\u00e7\u00e3o hist\u00f3rica das parcerias e da literacia informacional, o SESA tamb\u00e9m t\u00eam desenvolvido atividades via plataformas digitais e ambientes virtuais de aprendizagem \u2013 AVA no campo da investiga\u00e7\u00e3o da Ci\u00eancia da Informa\u00e7\u00e3o e da Arquivologia com a produ\u00e7\u00e3o de conte\u00fado que pode ser acessado por docentes, discente e a comunidade em geral com interesse no uso das tecnologias como mecanismo educacional.<\/p>\n<p>Essas iniciativas s\u00e3o contempladas pelos diversos projetos que integram o programa \u201cSESA, Semin\u00e1rio de Saberes Arquiv\u00edsticos: tecnologia, inova\u00e7\u00e3o e pr\u00e1ticas\u201d, aprovado no edital PROBEX 2019\/2020 da UEPB, e s\u00e3o fortalecidas pelo projeto \u201cCoopera\u00e7\u00e3o acad\u00eamica, tecnol\u00f3gica e inova\u00e7\u00e3o cient\u00edfica: as rela\u00e7\u00f5es internacionais do Projeto SESA\u201d, aprovado no edital da FAPESQ-PB 2018\/2020. Este \u00faltimo permitiu o investimento em infraestrutura para a produ\u00e7\u00e3o e edi\u00e7\u00e3o de v\u00eddeos e demais conte\u00fados a serem disponibilizados nas plataformas digitais e demais atividades do SESA.<\/p>\n<p>Todo o material produzido e editado pela equipe de discentes, docentes e t\u00e9cnicos-administrativos vinculados ao projeto est\u00e1 disponibilizado no Canal do SESA no Youtube. Um exemplo destes conte\u00fados interdisciplinares dispon\u00edveis gratuitamente \u00e9 a oficina \u201cFerramentas digitais para o ensino remoto\u201d ministrada pela coordenadora do projeto SESA, professora Eliete Correia dos Santos, como parte das iniciativas da Jornada Pedag\u00f3gica da UEPB cujo material j\u00e1 est\u00e1 no canal.<\/p>\n<p>Tamb\u00e9m est\u00e3o disponibilizados no canal do projeto os v\u00eddeos promovidos em parceria com a coordena\u00e7\u00e3o do curso de Arquivologia da UEPB que integram a programa\u00e7\u00e3o da 4\u00aa Semana Nacional de Arquivos: \u201cTecnologias nos curr\u00edculos dos Cursos de Arquivologia\u201d, tendo como ministrantes o professor do curso de Arquivologia Josemar Henrique de Melo e o docente da Universidade Federal Fluminense, Daniel Flores, com a media\u00e7\u00e3o do coordenador do curso de Arquivologia da UEPB, professor S\u00e2nderson Lopes Dorneles (UEPB), e \u201cEm tempos Remotos: o acesso, avan\u00e7os e o papel do arquivista\u201d, tendo como palestrantes o professor do curso de Arquivologia da UEPB, Danilo de Sousa Ferreira, que discute o acesso remoto para acervos arquiv\u00edsticos, o professor Josemar Henrique de Melo, que contempla a tem\u00e1tica \u201cA forma\u00e7\u00e3o dos arquivistas para o tratamento de acervos digitais\u201d, e o professor da Universidade Federal de Pernambuco Diego Andres Salcedo, que apresenta o \u201cProjeto Legado da Mem\u00f3ria Postal\u201d.<\/p>\n<p>Segundo a professora Eliete Correia dos Santos a perspectiva \u00e9 que aos poucos sejam disponibilizados no canal os v\u00eddeos de eventos e palestras do SESA na UEPB, na UFPB, em Coimbra, na UNIRIO, e em outras atividades realizadas nas universidades e institutos que s\u00e3o parceiros do projeto, al\u00e9m de serem transmitidas as atividades do &#8220;SESA online&#8221;.<\/p>\n<p><em><strong>Texto:<\/strong> Juliana Marques<\/em><\/p>\n","protected":false},"excerpt":{"rendered":"<p>Com a perspectiva de coopera\u00e7\u00e3o acad\u00eamica, tecnologia e inova\u00e7\u00e3o cient\u00edfica, que s\u00e3o as principais marcas deste programa, o Semin\u00e1rio de Saberes Arquiv\u00edsticos (SESA) que \u00e9 vinculado ao curso de Arquivologia da Universidade Estadual da Para\u00edba (UEPB), realizou, na manh\u00e3 desta segunda-feira (28), uma reuni\u00e3o com os parceiros das diversas institui\u00e7\u00f5es brasileiras e do exterior para <a class=\"leiamais\" href=\"https:\/\/centros.uepb.edu.br\/ccbsa\/equipe-do-projeto-sesa-se-reune-e-discute-programacao-para-os-proximos-meses-e-proposta-de-versao-online\/\">Leia Mais&#8230;<\/a><\/p>\n","protected":false},"author":8,"featured_media":7182,"comment_status":"closed","ping_status":"closed","sticky":false,"template":"","format":"standard","meta":{"footnotes":""},"categories":[3,11],"tags":[],"class_list":["post-7180","post","type-post","status-publish","format-standard","has-post-thumbnail","hentry","category-noticias","category-noticias-destaque-img"],"jetpack_featured_media_url":"https:\/\/centros.uepb.edu.br\/ccbsa\/files\/2020\/09\/4efb73ed-479f-40b3-8755-b67cc158b952.jpg","_links":{"self":[{"href":"https:\/\/centros.uepb.edu.br\/ccbsa\/wp-json\/wp\/v2\/posts\/7180","targetHints":{"allow":["GET"]}}],"collection":[{"href":"https:\/\/centros.uepb.edu.br\/ccbsa\/wp-json\/wp\/v2\/posts"}],"about":[{"href":"https:\/\/centros.uepb.edu.br\/ccbsa\/wp-json\/wp\/v2\/types\/post"}],"author":[{"embeddable":true,"href":"https:\/\/centros.uepb.edu.br\/ccbsa\/wp-json\/wp\/v2\/users\/8"}],"replies":[{"embeddable":true,"href":"https:\/\/centros.uepb.edu.br\/ccbsa\/wp-json\/wp\/v2\/comments?post=7180"}],"version-history":[{"count":0,"href":"https:\/\/centros.uepb.edu.br\/ccbsa\/wp-json\/wp\/v2\/posts\/7180\/revisions"}],"wp:featuredmedia":[{"embeddable":true,"href":"https:\/\/centros.uepb.edu.br\/ccbsa\/wp-json\/wp\/v2\/media\/7182"}],"wp:attachment":[{"href":"https:\/\/centros.uepb.edu.br\/ccbsa\/wp-json\/wp\/v2\/media?parent=7180"}],"wp:term":[{"taxonomy":"category","embeddable":true,"href":"https:\/\/centros.uepb.edu.br\/ccbsa\/wp-json\/wp\/v2\/categories?post=7180"},{"taxonomy":"post_tag","embeddable":true,"href":"https:\/\/centros.uepb.edu.br\/ccbsa\/wp-json\/wp\/v2\/tags?post=7180"}],"curies":[{"name":"wp","href":"https:\/\/api.w.org\/{rel}","templated":true}]}}