{"id":7114,"date":"2020-08-13T12:31:07","date_gmt":"2020-08-13T12:31:07","guid":{"rendered":"https:\/\/centros.uepb.edu.br\/ccbsa\/?p=7114"},"modified":"2020-08-13T12:31:07","modified_gmt":"2020-08-13T12:31:07","slug":"populacao-vulneravel-da-paraiba-recebe-assistencia-de-projeto-de-extensao-da-uepb-durante-pandemia","status":"publish","type":"post","link":"https:\/\/centros.uepb.edu.br\/ccbsa\/populacao-vulneravel-da-paraiba-recebe-assistencia-de-projeto-de-extensao-da-uepb-durante-pandemia\/","title":{"rendered":"Popula\u00e7\u00e3o vulner\u00e1vel da Para\u00edba recebe assist\u00eancia de projeto de extens\u00e3o da UEPB durante pandemia"},"content":{"rendered":"\n\t\t<style type=\"text\/css\">\n\t\t\t#gallery-1 {\n\t\t\t\tmargin: auto;\n\t\t\t}\n\t\t\t#gallery-1 .gallery-item {\n\t\t\t\tfloat: left;\n\t\t\t\tmargin-top: 10px;\n\t\t\t\ttext-align: center;\n\t\t\t\twidth: 33%;\n\t\t\t}\n\t\t\t#gallery-1 img {\n\t\t\t\tborder: 2px solid #cfcfcf;\n\t\t\t}\n\t\t\t#gallery-1 .gallery-caption {\n\t\t\t\tmargin-left: 0;\n\t\t\t}\n\t\t\t\/* see gallery_shortcode() in wp-includes\/media.php *\/\n\t\t<\/style>\n\t\t<div id='gallery-1' class='gallery galleryid-7114 gallery-columns-3 gallery-size-full'><dl class='gallery-item'>\n\t\t\t<dt class='gallery-icon landscape'>\n\t\t\t\t<a href='https:\/\/centros.uepb.edu.br\/ccbsa\/populacao-vulneravel-da-paraiba-recebe-assistencia-de-projeto-de-extensao-da-uepb-durante-pandemia\/entrega-de-cestas-basicas-1\/'><img loading=\"lazy\" decoding=\"async\" width=\"1024\" height=\"768\" src=\"https:\/\/centros.uepb.edu.br\/ccbsa\/files\/2020\/08\/Entrega-de-cestas-b\u00e1sicas-1.jpg\" class=\"attachment-full size-full\" alt=\"\" srcset=\"https:\/\/centros.uepb.edu.br\/ccbsa\/files\/2020\/08\/Entrega-de-cestas-b\u00e1sicas-1.jpg 1024w, https:\/\/centros.uepb.edu.br\/ccbsa\/files\/2020\/08\/Entrega-de-cestas-b\u00e1sicas-1-300x225.jpg 300w, https:\/\/centros.uepb.edu.br\/ccbsa\/files\/2020\/08\/Entrega-de-cestas-b\u00e1sicas-1-768x576.jpg 768w, https:\/\/centros.uepb.edu.br\/ccbsa\/files\/2020\/08\/Entrega-de-cestas-b\u00e1sicas-1-370x278.jpg 370w, https:\/\/centros.uepb.edu.br\/ccbsa\/files\/2020\/08\/Entrega-de-cestas-b\u00e1sicas-1-840x630.jpg 840w\" sizes=\"auto, (max-width: 1024px) 100vw, 1024px\" \/><\/a>\n\t\t\t<\/dt><\/dl><dl class='gallery-item'>\n\t\t\t<dt class='gallery-icon landscape'>\n\t\t\t\t<a href='https:\/\/centros.uepb.edu.br\/ccbsa\/populacao-vulneravel-da-paraiba-recebe-assistencia-de-projeto-de-extensao-da-uepb-durante-pandemia\/entrega-de-cestas-basicas-2\/'><img loading=\"lazy\" decoding=\"async\" width=\"1024\" height=\"768\" src=\"https:\/\/centros.uepb.edu.br\/ccbsa\/files\/2020\/08\/Entrega-de-cestas-b\u00e1sicas-2.jpg\" class=\"attachment-full size-full\" alt=\"\" srcset=\"https:\/\/centros.uepb.edu.br\/ccbsa\/files\/2020\/08\/Entrega-de-cestas-b\u00e1sicas-2.jpg 1024w, https:\/\/centros.uepb.edu.br\/ccbsa\/files\/2020\/08\/Entrega-de-cestas-b\u00e1sicas-2-300x225.jpg 300w, https:\/\/centros.uepb.edu.br\/ccbsa\/files\/2020\/08\/Entrega-de-cestas-b\u00e1sicas-2-768x576.jpg 768w, https:\/\/centros.uepb.edu.br\/ccbsa\/files\/2020\/08\/Entrega-de-cestas-b\u00e1sicas-2-370x278.jpg 370w, https:\/\/centros.uepb.edu.br\/ccbsa\/files\/2020\/08\/Entrega-de-cestas-b\u00e1sicas-2-840x630.jpg 840w\" sizes=\"auto, (max-width: 1024px) 100vw, 1024px\" \/><\/a>\n\t\t\t<\/dt><\/dl><dl class='gallery-item'>\n\t\t\t<dt class='gallery-icon landscape'>\n\t\t\t\t<a href='https:\/\/centros.uepb.edu.br\/ccbsa\/populacao-vulneravel-da-paraiba-recebe-assistencia-de-projeto-de-extensao-da-uepb-durante-pandemia\/entrega-de-cestas-basicas-3\/'><img loading=\"lazy\" decoding=\"async\" width=\"1024\" height=\"768\" src=\"https:\/\/centros.uepb.edu.br\/ccbsa\/files\/2020\/08\/Entrega-de-cestas-b\u00e1sicas-3.jpg\" class=\"attachment-full size-full\" alt=\"\" srcset=\"https:\/\/centros.uepb.edu.br\/ccbsa\/files\/2020\/08\/Entrega-de-cestas-b\u00e1sicas-3.jpg 1024w, https:\/\/centros.uepb.edu.br\/ccbsa\/files\/2020\/08\/Entrega-de-cestas-b\u00e1sicas-3-300x225.jpg 300w, https:\/\/centros.uepb.edu.br\/ccbsa\/files\/2020\/08\/Entrega-de-cestas-b\u00e1sicas-3-768x576.jpg 768w, https:\/\/centros.uepb.edu.br\/ccbsa\/files\/2020\/08\/Entrega-de-cestas-b\u00e1sicas-3-370x278.jpg 370w, https:\/\/centros.uepb.edu.br\/ccbsa\/files\/2020\/08\/Entrega-de-cestas-b\u00e1sicas-3-840x630.jpg 840w\" sizes=\"auto, (max-width: 1024px) 100vw, 1024px\" \/><\/a>\n\t\t\t<\/dt><\/dl><br style=\"clear: both\" \/>\n\t\t<\/div>\n\n<p>Catadores de materiais recicl\u00e1veis, ciganos, comunidades ind\u00edgenas, venezuelanos, p\u00fablico LGBTQIA+, ambulantes, moradores de assentamentos e demais popula\u00e7\u00f5es vulner\u00e1veis da Para\u00edba que, diante da pandemia da Covid-19, passaram a ter evidenciadas dificuldades e car\u00eancias de direitos e necessidades b\u00e1sicas, est\u00e3o sendo assistidas por entidades paraibanas com o apoio log\u00edstico do projeto de extens\u00e3o \u201cMobiliza\u00e7\u00e3o, inclus\u00e3o e forma\u00e7\u00e3o de catadores\/as de materiais recicl\u00e1veis da cidade de Jo\u00e3o Pessoa: uma experi\u00eancia necess\u00e1ria\u201d, vinculado ao C\u00e2mpus V da Universidade Estadual da Para\u00edba (UEPB).<\/p>\n<p>A iniciativa conta com a parceria entre UEPB, Minist\u00e9rio P\u00fablico Federal (MPF), Secretaria de Desenvolvimento Humano e Social (SEDHS) do Governo do Estado da Para\u00edba, Defensoria P\u00fablica e Uni\u00e3o PB \u2013 Se\u00e7\u00e3o Estadual da Uni\u00e3o BR. Al\u00e9m disso, diversas lideran\u00e7as, a exemplo da Central \u00danica das Favelas (CUFA), cooperativas de catadores e demais entidades que atendem popula\u00e7\u00f5es vulner\u00e1veis, fazem a articula\u00e7\u00e3o das doa\u00e7\u00f5es de grupos empresariais que entregam m\u00e1scaras, \u00e1lcool gel, materiais de higiene, alimentos, entre outros itens, para que estes cheguem aos grupos necessitados.<\/p>\n<p>A entrega das doa\u00e7\u00f5es, obedecendo a um cronograma estabelecido em comum acordo com todas as entidades parceiras, compete ao projeto da UEPB, por meio da equipe envolvida na iniciativa e da estrutura disponibilizada pela Institui\u00e7\u00e3o, sobretudo com o caminh\u00e3o adquirido com recursos do edital de financiamento ao qual esta a\u00e7\u00e3o foi submetida (o projeto foi aprovado em edital do Minist\u00e9rio do Trabalho e Secretaria de Economia Solid\u00e1ria do Governo Federal, em 2013, o que permitiu a aquisi\u00e7\u00e3o de diversos equipamentos e montagem de estruturas de apoio \u00e0 popula\u00e7\u00e3o de catadores).<\/p>\n<p>Recentemente, foram entregues 522 cestas b\u00e1sicas para a popula\u00e7\u00e3o cigana do Sert\u00e3o do Estado. Parte das doa\u00e7\u00f5es foram para as comunidades Ot\u00e1vio Maia, Pedro Ben\u00edcio Maia, Manoel Val\u00e9rio Correia, Vicente Vidal de Negreiros, da cidade de Sousa, e tamb\u00e9m em S\u00e3o Jo\u00e3o do Rio do Peixe e na Serra da Arara. Os alimentos entregues foram doados pela Funda\u00e7\u00e3o Coca-Cola.<\/p>\n<p>Uma das lideran\u00e7as dos ciganos contemplados com as doa\u00e7\u00f5es, Francisco de Figueiredo destaca a import\u00e2ncia dessa iniciativa para auxiliar essa popula\u00e7\u00e3o no momento em que, al\u00e9m do preconceito e invisibilidade que afeta a popula\u00e7\u00e3o cigana, a falta do alimento e de condi\u00e7\u00f5es b\u00e1sicas de subsist\u00eancia s\u00e3o preocupa\u00e7\u00f5es constantes. \u201cNosso povo \u00e9 sofrido e muitos n\u00e3o t\u00eam emprego. Diante dessa pandemia, ficou muito dif\u00edcil para os ciganos e isso aqui j\u00e1 ajuda na sobreviv\u00eancia\u201d, destaca.<\/p>\n<p>De acordo com a professora F\u00e1tima Ara\u00fajo, coordenadora do projeto de extens\u00e3o da UEPB, desde o in\u00edcio da pandemia diversas a\u00e7\u00f5es foram realizadas em todo o Estado. J\u00e1 foram entregues 9 mil unidades de \u00e1lcool gel, 5 mil cestas b\u00e1sicas e foram recebidas 40 mil m\u00e1scaras cortadas para serem costuradas por um grupo de costureiras vinculado ao Instituto Federal da Para\u00edba (IFPB).<\/p>\n<p>\u201cPrecisamos enfatizar que todas essas a\u00e7\u00f5es contam com o apoio fundamental das lideran\u00e7as destes grupos, que nos auxiliam na distribui\u00e7\u00e3o destas doa\u00e7\u00f5es. No Sert\u00e3o do Estado, por exemplo, contamos com a ajuda primordial do Instituto Frei Beda de Desenvolvimento Social. Todos os dias estamos com novas entregas e a\u00e7\u00f5es sendo realizadas para atender a essa popula\u00e7\u00e3o carente. Embora nosso projeto tenha iniciado com o objetivo de atender aos catadores de recicl\u00e1veis de Jo\u00e3o Pessoa, atualmente, diante da necessidade e do apoio que encontramos das diversas entidades parceiras, estamos atendendo os diversos grupos de vulner\u00e1veis em todo o Estado\u201d, explica a docente.<\/p>\n<p><strong>Sobre o projeto<\/strong><\/p>\n<p>O projeto de extens\u00e3o \u201cMobiliza\u00e7\u00e3o, inclus\u00e3o e forma\u00e7\u00e3o de catadores\/as de materiais recicl\u00e1veis da cidade de Jo\u00e3o Pessoa: uma experi\u00eancia necess\u00e1ria\u201d foi criado em 2013 com o objetivo de dar apoio para a formaliza\u00e7\u00e3o e organiza\u00e7\u00e3o das cooperativas, promover a alfabetiza\u00e7\u00e3o e o letramento e, assim, possibilitar melhores condi\u00e7\u00f5es de vida para catadores de materiais recicl\u00e1veis da Zona da Mata (Jo\u00e3o Pessoa, Bayeux e Santa Rita).<\/p>\n<p>Al\u00e9m de a\u00e7\u00f5es de alfabetiza\u00e7\u00e3o, o projeto j\u00e1 realizou forma\u00e7\u00f5es de empreendedorismo, consultoria jur\u00eddica, adquiriu Equipamentos de Prote\u00e7\u00e3o Individual, balan\u00e7as, prensas, geladeira, fog\u00e3o, carrinhos de coleta, um caminh\u00e3o que auxilia na log\u00edstica da atividade de cooperativas de catadores atendidas pelo projeto, entre outros itens que visam proporcionar melhorias nas condi\u00e7\u00f5es de trabalho e de vida destes catadores.<\/p>\n<p>As atividades do projeto s\u00e3o acompanhadas por docentes da UEPB e discentes do curso de Ci\u00eancias Biol\u00f3gicas do C\u00e2mpus V da UEPB vinculados ao componente curricular \u201cEduca\u00e7\u00e3o Ambiental\u201d.<\/p>\n<p><em><strong>Texto:<\/strong>\u00a0Juliana Marques<br \/>\n<strong>Fotos:<\/strong>\u00a0Acervo do projeto<\/em><\/p>\n","protected":false},"excerpt":{"rendered":"<p>Catadores de materiais recicl\u00e1veis, ciganos, comunidades ind\u00edgenas, venezuelanos, p\u00fablico LGBTQIA+, ambulantes, moradores de assentamentos e demais popula\u00e7\u00f5es vulner\u00e1veis da Para\u00edba que, diante da pandemia da Covid-19, passaram a ter evidenciadas dificuldades e car\u00eancias de direitos e necessidades b\u00e1sicas, est\u00e3o sendo assistidas por entidades paraibanas com o apoio log\u00edstico do projeto de extens\u00e3o \u201cMobiliza\u00e7\u00e3o, inclus\u00e3o e <a class=\"leiamais\" href=\"https:\/\/centros.uepb.edu.br\/ccbsa\/populacao-vulneravel-da-paraiba-recebe-assistencia-de-projeto-de-extensao-da-uepb-durante-pandemia\/\">Leia Mais&#8230;<\/a><\/p>\n","protected":false},"author":25,"featured_media":7115,"comment_status":"closed","ping_status":"closed","sticky":false,"template":"","format":"standard","meta":{"footnotes":""},"categories":[10,3,11],"tags":[],"class_list":["post-7114","post","type-post","status-publish","format-standard","has-post-thumbnail","hentry","category-ccbsa","category-noticias","category-noticias-destaque-img"],"jetpack_featured_media_url":"https:\/\/centros.uepb.edu.br\/ccbsa\/files\/2020\/08\/Entrega-de-cestas-b\u00e1sicas-Slide.jpg","_links":{"self":[{"href":"https:\/\/centros.uepb.edu.br\/ccbsa\/wp-json\/wp\/v2\/posts\/7114","targetHints":{"allow":["GET"]}}],"collection":[{"href":"https:\/\/centros.uepb.edu.br\/ccbsa\/wp-json\/wp\/v2\/posts"}],"about":[{"href":"https:\/\/centros.uepb.edu.br\/ccbsa\/wp-json\/wp\/v2\/types\/post"}],"author":[{"embeddable":true,"href":"https:\/\/centros.uepb.edu.br\/ccbsa\/wp-json\/wp\/v2\/users\/25"}],"replies":[{"embeddable":true,"href":"https:\/\/centros.uepb.edu.br\/ccbsa\/wp-json\/wp\/v2\/comments?post=7114"}],"version-history":[{"count":0,"href":"https:\/\/centros.uepb.edu.br\/ccbsa\/wp-json\/wp\/v2\/posts\/7114\/revisions"}],"wp:featuredmedia":[{"embeddable":true,"href":"https:\/\/centros.uepb.edu.br\/ccbsa\/wp-json\/wp\/v2\/media\/7115"}],"wp:attachment":[{"href":"https:\/\/centros.uepb.edu.br\/ccbsa\/wp-json\/wp\/v2\/media?parent=7114"}],"wp:term":[{"taxonomy":"category","embeddable":true,"href":"https:\/\/centros.uepb.edu.br\/ccbsa\/wp-json\/wp\/v2\/categories?post=7114"},{"taxonomy":"post_tag","embeddable":true,"href":"https:\/\/centros.uepb.edu.br\/ccbsa\/wp-json\/wp\/v2\/tags?post=7114"}],"curies":[{"name":"wp","href":"https:\/\/api.w.org\/{rel}","templated":true}]}}