{"id":707,"date":"2013-08-16T14:50:49","date_gmt":"2013-08-16T14:50:49","guid":{"rendered":"\/ccbsa\/?p=707"},"modified":"2013-08-16T14:50:49","modified_gmt":"2013-08-16T14:50:49","slug":"projeto-de-extensao-de-arquivologia-promove-evento-em-comemoracao-ao-dia-mundial-da-fotografia","status":"publish","type":"post","link":"https:\/\/centros.uepb.edu.br\/ccbsa\/projeto-de-extensao-de-arquivologia-promove-evento-em-comemoracao-ao-dia-mundial-da-fotografia\/","title":{"rendered":"Projeto de extens\u00e3o de Arquivologia promove evento em comemora\u00e7\u00e3o ao Dia Mundial da Fotografia"},"content":{"rendered":"<p><a href=\"http:\/\/centros.ascom.uepb.edu.br\/ccbsa\/files\/2013\/08\/OFICINA-DE-FOTOJORNALISMOed.jpg\"><img loading=\"lazy\" decoding=\"async\" class=\"alignleft size-thumbnail wp-image-709 img-responsive\" alt=\"OFICINA DE FOTOJORNALISMOed\" src=\"http:\/\/centros.ascom.uepb.edu.br\/ccbsa\/files\/2013\/08\/OFICINA-DE-FOTOJORNALISMOed-150x150.jpg\" width=\"150\" height=\"150\" \/><\/a>O projeto Fotografia e Mem\u00f3ria Cultural, vinculado ao Programa \u201cInforma\u00e7\u00e3o e Cogni\u00e7\u00e3o: socializando conte\u00fados informacionais articulados ao saber, \u00e0 cultura e \u00e0 mem\u00f3ria\u201d, coordenado pela professora Maria Jos\u00e9 Cordeiro de Lima, do curso de Arquivologia da Universidade Estadual da Para\u00edba, promove na pr\u00f3xima segunda-feira, 19 de agosto, no mini audit\u00f3rio do Campus V a oficina de fotojornalismo \u201cRealidade (entre)vista: a fotografia como narrativa do olhar\u201d. A atividade marca as comemora\u00e7\u00f5es alusivas ao dia mundial da fotografia, comemorado em 19 de agosto.<\/p>\n<p>Ministrada pela assessora de comunica\u00e7\u00e3o do Campus V da UEPB, Juliana Marques, a oficina \u00e9 voltada aos bolsistas e colaboradores dos projetos vinculados ao programa Informa\u00e7\u00e3o e Cogni\u00e7\u00e3o, al\u00e9m de outros projetos e programas de pesquisa, monitoria e extens\u00e3o do curso de Arquivologia.<\/p>\n<p>Na oficina ser\u00e3o apresentadas dicas sobre \u00e2ngulos, luz, funcionamento e recursos das c\u00e2meras fotogr\u00e1ficas digitais, mas, de acordo com a ministrante, apesar de serem abordadas algumas quest\u00f5es t\u00e9cnicas, o foco ser\u00e1 a produ\u00e7\u00e3o narrativa que pode ser feita por meio da imagem, o olhar jornal\u00edstico da fotografia. \u201cAcredito que essas orienta\u00e7\u00f5es s\u00e3o interessantes para os estudantes que s\u00e3o bolsistas e colaboradores de projetos, pois, eles mesmos poder\u00e3o estar aptos a fazer o registro das atividades de acordo com as diretrizes do fotojornalismo o que facilitar\u00e1 quando formos efetuar a divulga\u00e7\u00e3o destas a\u00e7\u00f5es\u201d, destaca Juliana.<\/p>\n<p>O n\u00famero de vagas no evento \u00e9 limitado a 30 participantes. Portanto, os estudantes que quiserem participar devem enviar um e-mail para: <a href=\"mailto:julifmarques@gmail.com\">julifmarques@gmail.com<\/a> e confirmar a presen\u00e7a.<\/p>\n<p>A atividade pr\u00e1tica desta oficina ser\u00e1 a cobertura do anivers\u00e1rio do Campus V, nos dias 27 e 28 de agosto. Os estudantes que estiverem inscritos na oficina devem estar munidos de c\u00e2mera fotogr\u00e1fica, de qualquer modelo.<\/p>\n","protected":false},"excerpt":{"rendered":"<p>O projeto Fotografia e Mem\u00f3ria Cultural, vinculado ao Programa \u201cInforma\u00e7\u00e3o e Cogni\u00e7\u00e3o: socializando conte\u00fados informacionais articulados ao saber, \u00e0 cultura e \u00e0 mem\u00f3ria\u201d, coordenado pela professora Maria Jos\u00e9 Cordeiro de Lima, do curso de Arquivologia da Universidade Estadual da Para\u00edba, promove na pr\u00f3xima segunda-feira, 19 de agosto, no mini audit\u00f3rio do Campus V a oficina <a class=\"leiamais\" href=\"https:\/\/centros.uepb.edu.br\/ccbsa\/projeto-de-extensao-de-arquivologia-promove-evento-em-comemoracao-ao-dia-mundial-da-fotografia\/\">Leia Mais&#8230;<\/a><\/p>\n","protected":false},"author":8,"featured_media":0,"comment_status":"open","ping_status":"open","sticky":false,"template":"","format":"standard","meta":{"footnotes":""},"categories":[3,5],"tags":[],"class_list":["post-707","post","type-post","status-publish","format-standard","hentry","category-noticias","category-visiveis"],"jetpack_featured_media_url":"","_links":{"self":[{"href":"https:\/\/centros.uepb.edu.br\/ccbsa\/wp-json\/wp\/v2\/posts\/707","targetHints":{"allow":["GET"]}}],"collection":[{"href":"https:\/\/centros.uepb.edu.br\/ccbsa\/wp-json\/wp\/v2\/posts"}],"about":[{"href":"https:\/\/centros.uepb.edu.br\/ccbsa\/wp-json\/wp\/v2\/types\/post"}],"author":[{"embeddable":true,"href":"https:\/\/centros.uepb.edu.br\/ccbsa\/wp-json\/wp\/v2\/users\/8"}],"replies":[{"embeddable":true,"href":"https:\/\/centros.uepb.edu.br\/ccbsa\/wp-json\/wp\/v2\/comments?post=707"}],"version-history":[{"count":0,"href":"https:\/\/centros.uepb.edu.br\/ccbsa\/wp-json\/wp\/v2\/posts\/707\/revisions"}],"wp:attachment":[{"href":"https:\/\/centros.uepb.edu.br\/ccbsa\/wp-json\/wp\/v2\/media?parent=707"}],"wp:term":[{"taxonomy":"category","embeddable":true,"href":"https:\/\/centros.uepb.edu.br\/ccbsa\/wp-json\/wp\/v2\/categories?post=707"},{"taxonomy":"post_tag","embeddable":true,"href":"https:\/\/centros.uepb.edu.br\/ccbsa\/wp-json\/wp\/v2\/tags?post=707"}],"curies":[{"name":"wp","href":"https:\/\/api.w.org\/{rel}","templated":true}]}}