{"id":703,"date":"2013-08-16T13:26:24","date_gmt":"2013-08-16T13:26:24","guid":{"rendered":"\/ccbsa\/?p=703"},"modified":"2013-08-22T12:05:24","modified_gmt":"2013-08-22T12:05:24","slug":"estao-abertas-as-inscricoes-para-minicurso-sobre-nacoes-unidas-e-direitos-humanos","status":"publish","type":"post","link":"https:\/\/centros.uepb.edu.br\/ccbsa\/estao-abertas-as-inscricoes-para-minicurso-sobre-nacoes-unidas-e-direitos-humanos\/","title":{"rendered":"Curso de Rela\u00e7\u00f5es Internacionais promove evento sobre Na\u00e7\u00f5es Unidas e Direitos Humanos"},"content":{"rendered":"<p><a href=\"http:\/\/centros.ascom.uepb.edu.br\/ccbsa\/files\/2013\/08\/1004522_575499125825436_1958355986_n.jpg\"><img loading=\"lazy\" decoding=\"async\" class=\"alignleft size-thumbnail wp-image-704 img-responsive\" alt=\"1004522_575499125825436_1958355986_n\" src=\"http:\/\/centros.ascom.uepb.edu.br\/ccbsa\/files\/2013\/08\/1004522_575499125825436_1958355986_n-150x150.jpg\" width=\"150\" height=\"150\" \/><\/a>A coordena\u00e7\u00e3o do bacharelado em Rela\u00e7\u00f5es Internacionais do Campus V da Universidade Estadual da Para\u00edba,\u00a0realiza, nesta quarta e quinta-feira, 21 e 22 de agosto, no audit\u00f3rio Pioneiros, o\u00a0minicurso \u201cAs Na\u00e7\u00f5es Unidas e a prote\u00e7\u00e3o universal dos Direitos Humanos\u201d.<\/p>\n<p>O evento, que \u00e9 organizado em parceria com a Dignata \u2013 Empresa J\u00fanior de Rela\u00e7\u00f5es Internacionais, tem o intuito de despertar no estudante uma forma\u00e7\u00e3o geral da cultura jur\u00eddica do direito internacional e dos direitos humanos.<\/p>\n<p>Neste sentido, a forma\u00e7\u00e3o ser\u00e1 dividida em duas sess\u00f5es, reflex\u00f5es sobre os elementos necess\u00e1rios para se analisar uma situa\u00e7\u00e3o espec\u00edfica de direitos humanos, bem como a possibilidade de se utilizar efetivamente os \u00f3rg\u00e3os de prote\u00e7\u00e3o internacional que integram o sistema das Na\u00e7\u00f5es Unidas.<\/p>\n<p>O minicurso ser\u00e1 ministrado pela professora Denise Hauser, advogada da Comiss\u00e3o de Direitos Humanos da ONU, Doutora em Direito pela Universidade de Valencia e Professora visitante no UNICEUB \u2013 Centro Universit\u00e1rio de Bras\u00edlia.<\/p>\n<p>As inscri\u00e7\u00f5es para o evento j\u00e1 foram encerradas, mas, \u00e9 poss\u00edvel\u00a0se inscrever\u00a0a <a href=\"http:\/\/goo.gl\/LDZLpj\">lista de espera<\/a>.\u00a0A atividade\u00a0contar\u00e1 com 50 participantes\u00a0dos cursos de Rela\u00e7\u00f5es Internacionais da UEPB e UFPB.<\/p>\n","protected":false},"excerpt":{"rendered":"<p>A coordena\u00e7\u00e3o do bacharelado em Rela\u00e7\u00f5es Internacionais do Campus V da Universidade Estadual da Para\u00edba,\u00a0realiza, nesta quarta e quinta-feira, 21 e 22 de agosto, no audit\u00f3rio Pioneiros, o\u00a0minicurso \u201cAs Na\u00e7\u00f5es Unidas e a prote\u00e7\u00e3o universal dos Direitos Humanos\u201d. O evento, que \u00e9 organizado em parceria com a Dignata \u2013 Empresa J\u00fanior de Rela\u00e7\u00f5es Internacionais, tem <a class=\"leiamais\" href=\"https:\/\/centros.uepb.edu.br\/ccbsa\/estao-abertas-as-inscricoes-para-minicurso-sobre-nacoes-unidas-e-direitos-humanos\/\">Leia Mais&#8230;<\/a><\/p>\n","protected":false},"author":8,"featured_media":722,"comment_status":"open","ping_status":"open","sticky":false,"template":"","format":"standard","meta":{"footnotes":""},"categories":[1],"tags":[],"class_list":["post-703","post","type-post","status-publish","format-standard","has-post-thumbnail","hentry","category-sem-categoria"],"jetpack_featured_media_url":"https:\/\/centros.uepb.edu.br\/ccbsa\/files\/2013\/08\/1004522_575499125825436_1958355986_ns.jpg","_links":{"self":[{"href":"https:\/\/centros.uepb.edu.br\/ccbsa\/wp-json\/wp\/v2\/posts\/703","targetHints":{"allow":["GET"]}}],"collection":[{"href":"https:\/\/centros.uepb.edu.br\/ccbsa\/wp-json\/wp\/v2\/posts"}],"about":[{"href":"https:\/\/centros.uepb.edu.br\/ccbsa\/wp-json\/wp\/v2\/types\/post"}],"author":[{"embeddable":true,"href":"https:\/\/centros.uepb.edu.br\/ccbsa\/wp-json\/wp\/v2\/users\/8"}],"replies":[{"embeddable":true,"href":"https:\/\/centros.uepb.edu.br\/ccbsa\/wp-json\/wp\/v2\/comments?post=703"}],"version-history":[{"count":0,"href":"https:\/\/centros.uepb.edu.br\/ccbsa\/wp-json\/wp\/v2\/posts\/703\/revisions"}],"wp:featuredmedia":[{"embeddable":true,"href":"https:\/\/centros.uepb.edu.br\/ccbsa\/wp-json\/wp\/v2\/media\/722"}],"wp:attachment":[{"href":"https:\/\/centros.uepb.edu.br\/ccbsa\/wp-json\/wp\/v2\/media?parent=703"}],"wp:term":[{"taxonomy":"category","embeddable":true,"href":"https:\/\/centros.uepb.edu.br\/ccbsa\/wp-json\/wp\/v2\/categories?post=703"},{"taxonomy":"post_tag","embeddable":true,"href":"https:\/\/centros.uepb.edu.br\/ccbsa\/wp-json\/wp\/v2\/tags?post=703"}],"curies":[{"name":"wp","href":"https:\/\/api.w.org\/{rel}","templated":true}]}}