{"id":6926,"date":"2020-06-09T14:40:21","date_gmt":"2020-06-09T14:40:21","guid":{"rendered":"https:\/\/centros.uepb.edu.br\/ccbsa\/?p=6926"},"modified":"2020-06-09T14:40:48","modified_gmt":"2020-06-09T14:40:48","slug":"prograd-promove-jornada-pedagogica-on-line-com-foco-na-aplicacao-de-ferramentas-digitais-no-ensino-superior","status":"publish","type":"post","link":"https:\/\/centros.uepb.edu.br\/ccbsa\/prograd-promove-jornada-pedagogica-on-line-com-foco-na-aplicacao-de-ferramentas-digitais-no-ensino-superior\/","title":{"rendered":"PROGRAD promove Jornada Pedag\u00f3gica On-line com foco na aplica\u00e7\u00e3o de ferramentas digitais no ensino superior"},"content":{"rendered":"<p>A Pr\u00f3-Reitoria de Gradua\u00e7\u00e3o (PROGRAD) da Universidade Estadual da Para\u00edba (UEPB) promove, entre os dias 10 e 27 de junho, mais uma edi\u00e7\u00e3o da Jornada Pedag\u00f3gica Docente da Institui\u00e7\u00e3o. Dessa vez, as atividades ocorrer\u00e3o integralmente atrav\u00e9s da internet, uma vez que as atividades presenciais da Universidade continuam suspensas em face \u00e0 propaga\u00e7\u00e3o e infec\u00e7\u00e3o iminentes do novo coronav\u00edrus. Assim, as discuss\u00f5es sobre as transforma\u00e7\u00f5es culturais e tecnol\u00f3gicas e seus impactos na educa\u00e7\u00e3o ter\u00e3o continuidade j\u00e1 a partir desta quarta-feira (10).<\/p>\n<p>O primeiro minicurso intitulado &#8220;Ferramentas digitais para o ensino remoto&#8221;, ser\u00e1 ministrado nos dias 10, 11 e 12 de junho, \u00e0s 15h pela professora do C\u00e2mpus V da UEPB, Eliete Correia dos Santos.\u00a0O conte\u00fado est\u00e1 dividido em tr\u00eas m\u00f3dulos: vis\u00e3o geral sobre a ressignifica\u00e7\u00e3o do ensino remoto em \u00e9poca de pandemia com a utiliza\u00e7\u00e3o do Google Sala de aula e como criar e compartilhar documentos online usando ferramentas de edi\u00e7\u00e3o de texto, planilhas, apresenta\u00e7\u00f5es e formul\u00e1rios de pesquisa; cria\u00e7\u00e3o de videoaulas: planejamento, grava\u00e7\u00e3o e edi\u00e7\u00e3o de aulas online; melhorar a experi\u00eancia em sala de aula: sugest\u00f5es de ferramentas digitais para o ensino remoto.<\/p>\n<p>De acordo com a professora Eliete que j\u00e1 havia atuado nas demais Jornadas Acad\u00eamicas promovidas pela UEPB, essa iniciativa da PROGRAD \u00e9 importante para que os docentes possam buscar alternativas de superar os desafios postos a partir da realidade educacional da atualidade. &#8220;Essa iniciativa \u00e9 excelente diante desse per\u00edodo de mudan\u00e7a da educa\u00e7\u00e3o, no qual os professores precisam se adaptar a essa nova realidade. Ningu\u00e9m foi formado para dar aula virtual, n\u00e3o apenas os alunos tem impacto, mas, os professores tamb\u00e9m precisam de adaptar e entender como executar suas atividades. Nesse sentido, abre-se uma reflex\u00e3o sobre a possibilidade no futuro de um ensino remoto, ou um modelo h\u00edbrido, e acho importante que PROGRAD nos d\u00ea essa oportunidade de refletirmos sobre essas quest\u00f5es. Espero que os professores abracem essa oportunidade como desafios que temos que enfrentar&#8221;, avalia a docente.<\/p>\n<p>Tamb\u00e9m estar\u00e3o em pauta para o debate ao longo da jornada os seguintes assuntos: \u201cSala de aula invertida\u201d, \u201cGoogle meet e outros aplicativos para videoconfer\u00eancia\u201d, \u201cSocrative e gamifica\u00e7\u00e3o\u201d, \u201cMetodologias ativas\u201d, \u201cWebquest \u2013 trilha did\u00e1tica para o ensino\u201d e \u201cPodcast \u2013 uma m\u00eddia para o ensino\u201d. Os professores ministrantes e os hor\u00e1rios de cada encontro est\u00e3o dispon\u00edveis clicando <strong><a href=\"http:\/\/proreitorias.uepb.edu.br\/prograd\/acoes-academicas-de-combate-a-pandemia\/\" target=\"_blank\" rel=\"noreferrer noopener\">AQUI<\/a><\/strong>.<\/p>\n<p>Nos \u00faltimos anos, a UEPB vem realizando a Jornada Pedag\u00f3gica Docente e, em todas as edi\u00e7\u00f5es, seus professores s\u00e3o convidados a refletir sobre as transforma\u00e7\u00f5es culturais e tecnol\u00f3gicas e seus impactos na educa\u00e7\u00e3o. Nelas, foram promovidos v\u00e1rios minicursos ou oficinas tendo como base o compartilhamento de experi\u00eancias exitosas de professores da pr\u00f3pria Institui\u00e7\u00e3o.<\/p>\n<p>Nessa perspectiva, a Jornada Pedag\u00f3gica Docente, enquanto espa\u00e7o de discuss\u00e3o e troca de experi\u00eancias entre os docentes da gradua\u00e7\u00e3o e entre estes e a PROGRAD, tendo em vista a reflex\u00e3o e o aprimoramento da atividade docente, tem sua continuidade com a oferta de minicursos disponibilizados por meio de plataformas digitais, buscando a amplia\u00e7\u00e3o da experi\u00eancia docente com o uso educacional de ferramentas e m\u00eddias digitais para a realiza\u00e7\u00e3o do ensino n\u00e3o presencial em contexto excepcional.<\/p>\n<p>Para se inscrever na Jornada Pedag\u00f3gica Docente On-line basta clicar\u00a0<strong><a href=\"https:\/\/docs.google.com\/forms\/d\/e\/1FAIpQLSf1Bpd-nOWVKUttRiHzWH_ZYMvf54baaDtDPT7GVoc6F6AOBw\/viewform\" target=\"_blank\" rel=\"noreferrer noopener\">AQUI<\/a><\/strong>.<\/p>\n<p><em><strong>Texto:<\/strong> Givaldo Cavalcanti e Juliana Marques<\/em><\/p>\n","protected":false},"excerpt":{"rendered":"<p>A Pr\u00f3-Reitoria de Gradua\u00e7\u00e3o (PROGRAD) da Universidade Estadual da Para\u00edba (UEPB) promove, entre os dias 10 e 27 de junho, mais uma edi\u00e7\u00e3o da Jornada Pedag\u00f3gica Docente da Institui\u00e7\u00e3o. Dessa vez, as atividades ocorrer\u00e3o integralmente atrav\u00e9s da internet, uma vez que as atividades presenciais da Universidade continuam suspensas em face \u00e0 propaga\u00e7\u00e3o e infec\u00e7\u00e3o iminentes <a class=\"leiamais\" href=\"https:\/\/centros.uepb.edu.br\/ccbsa\/prograd-promove-jornada-pedagogica-on-line-com-foco-na-aplicacao-de-ferramentas-digitais-no-ensino-superior\/\">Leia Mais&#8230;<\/a><\/p>\n","protected":false},"author":8,"featured_media":6927,"comment_status":"closed","ping_status":"closed","sticky":false,"template":"","format":"standard","meta":{"footnotes":""},"categories":[3,11],"tags":[],"class_list":["post-6926","post","type-post","status-publish","format-standard","has-post-thumbnail","hentry","category-noticias","category-noticias-destaque-img"],"jetpack_featured_media_url":"https:\/\/centros.uepb.edu.br\/ccbsa\/files\/2020\/06\/Jornada-Pedag\u00f3gica-2019.jpg","_links":{"self":[{"href":"https:\/\/centros.uepb.edu.br\/ccbsa\/wp-json\/wp\/v2\/posts\/6926","targetHints":{"allow":["GET"]}}],"collection":[{"href":"https:\/\/centros.uepb.edu.br\/ccbsa\/wp-json\/wp\/v2\/posts"}],"about":[{"href":"https:\/\/centros.uepb.edu.br\/ccbsa\/wp-json\/wp\/v2\/types\/post"}],"author":[{"embeddable":true,"href":"https:\/\/centros.uepb.edu.br\/ccbsa\/wp-json\/wp\/v2\/users\/8"}],"replies":[{"embeddable":true,"href":"https:\/\/centros.uepb.edu.br\/ccbsa\/wp-json\/wp\/v2\/comments?post=6926"}],"version-history":[{"count":0,"href":"https:\/\/centros.uepb.edu.br\/ccbsa\/wp-json\/wp\/v2\/posts\/6926\/revisions"}],"wp:featuredmedia":[{"embeddable":true,"href":"https:\/\/centros.uepb.edu.br\/ccbsa\/wp-json\/wp\/v2\/media\/6927"}],"wp:attachment":[{"href":"https:\/\/centros.uepb.edu.br\/ccbsa\/wp-json\/wp\/v2\/media?parent=6926"}],"wp:term":[{"taxonomy":"category","embeddable":true,"href":"https:\/\/centros.uepb.edu.br\/ccbsa\/wp-json\/wp\/v2\/categories?post=6926"},{"taxonomy":"post_tag","embeddable":true,"href":"https:\/\/centros.uepb.edu.br\/ccbsa\/wp-json\/wp\/v2\/tags?post=6926"}],"curies":[{"name":"wp","href":"https:\/\/api.w.org\/{rel}","templated":true}]}}