{"id":6892,"date":"2020-05-22T12:47:37","date_gmt":"2020-05-22T12:47:37","guid":{"rendered":"https:\/\/centros.uepb.edu.br\/ccbsa\/?p=6892"},"modified":"2020-05-22T12:47:37","modified_gmt":"2020-05-22T12:47:37","slug":"pesquisadores-do-ccbsa-lancam-livro-que-servira-de-referencia-nos-estudos-para-a-paz","status":"publish","type":"post","link":"https:\/\/centros.uepb.edu.br\/ccbsa\/pesquisadores-do-ccbsa-lancam-livro-que-servira-de-referencia-nos-estudos-para-a-paz\/","title":{"rendered":"Pesquisadores do CCBSA lan\u00e7am livro que servir\u00e1 de refer\u00eancia nos estudos para a paz"},"content":{"rendered":"<p><a href=\"https:\/\/centros.uepb.edu.br\/ccbsa\/files\/2020\/05\/Design-sem-nome.png\"><img loading=\"lazy\" decoding=\"async\" class=\"aligncenter size-full wp-image-6894 img-responsive\" src=\"https:\/\/centros.uepb.edu.br\/ccbsa\/files\/2020\/05\/Design-sem-nome.png\" alt=\"\" width=\"840\" height=\"454\" srcset=\"https:\/\/centros.uepb.edu.br\/ccbsa\/files\/2020\/05\/Design-sem-nome.png 840w, https:\/\/centros.uepb.edu.br\/ccbsa\/files\/2020\/05\/Design-sem-nome-300x162.png 300w, https:\/\/centros.uepb.edu.br\/ccbsa\/files\/2020\/05\/Design-sem-nome-768x415.png 768w, https:\/\/centros.uepb.edu.br\/ccbsa\/files\/2020\/05\/Design-sem-nome-370x200.png 370w\" sizes=\"auto, (max-width: 840px) 100vw, 840px\" \/><\/a><\/p>\n<p>Com o objetivo de atender a uma demanda por literatura em l\u00edngua portuguesa na \u00e1rea de estudos para a paz, um grupo de pesquisadores do Centro de Ci\u00eancias Biol\u00f3gicas e Sociais Aplicadas (CCBSA) da Universidade Estadual da Para\u00edba (UEPB), realiza na segunda-feira (25) \u00e0s 14h, por meio da plataforma digital Cisco Webex, o lan\u00e7amento do livro \u201cEstudos para a paz: conceitos e debates\u201d, que \u00e9 organizado pelos pesquisadores Paulo Kuhlmann, Marcos Alan Ferreira e Roberta Maschietto, e produzido em parceria com acad\u00eamicos do Brasil, Portugal, Mo\u00e7ambique e Estados Unidos.<\/p>\n<p>A introdu\u00e7\u00e3o da obra intitulada \u201cOs estudos para a paz e o Brasil\u201d, que foi escrita pelo professor Paulo Kuhlmann em conjunto com os pesquisadores Marcos Alan Ferreira e Roberta Maschietto, busca apresentar o livro, um hist\u00f3rico dos estudos para a paz no Brasil e compilar os diversos grupos que atuam nessa \u00e1rea no pa\u00eds.<\/p>\n<p>O livro conta com o cap\u00edtulo \u201cN\u00e3o viol\u00eancia e movimentos pela paz\u201d, tamb\u00e9m de autoria do professor Paulo Kuhlmann em parceria com a pesquisadora do Grupo de Estudos de Paz e Seguran\u00e7a Mundial (GEPASM\/UEPB) e mestre em Rela\u00e7\u00f5es Internacionais pela UEPB, Catarina Bezerra; tamb\u00e9m \u00e9 apresentada a discuss\u00e3o \u201cIdentidade, cultura e religi\u00e3o nos estudos para a paz\u201d, que \u00e9 mediada pela pesquisadora do curso de Rela\u00e7\u00f5es Internacionais da UEPB, S\u00edlvia Garcia Nogueira.<\/p>\n<p>S\u00e3o apresentados tamb\u00e9m os cap\u00edtulos \u201cArte e constru\u00e7\u00e3o da paz\u201d, escrito a partir da parceria entre o professor Paulo Kuhlmann e o egresso em Rela\u00e7\u00f5es Internacionais da UEPB e doutorando em Sociologia na UFPB, Lu\u00eds Eduardo Ramos e a graduada e mestre em Rela\u00e7\u00f5es Internacionais pela UEPB, Suerda Gabriela de Ara\u00fajo. Neste item \u00e9 apresentada a experi\u00eancia do Projeto Universidade em A\u00e7\u00e3o (PUA) da UEPB; e \u201cCompreender para mudar\u201d, escrito pelos docentes da UEPB, F\u00e1bio Nobre e S\u00edlvia Garcia Nogueira em conjunto com a pesquisadora Roberta Maschietto.<\/p>\n<p>De acordo com o professor Paulo Kuhlmann esse livro foi pensado a partir da articula\u00e7\u00e3o da Rede de Pesquisas sobre Paz, Conflitos e Estudos Cr\u00edticos de Seguran\u00e7a que re\u00fane diversos pesquisadores que estudam a tem\u00e1tica. \u201cAinda n\u00e3o havia um livro sobre esse tema em portugu\u00eas que pudesse servir de refer\u00eancia te\u00f3rica e pr\u00e1tica, ent\u00e3o foram reunidos os trabalhos e estudos de diversos pesquisadores que conseguimos articular\u201d, explicou o docente.<\/p>\n<p>Interessados em acompanhar o lan\u00e7amento, pela plataforma digital Cisco Webex a partir das 14h, devem solicitar inscri\u00e7\u00e3o at\u00e9 domingo (24), pelo e-mail rhmaschietto@gmail.com. Na mensagem, devem ser indicados nome e v\u00ednculo institucional.<\/p>\n<p><em><strong>Texto:<\/strong> Juliana Marques<\/em><\/p>\n","protected":false},"excerpt":{"rendered":"<p>Com o objetivo de atender a uma demanda por literatura em l\u00edngua portuguesa na \u00e1rea de estudos para a paz, um grupo de pesquisadores do Centro de Ci\u00eancias Biol\u00f3gicas e Sociais Aplicadas (CCBSA) da Universidade Estadual da Para\u00edba (UEPB), realiza na segunda-feira (25) \u00e0s 14h, por meio da plataforma digital Cisco Webex, o lan\u00e7amento do <a class=\"leiamais\" href=\"https:\/\/centros.uepb.edu.br\/ccbsa\/pesquisadores-do-ccbsa-lancam-livro-que-servira-de-referencia-nos-estudos-para-a-paz\/\">Leia Mais&#8230;<\/a><\/p>\n","protected":false},"author":8,"featured_media":6894,"comment_status":"closed","ping_status":"closed","sticky":false,"template":"","format":"standard","meta":{"footnotes":""},"categories":[3,11],"tags":[],"class_list":["post-6892","post","type-post","status-publish","format-standard","has-post-thumbnail","hentry","category-noticias","category-noticias-destaque-img"],"jetpack_featured_media_url":"https:\/\/centros.uepb.edu.br\/ccbsa\/files\/2020\/05\/Design-sem-nome.png","_links":{"self":[{"href":"https:\/\/centros.uepb.edu.br\/ccbsa\/wp-json\/wp\/v2\/posts\/6892","targetHints":{"allow":["GET"]}}],"collection":[{"href":"https:\/\/centros.uepb.edu.br\/ccbsa\/wp-json\/wp\/v2\/posts"}],"about":[{"href":"https:\/\/centros.uepb.edu.br\/ccbsa\/wp-json\/wp\/v2\/types\/post"}],"author":[{"embeddable":true,"href":"https:\/\/centros.uepb.edu.br\/ccbsa\/wp-json\/wp\/v2\/users\/8"}],"replies":[{"embeddable":true,"href":"https:\/\/centros.uepb.edu.br\/ccbsa\/wp-json\/wp\/v2\/comments?post=6892"}],"version-history":[{"count":0,"href":"https:\/\/centros.uepb.edu.br\/ccbsa\/wp-json\/wp\/v2\/posts\/6892\/revisions"}],"wp:featuredmedia":[{"embeddable":true,"href":"https:\/\/centros.uepb.edu.br\/ccbsa\/wp-json\/wp\/v2\/media\/6894"}],"wp:attachment":[{"href":"https:\/\/centros.uepb.edu.br\/ccbsa\/wp-json\/wp\/v2\/media?parent=6892"}],"wp:term":[{"taxonomy":"category","embeddable":true,"href":"https:\/\/centros.uepb.edu.br\/ccbsa\/wp-json\/wp\/v2\/categories?post=6892"},{"taxonomy":"post_tag","embeddable":true,"href":"https:\/\/centros.uepb.edu.br\/ccbsa\/wp-json\/wp\/v2\/tags?post=6892"}],"curies":[{"name":"wp","href":"https:\/\/api.w.org\/{rel}","templated":true}]}}