{"id":6881,"date":"2020-05-08T16:02:04","date_gmt":"2020-05-08T16:02:04","guid":{"rendered":"https:\/\/centros.uepb.edu.br\/ccbsa\/?p=6881"},"modified":"2020-05-08T16:02:04","modified_gmt":"2020-05-08T16:02:04","slug":"universidade-estadual-estende-suspensao-das-atividades-academicas-e-administrativas-ate-dia-14-de-junho","status":"publish","type":"post","link":"https:\/\/centros.uepb.edu.br\/ccbsa\/universidade-estadual-estende-suspensao-das-atividades-academicas-e-administrativas-ate-dia-14-de-junho\/","title":{"rendered":"Universidade Estadual estende suspens\u00e3o das atividades acad\u00eamicas e administrativas at\u00e9 dia 14 de junho"},"content":{"rendered":"<p>Ap\u00f3s reuni\u00e3o realizada por videoconfer\u00eancia, na manh\u00e3 desta sexta-feira (8, entre gestores de institui\u00e7\u00f5es de ensino superior do Estado, a Universidade Estadual da Para\u00edba (UEPB) estendeu a suspens\u00e3o de suas atividades acad\u00eamicas e administrativas at\u00e9 o dia 14 de junho. Os gestores, de forma conjunta, indicaram prorrogar a suspens\u00e3o das aulas em todas as suas unidades\/c\u00e2mpus, considerando as orienta\u00e7\u00f5es da Organiza\u00e7\u00e3o Mundial de Sa\u00fade (OMS), do Minist\u00e9rio da Sa\u00fade e dos \u00f3rg\u00e3o de Sa\u00fade e Vigil\u00e2ncia Sanit\u00e1ria do Estado da Para\u00edba, em decorr\u00eancia da pandemia de Covid-19.<\/p>\n<p>Nos setores administrativos da UEPB, as atividades presenciais dos t\u00e9cnicos administrativos tamb\u00e9m seguem suspensas at\u00e9 o dia 14 de junho. Nesse sentido, os servidores devem seguir trabalhando em sistema de home office. O objetivo de estender a suspens\u00e3o das atividades \u00e9 garantir a seguran\u00e7a em sa\u00fade da comunidade universit\u00e1ria, de modo a evitar concentra\u00e7\u00e3o de pessoas e, com isso, prevenir a infec\u00e7\u00e3o pelo novo coronav\u00edrus.<\/p>\n<p>Em rela\u00e7\u00e3o \u00e0s institui\u00e7\u00f5es particulares, elas seguir\u00e3o a Portaria 395\/2020 do MEC, que estabeleceu a substitui\u00e7\u00e3o das aulas presenciais por aulas em meios digitais at\u00e9 o dia 17 de maio e aguardam pr\u00f3xima determina\u00e7\u00e3o do Minist\u00e9rio sobre a quest\u00e3o. No caso do IFPB, embora a institui\u00e7\u00e3o tenha participado do encontro e venha seguindo as medidas conjuntas adotadas nas reuni\u00f5es, a decis\u00e3o sobre prorrogar a suspens\u00e3o das atividades ser\u00e1 definida por \u00f3rg\u00e3os internos. Uma nova reuni\u00e3o virtual entre os gestores ficou agendada para o dia 5 de junho, quando o cen\u00e1rio ser\u00e1 reavaliado e tamb\u00e9m ser\u00e3o debatidas medidas de seguran\u00e7a em sa\u00fade a serem adotadas para quando do retorno das atividades.<\/p>\n<p>Participaram da videoconfer\u00eancia que recomendou a prorroga\u00e7\u00e3o da suspens\u00e3o das atividades nas IES os gestores da UEPB, da Universidade Federal de Campina Grande (UFCG), do Instituto Federal da Para\u00edba (IFPB), da Unesc, Unifacisa, Uninassau, Faculdade Cesrei, Faculdade Rebou\u00e7as, Faculdades Integradas de Patos (FIP) e da Escola T\u00e9cnica CEAS.<\/p>\n<p><em><strong>Texto:<\/strong> Tatiana Brand\u00e3o<\/em><\/p>\n","protected":false},"excerpt":{"rendered":"<p>Ap\u00f3s reuni\u00e3o realizada por videoconfer\u00eancia, na manh\u00e3 desta sexta-feira (8, entre gestores de institui\u00e7\u00f5es de ensino superior do Estado, a Universidade Estadual da Para\u00edba (UEPB) estendeu a suspens\u00e3o de suas atividades acad\u00eamicas e administrativas at\u00e9 o dia 14 de junho. Os gestores, de forma conjunta, indicaram prorrogar a suspens\u00e3o das aulas em todas as suas <a class=\"leiamais\" href=\"https:\/\/centros.uepb.edu.br\/ccbsa\/universidade-estadual-estende-suspensao-das-atividades-academicas-e-administrativas-ate-dia-14-de-junho\/\">Leia Mais&#8230;<\/a><\/p>\n","protected":false},"author":8,"featured_media":6882,"comment_status":"closed","ping_status":"closed","sticky":false,"template":"","format":"standard","meta":{"footnotes":""},"categories":[3,11],"tags":[],"class_list":["post-6881","post","type-post","status-publish","format-standard","has-post-thumbnail","hentry","category-noticias","category-noticias-destaque-img"],"jetpack_featured_media_url":"https:\/\/centros.uepb.edu.br\/ccbsa\/files\/2020\/05\/0155B24B-A117-4835-B40F-C3D10E58A663.jpeg","_links":{"self":[{"href":"https:\/\/centros.uepb.edu.br\/ccbsa\/wp-json\/wp\/v2\/posts\/6881","targetHints":{"allow":["GET"]}}],"collection":[{"href":"https:\/\/centros.uepb.edu.br\/ccbsa\/wp-json\/wp\/v2\/posts"}],"about":[{"href":"https:\/\/centros.uepb.edu.br\/ccbsa\/wp-json\/wp\/v2\/types\/post"}],"author":[{"embeddable":true,"href":"https:\/\/centros.uepb.edu.br\/ccbsa\/wp-json\/wp\/v2\/users\/8"}],"replies":[{"embeddable":true,"href":"https:\/\/centros.uepb.edu.br\/ccbsa\/wp-json\/wp\/v2\/comments?post=6881"}],"version-history":[{"count":0,"href":"https:\/\/centros.uepb.edu.br\/ccbsa\/wp-json\/wp\/v2\/posts\/6881\/revisions"}],"wp:featuredmedia":[{"embeddable":true,"href":"https:\/\/centros.uepb.edu.br\/ccbsa\/wp-json\/wp\/v2\/media\/6882"}],"wp:attachment":[{"href":"https:\/\/centros.uepb.edu.br\/ccbsa\/wp-json\/wp\/v2\/media?parent=6881"}],"wp:term":[{"taxonomy":"category","embeddable":true,"href":"https:\/\/centros.uepb.edu.br\/ccbsa\/wp-json\/wp\/v2\/categories?post=6881"},{"taxonomy":"post_tag","embeddable":true,"href":"https:\/\/centros.uepb.edu.br\/ccbsa\/wp-json\/wp\/v2\/tags?post=6881"}],"curies":[{"name":"wp","href":"https:\/\/api.w.org\/{rel}","templated":true}]}}