{"id":6870,"date":"2020-04-17T18:06:00","date_gmt":"2020-04-17T18:06:00","guid":{"rendered":"https:\/\/centros.uepb.edu.br\/ccbsa\/?p=6870"},"modified":"2020-04-17T18:06:00","modified_gmt":"2020-04-17T18:06:00","slug":"universidade-estadual-estende-suspensao-das-atividades-academicas-e-administrativas-ate-dia-17-de-maio","status":"publish","type":"post","link":"https:\/\/centros.uepb.edu.br\/ccbsa\/universidade-estadual-estende-suspensao-das-atividades-academicas-e-administrativas-ate-dia-17-de-maio\/","title":{"rendered":"Universidade Estadual estende suspens\u00e3o das atividades acad\u00eamicas e administrativas at\u00e9 dia 17 de maio"},"content":{"rendered":"<p>Ap\u00f3s reuni\u00e3o realizada por videoconfer\u00eancia, na manh\u00e3 desta sexta-feira (17), entre gestores de institui\u00e7\u00f5es de ensino superior p\u00fablicas e privadas do Estado, a Universidade Estadual da Para\u00edba (UEPB) estendeu a suspens\u00e3o de suas atividades acad\u00eamicas e administrativas at\u00e9 o dia 17 de maio. Os gestores, de forma conjunta, indicaram prorrogar a suspens\u00e3o das aulas em todas as suas unidades\/c\u00e2mpus, considerando a Portaria 395\/2020 do Minist\u00e9rio da Educa\u00e7\u00e3o (MEC), bem como as orienta\u00e7\u00f5es da Organiza\u00e7\u00e3o Mundial de Sa\u00fade (OMS), do Minist\u00e9rio da Sa\u00fade e dos \u00f3rg\u00e3o de sa\u00fade e Vigil\u00e2ncia Sanit\u00e1ria do Estado da Para\u00edba.<\/p>\n<p>O objetivo de estender a suspens\u00e3o das atividades \u00e9 garantir a seguran\u00e7a em sa\u00fade da comunidade universit\u00e1ria, de modo a evitar concentra\u00e7\u00e3o de pessoas e, com isso, prevenir a infec\u00e7\u00e3o pelo novo coronav\u00edrus (Covid-19). Uma nova reuni\u00e3o virtual entre os gestores ficou agendada para o dia 8 de maio, quando o cen\u00e1rio ser\u00e1 reavaliado e tamb\u00e9m ser\u00e3o debatidas medidas de seguran\u00e7a em sa\u00fade a serem adotadas para quando do retorno das atividades. A necessidade de seguir com as atividades suspensas foi destacada pelos gestores como essencial, uma vez que o cen\u00e1rio relacionado \u00e0 Covid-19 no pa\u00eds ainda \u00e9 preocupante e o distanciamento social segue sendo a maneira mais eficaz de preven\u00e7\u00e3o.<\/p>\n<p>Nos setores administrativos da UEPB, as atividades presenciais dos t\u00e9cnicos administrativos tamb\u00e9m seguem suspensas at\u00e9 o dia 17 de maio. Nesse sentido, os servidores devem seguir trabalhando em sistema de home office. Com rela\u00e7\u00e3o aos servidores da \u00e1rea de Sa\u00fade, est\u00e1 sendo elaborado um estudo \u00e0 parte para avaliar a possibilidade de algumas atividades envolvidas no combate ao novo coronav\u00edrus, de acordo com a necessidade dos setores da UEPB e seguindo todas as normas de prote\u00e7\u00e3o, terem servidores sendo gradativamente chamados para o retorno do trabalho presencial.<\/p>\n<p>Participaram da reuni\u00e3o que recomendou a prorroga\u00e7\u00e3o da suspens\u00e3o das atividades nas IES os representantes da UEPB, da Universidade Federal de Campina Grande (UFCG), do Instituto Federal da Para\u00edba (IFPB), da Unesc, Unifacisa, Uninassau, Faculdade Cesrei, Faculdade Rebou\u00e7as, Faculdades Integradas de Patos (FIP) e da Escola T\u00e9cnica CEAS. Algumas institui\u00e7\u00f5es v\u00e3o anunciar sua data de retorno das atividades a partir de avalia\u00e7\u00f5es internas, podendo ou n\u00e3o seguir a indica\u00e7\u00e3o de retorno no dia 18 de maio.<\/p>\n<p><em><strong>Texto:<\/strong> Tatiana Brand\u00e3o<\/em><\/p>\n","protected":false},"excerpt":{"rendered":"<p>Ap\u00f3s reuni\u00e3o realizada por videoconfer\u00eancia, na manh\u00e3 desta sexta-feira (17), entre gestores de institui\u00e7\u00f5es de ensino superior p\u00fablicas e privadas do Estado, a Universidade Estadual da Para\u00edba (UEPB) estendeu a suspens\u00e3o de suas atividades acad\u00eamicas e administrativas at\u00e9 o dia 17 de maio. Os gestores, de forma conjunta, indicaram prorrogar a suspens\u00e3o das aulas em <a class=\"leiamais\" href=\"https:\/\/centros.uepb.edu.br\/ccbsa\/universidade-estadual-estende-suspensao-das-atividades-academicas-e-administrativas-ate-dia-17-de-maio\/\">Leia Mais&#8230;<\/a><\/p>\n","protected":false},"author":8,"featured_media":6855,"comment_status":"closed","ping_status":"closed","sticky":false,"template":"","format":"standard","meta":{"footnotes":""},"categories":[3,11],"tags":[],"class_list":["post-6870","post","type-post","status-publish","format-standard","has-post-thumbnail","hentry","category-noticias","category-noticias-destaque-img"],"jetpack_featured_media_url":"https:\/\/centros.uepb.edu.br\/ccbsa\/files\/2020\/04\/Covid-19-Slide.jpeg","_links":{"self":[{"href":"https:\/\/centros.uepb.edu.br\/ccbsa\/wp-json\/wp\/v2\/posts\/6870","targetHints":{"allow":["GET"]}}],"collection":[{"href":"https:\/\/centros.uepb.edu.br\/ccbsa\/wp-json\/wp\/v2\/posts"}],"about":[{"href":"https:\/\/centros.uepb.edu.br\/ccbsa\/wp-json\/wp\/v2\/types\/post"}],"author":[{"embeddable":true,"href":"https:\/\/centros.uepb.edu.br\/ccbsa\/wp-json\/wp\/v2\/users\/8"}],"replies":[{"embeddable":true,"href":"https:\/\/centros.uepb.edu.br\/ccbsa\/wp-json\/wp\/v2\/comments?post=6870"}],"version-history":[{"count":0,"href":"https:\/\/centros.uepb.edu.br\/ccbsa\/wp-json\/wp\/v2\/posts\/6870\/revisions"}],"wp:featuredmedia":[{"embeddable":true,"href":"https:\/\/centros.uepb.edu.br\/ccbsa\/wp-json\/wp\/v2\/media\/6855"}],"wp:attachment":[{"href":"https:\/\/centros.uepb.edu.br\/ccbsa\/wp-json\/wp\/v2\/media?parent=6870"}],"wp:term":[{"taxonomy":"category","embeddable":true,"href":"https:\/\/centros.uepb.edu.br\/ccbsa\/wp-json\/wp\/v2\/categories?post=6870"},{"taxonomy":"post_tag","embeddable":true,"href":"https:\/\/centros.uepb.edu.br\/ccbsa\/wp-json\/wp\/v2\/tags?post=6870"}],"curies":[{"name":"wp","href":"https:\/\/api.w.org\/{rel}","templated":true}]}}