{"id":6854,"date":"2020-04-13T13:18:15","date_gmt":"2020-04-13T13:18:15","guid":{"rendered":"https:\/\/centros.uepb.edu.br\/ccbsa\/?p=6854"},"modified":"2020-04-13T13:18:15","modified_gmt":"2020-04-13T13:18:15","slug":"instituicoes-de-ensino-superior-da-paraiba-prorrogam-suspensao-das-atividades-academicas-ate-26-de-abril","status":"publish","type":"post","link":"https:\/\/centros.uepb.edu.br\/ccbsa\/instituicoes-de-ensino-superior-da-paraiba-prorrogam-suspensao-das-atividades-academicas-ate-26-de-abril\/","title":{"rendered":"Institui\u00e7\u00f5es de ensino superior da Para\u00edba prorrogam suspens\u00e3o das atividades acad\u00eamicas at\u00e9 26 de abril"},"content":{"rendered":"<p>Em reuni\u00e3o realizada por videoconfer\u00eancia no dia 3 de abril os gestores de institui\u00e7\u00f5es de ensino superior p\u00fablicas e privadas da Para\u00edba decidiram prorrogar a suspens\u00e3o das aulas at\u00e9 o dia 26 de abril, em todas as suas unidades\/c\u00e2mpus.<\/p>\n<p>A recomenda\u00e7\u00e3o conjunta pela prorroga\u00e7\u00e3o considerou as orienta\u00e7\u00f5es da Organiza\u00e7\u00e3o Mundial de Sa\u00fade (OMS), Minist\u00e9rio da Sa\u00fade e dos \u00f3rg\u00e3o de sa\u00fade do Estado da Para\u00edba, e tem o objetivo de garantir a seguran\u00e7a em sa\u00fade da comunidade universit\u00e1ria, de modo a evitar concentra\u00e7\u00e3o de pessoas e, com isso, prevenir a infec\u00e7\u00e3o pelo novo coronav\u00edrus (Covid-19).<\/p>\n<p>Uma nova reuni\u00e3o virtual entre os gestores ficou pr\u00e9-agendada para o dia 17 de abril, quando o cen\u00e1rio ser\u00e1 reavaliado para verificar a possibilidade de nova prorroga\u00e7\u00e3o do retorno das atividades, de acordo com o quadro de sa\u00fade p\u00fablica que estar\u00e1 sendo vivenciado no momento, no Brasil e na Para\u00edba.<\/p>\n<p>Os gestores participantes da videoconfer\u00eancia foram un\u00e2nimes em destacar a necessidade da estender a suspens\u00e3o das atividades e refor\u00e7aram o apelo para que os membros de suas comunidades universit\u00e1rias obede\u00e7am o distanciamento social, que \u00e9 a maneira mais eficaz de preven\u00e7\u00e3o.<\/p>\n<p>No tocante aos setores administrativos da UEPB, a Administra\u00e7\u00e3o Central da Institui\u00e7\u00e3o tamb\u00e9m estendeu at\u00e9 o dia 26 de abril a suspens\u00e3o das atividades presenciais dos servidores t\u00e9cnicos administrativos, que devem seguir trabalhando em sistema de home office. As defini\u00e7\u00f5es constam na\u00a0<strong><a href=\"http:\/\/transparencia.uepb.edu.br\/administrativo\/atos-administrativos\/\" target=\"_blank\" rel=\"noreferrer noopener\" aria-label=\"Portaria UEPB\/GR\/0180\/2020 (opens in a new tab)\">Portaria UEPB\/GR\/0180\/2020<\/a><\/strong>.<\/p>\n<p>Participaram da reuni\u00e3o, al\u00e9m do reitor Rangel Junior, os gestores Vicem\u00e1rio Sim\u00f5es, da Universidade Federal de Campina Grande (UFCG); Jos\u00e9 Albino, do Instituto Federal da Para\u00edba (IFPB); Tatiane Lima, da Unesc; Dalton Gadelha e Gisele Gadelha, da Unifacisa; Cilene Andrade, na Uninassau; L\u00eanio Assis de Barros, da Faculdade Cesrei; e Jeannine N\u00f3brega, da Faculdade Rebou\u00e7as; al\u00e9m dos profissionais da \u00e1rea de sa\u00fade da Unifacisa, Guilherme Veras e Antonio Henriques Neto.<\/p>\n<p><em><strong>Texto:<\/strong>\u00a0Tatiana Brand\u00e3o<\/em><\/p>\n","protected":false},"excerpt":{"rendered":"<p>Em reuni\u00e3o realizada por videoconfer\u00eancia no dia 3 de abril os gestores de institui\u00e7\u00f5es de ensino superior p\u00fablicas e privadas da Para\u00edba decidiram prorrogar a suspens\u00e3o das aulas at\u00e9 o dia 26 de abril, em todas as suas unidades\/c\u00e2mpus. A recomenda\u00e7\u00e3o conjunta pela prorroga\u00e7\u00e3o considerou as orienta\u00e7\u00f5es da Organiza\u00e7\u00e3o Mundial de Sa\u00fade (OMS), Minist\u00e9rio da <a class=\"leiamais\" href=\"https:\/\/centros.uepb.edu.br\/ccbsa\/instituicoes-de-ensino-superior-da-paraiba-prorrogam-suspensao-das-atividades-academicas-ate-26-de-abril\/\">Leia Mais&#8230;<\/a><\/p>\n","protected":false},"author":8,"featured_media":6855,"comment_status":"closed","ping_status":"closed","sticky":false,"template":"","format":"standard","meta":{"footnotes":""},"categories":[3,11],"tags":[],"class_list":["post-6854","post","type-post","status-publish","format-standard","has-post-thumbnail","hentry","category-noticias","category-noticias-destaque-img"],"jetpack_featured_media_url":"https:\/\/centros.uepb.edu.br\/ccbsa\/files\/2020\/04\/Covid-19-Slide.jpeg","_links":{"self":[{"href":"https:\/\/centros.uepb.edu.br\/ccbsa\/wp-json\/wp\/v2\/posts\/6854","targetHints":{"allow":["GET"]}}],"collection":[{"href":"https:\/\/centros.uepb.edu.br\/ccbsa\/wp-json\/wp\/v2\/posts"}],"about":[{"href":"https:\/\/centros.uepb.edu.br\/ccbsa\/wp-json\/wp\/v2\/types\/post"}],"author":[{"embeddable":true,"href":"https:\/\/centros.uepb.edu.br\/ccbsa\/wp-json\/wp\/v2\/users\/8"}],"replies":[{"embeddable":true,"href":"https:\/\/centros.uepb.edu.br\/ccbsa\/wp-json\/wp\/v2\/comments?post=6854"}],"version-history":[{"count":0,"href":"https:\/\/centros.uepb.edu.br\/ccbsa\/wp-json\/wp\/v2\/posts\/6854\/revisions"}],"wp:featuredmedia":[{"embeddable":true,"href":"https:\/\/centros.uepb.edu.br\/ccbsa\/wp-json\/wp\/v2\/media\/6855"}],"wp:attachment":[{"href":"https:\/\/centros.uepb.edu.br\/ccbsa\/wp-json\/wp\/v2\/media?parent=6854"}],"wp:term":[{"taxonomy":"category","embeddable":true,"href":"https:\/\/centros.uepb.edu.br\/ccbsa\/wp-json\/wp\/v2\/categories?post=6854"},{"taxonomy":"post_tag","embeddable":true,"href":"https:\/\/centros.uepb.edu.br\/ccbsa\/wp-json\/wp\/v2\/tags?post=6854"}],"curies":[{"name":"wp","href":"https:\/\/api.w.org\/{rel}","templated":true}]}}