{"id":6841,"date":"2020-03-17T20:34:12","date_gmt":"2020-03-17T20:34:12","guid":{"rendered":"https:\/\/centros.uepb.edu.br\/ccbsa\/?p=6841"},"modified":"2020-03-17T20:34:12","modified_gmt":"2020-03-17T20:34:12","slug":"aulas-e-atividades-administrativas-sao-suspensas-ate-12-de-abril-na-uepb-diante-da-propagacao-do-covid-19","status":"publish","type":"post","link":"https:\/\/centros.uepb.edu.br\/ccbsa\/aulas-e-atividades-administrativas-sao-suspensas-ate-12-de-abril-na-uepb-diante-da-propagacao-do-covid-19\/","title":{"rendered":"Aulas e atividades administrativas s\u00e3o suspensas at\u00e9 12 de abril na UEPB diante da propaga\u00e7\u00e3o do Covid-19"},"content":{"rendered":"<p>A Administra\u00e7\u00e3o Central da Universidade Estadual da Para\u00edba (UEPB) publicou portarias dispondo sobre as atividades dos servidores t\u00e9cnicos administrativos e sobre a suspens\u00e3o das atividades letivas na Institui\u00e7\u00e3o, em decorr\u00eancia da propaga\u00e7\u00e3o e infec\u00e7\u00e3o iminentes do Covid-19. A Portaria UEPB\/GR\/0014\/2020 suspende as aulas em todos os c\u00e2mpus da UEPB at\u00e9 o dia 12 de abril, conforme decis\u00e3o conjunta tomada em reuni\u00e3o entre gestores de institui\u00e7\u00f5es de ensino superior paraibanas, realizada nesta ter\u00e7a-feira (17), no Gabinete da Reitoria, no C\u00e2mpus de Bodocong\u00f3, em Campina Grande.<\/p>\n<p>Conforme o documento, as atividades de defesa de Trabalhos de Conclus\u00e3o de Cursos (TCCs) de gradua\u00e7\u00e3o, mestrado e doutorado, previamente agendadas, devem acontecer pelo servi\u00e7o de webconfer\u00eancia. A medida leva em considera\u00e7\u00e3o a Normativa 01 do Comit\u00ea de Gest\u00e3o de Crise Covid-19 publicada nesta ter\u00e7a-feira pela Secretaria de Sa\u00fade do Estado da Para\u00edba, bem como a necessidade de evitar circula\u00e7\u00e3o e aglomera\u00e7\u00e3o de pessoas, fazendo-se urgente a promo\u00e7\u00e3o de isolamento social.<\/p>\n<p>J\u00e1 a Portaria UEPB\/GR\/0015\/2020 institui altera\u00e7\u00f5es no \u00e2mbito das atividades administrativas da Universidade. Nesse sentido, at\u00e9 o dia 12 de abril, o trabalho das unidades administrativas da Institui\u00e7\u00e3o ser\u00e3o desenvolvidos das 8h \u00e0s 12h, podendo ser exercido em regime remoto (home office), quando tecnicamente poss\u00edvel, ou revezamento. Em situa\u00e7\u00f5es de emerg\u00eancia, os t\u00e9cnicos administrativos poder\u00e3o ser convocados conforme orienta\u00e7\u00e3o e autoriza\u00e7\u00e3o das chefias.<\/p>\n<p>Aqueles t\u00e9cnicos administrativos que comp\u00f5em os grupos de risco (portadores de doen\u00e7as cr\u00f4nicas, gestantes, lactantes e idosos) ou os que necessitem cuidar de seus filhos, em raz\u00e3o de suspens\u00e3o das aulas nas escolas e creches, dever\u00e3o exercer sua jornada de trabalho remotamente. Excetuam-se da medida os vigilantes e agentes de seguran\u00e7a do quadro efetivo de servidores, fora do grupo de risco, que obedecem a hor\u00e1rios e turnos j\u00e1 estabelecidos em normas pr\u00f3prias.<\/p>\n<p>Uma nova reuni\u00e3o entre os gestores das IES paraibanas ficou pr\u00e9-agendada para o dia 3 de abril, quando o cen\u00e1rio ser\u00e1 reavaliado para verificar a possibilidade de antecipa\u00e7\u00e3o ou prorroga\u00e7\u00e3o do retorno das atividades, de acordo com o quadro em sa\u00fade p\u00fablica que estar\u00e1 sendo vivenciado, no momento, no Brasil e no Estado da Para\u00edba, e com as recomenda\u00e7\u00f5es dos \u00f3rg\u00e3os de Sa\u00fade e Vigil\u00e2ncia Sanit\u00e1ria. As portarias podem ser conferidas, na \u00edntegra, clicando\u00a0<strong><a href=\"http:\/\/transparencia.uepb.edu.br\/administrativo\/atos-administrativos\/\" target=\"_blank\" rel=\"noreferrer noopener\" aria-label=\"AQUI (opens in a new tab)\">AQUI<\/a><\/strong>.<\/p>\n<p><em><strong>Texto:<\/strong>\u00a0Tatiana Brand\u00e3o<\/em><\/p>\n","protected":false},"excerpt":{"rendered":"<p>A Administra\u00e7\u00e3o Central da Universidade Estadual da Para\u00edba (UEPB) publicou portarias dispondo sobre as atividades dos servidores t\u00e9cnicos administrativos e sobre a suspens\u00e3o das atividades letivas na Institui\u00e7\u00e3o, em decorr\u00eancia da propaga\u00e7\u00e3o e infec\u00e7\u00e3o iminentes do Covid-19. A Portaria UEPB\/GR\/0014\/2020 suspende as aulas em todos os c\u00e2mpus da UEPB at\u00e9 o dia 12 de abril, <a class=\"leiamais\" href=\"https:\/\/centros.uepb.edu.br\/ccbsa\/aulas-e-atividades-administrativas-sao-suspensas-ate-12-de-abril-na-uepb-diante-da-propagacao-do-covid-19\/\">Leia Mais&#8230;<\/a><\/p>\n","protected":false},"author":8,"featured_media":6822,"comment_status":"closed","ping_status":"closed","sticky":false,"template":"","format":"standard","meta":{"footnotes":""},"categories":[3,11],"tags":[],"class_list":["post-6841","post","type-post","status-publish","format-standard","has-post-thumbnail","hentry","category-noticias","category-noticias-destaque-img"],"jetpack_featured_media_url":"https:\/\/centros.uepb.edu.br\/ccbsa\/files\/2020\/03\/Comunicado.jpeg","_links":{"self":[{"href":"https:\/\/centros.uepb.edu.br\/ccbsa\/wp-json\/wp\/v2\/posts\/6841","targetHints":{"allow":["GET"]}}],"collection":[{"href":"https:\/\/centros.uepb.edu.br\/ccbsa\/wp-json\/wp\/v2\/posts"}],"about":[{"href":"https:\/\/centros.uepb.edu.br\/ccbsa\/wp-json\/wp\/v2\/types\/post"}],"author":[{"embeddable":true,"href":"https:\/\/centros.uepb.edu.br\/ccbsa\/wp-json\/wp\/v2\/users\/8"}],"replies":[{"embeddable":true,"href":"https:\/\/centros.uepb.edu.br\/ccbsa\/wp-json\/wp\/v2\/comments?post=6841"}],"version-history":[{"count":0,"href":"https:\/\/centros.uepb.edu.br\/ccbsa\/wp-json\/wp\/v2\/posts\/6841\/revisions"}],"wp:featuredmedia":[{"embeddable":true,"href":"https:\/\/centros.uepb.edu.br\/ccbsa\/wp-json\/wp\/v2\/media\/6822"}],"wp:attachment":[{"href":"https:\/\/centros.uepb.edu.br\/ccbsa\/wp-json\/wp\/v2\/media?parent=6841"}],"wp:term":[{"taxonomy":"category","embeddable":true,"href":"https:\/\/centros.uepb.edu.br\/ccbsa\/wp-json\/wp\/v2\/categories?post=6841"},{"taxonomy":"post_tag","embeddable":true,"href":"https:\/\/centros.uepb.edu.br\/ccbsa\/wp-json\/wp\/v2\/tags?post=6841"}],"curies":[{"name":"wp","href":"https:\/\/api.w.org\/{rel}","templated":true}]}}