{"id":684,"date":"2013-08-13T14:31:41","date_gmt":"2013-08-13T14:31:41","guid":{"rendered":"\/ccbsa\/?p=684"},"modified":"2013-08-27T18:16:52","modified_gmt":"2013-08-27T18:16:52","slug":"comissao-cultural-divulga-normas-e-prazos-de-inscricao-para-show-de-talentos-gincana-e-corrida","status":"publish","type":"post","link":"https:\/\/centros.uepb.edu.br\/ccbsa\/comissao-cultural-divulga-normas-e-prazos-de-inscricao-para-show-de-talentos-gincana-e-corrida\/","title":{"rendered":"T\u00eam in\u00edcio nesta ter\u00e7a-feira as atividades que marcam os 7 anos de cria\u00e7\u00e3o do Campus V"},"content":{"rendered":"<p><a href=\"http:\/\/centros.ascom.uepb.edu.br\/ccbsa\/files\/2013\/08\/SELO-JO\u00c3O-PESSOA.jpg\"><img loading=\"lazy\" decoding=\"async\" class=\"alignleft size-medium wp-image-759 img-responsive\" alt=\"SELO JO\u00c3O PESSOA\" src=\"http:\/\/centros.ascom.uepb.edu.br\/ccbsa\/files\/2013\/08\/SELO-JO\u00c3O-PESSOA-300x248.jpg\" width=\"300\" height=\"248\" srcset=\"https:\/\/centros.uepb.edu.br\/ccbsa\/files\/2013\/08\/SELO-JO\u00c3O-PESSOA-300x248.jpg 300w, https:\/\/centros.uepb.edu.br\/ccbsa\/files\/2013\/08\/SELO-JO\u00c3O-PESSOA.jpg 365w\" sizes=\"auto, (max-width: 300px) 100vw, 300px\" \/><\/a>Palestras, mesas-redondas, exibi\u00e7\u00e3o de v\u00eddeo, gincana, mostra cient\u00edfica, show de talentos, corrida, caminhada e apresenta\u00e7\u00f5es culturais integram a programa\u00e7\u00e3o do 7\u00ba anivers\u00e1rio de cria\u00e7\u00e3o do Campus V da Universidade Estadual da Para\u00edba, a ser realizado\u00a0nesta ter\u00e7a e quarta-feira, 27 e 28 de agosto,\u00a0nas depend\u00eancias do CCBSA.<\/p>\n<p>Durante o evento tamb\u00e9m ser\u00e1 realizada a 4\u00aa mostra de ensino, pesquisa e extens\u00e3o, que nesta edi\u00e7\u00e3o abordar\u00e1 a tem\u00e1tica \u201c\u00c9tica e educa\u00e7\u00e3o: temas e dilemas no s\u00e9culo XXI\u201d.<\/p>\n<p>A abertura do evento ser\u00e1 no dia 27 de agosto,\u00a0 com a presen\u00e7a do vice-reitor Ethan Barbosa, da pr\u00f3-reitora de p\u00f3s-gradua\u00e7\u00e3o e pesquisa, Marcionila Fernandes, al\u00e9m de coordenadores de curso, estudantes, discentes, t\u00e9cnicos administrativos e a comunidade acad\u00eamica e popula\u00e7\u00e3o dos bairros localizados no entorno do CCBSA.<\/p>\n<p>No in\u00edcio do dia 28 de agosto, a partir das 8h ser\u00e1 realizada a montagem e apresenta\u00e7\u00e3o dos p\u00f4steres selecionados na mostra cient\u00edfica. Durante toda amanh\u00e3 haver\u00e1 a exposi\u00e7\u00e3o de artesanato e cultura com artes\u00e3os do bairro de Cristo e Rangel, oficina de anatomia humana, mostra de v\u00eddeos e ao longo do dia haver\u00e1 palestra e mesas-redondas nas tr\u00eas \u00e1reas das gradua\u00e7\u00f5es do Campus V, gincana e mostra de v\u00eddeos \u201cDoc Festival: novos olhares sobre Cristo e Rangel\u201d. Devido ao baixo n\u00famero de inscritos, a corrida e caminhada que ocorreriam na manh\u00e3 desta quarta-feira foram cancelados.<\/p>\n<p>A partir das\u00a014h50, no audit\u00f3rio Pioneiros,\u00a0tamb\u00e9m\u00a0haver\u00e1 o lan\u00e7amento do livro \u201cSemin\u00e1rio de saberes arquiv\u00edsticos: pr\u00e1ticas de leitura e escrita na universidade\u201d, de autoria das docentes da UEPB, Eliete dos Santos e Francinete de Sousa. A obra traz uma discuss\u00e3o sobre a escrita dos discentes nas avalia\u00e7\u00f5es acad\u00eamicas como monografia, disserta\u00e7\u00e3o, tese. Al\u00e9m da discuss\u00e3o, o livro traz uma an\u00e1lise de textos de estudantes de gradua\u00e7\u00e3o feita por pesquisadores renomados nacional e internacionalmente.<\/p>\n<p>A novidade desta edi\u00e7\u00e3o \u00e9 a mesa-redonda \u201cO N\u00facleo de L\u00ednguas e o Contexto Acad\u00eamico do Campus V\u201d, a ser realizada no dia 28, \u00e0s 9h, na sala 18,\u00a0voltada \u00e0 exposi\u00e7\u00e3o das atividades deste setor, possibilidades de pesquisas na \u00e1rea e import\u00e2ncia do n\u00facleo para a comunidade acad\u00eamica do CCBSA. A atividade contar\u00e1 com apresenta\u00e7\u00f5es referente \u00e0 cada l\u00edngua ofertada no n\u00facleo, com os professores Aparecida Francisco (L\u00edngua Francesa), Rosemary Evaristo Barbosa (L\u00edngua Portuguesa),\u00a0 Claudiane Costa Aguiar (L\u00edngua Inglesa e Profici\u00eancia) Eneida Gurgel\u00a0 (L\u00edngua Espanhola), tendo a coordenadora do N\u00facleo de L\u00ednguas, professora M\u00f4nica Santana, como mediadora.<\/p>\n<p>O evento ser\u00e1 encerrado com a premia\u00e7\u00e3o dos melhores p\u00f4steres, vencedores da gincana e\u00a0show de talentos. Tamb\u00e9m ser\u00e3o realizadas <a href=\"http:\/\/centros.ascom.uepb.edu.br\/ccbsa\/files\/2013\/08\/DIPLOMATA-83.jpg\"><img loading=\"lazy\" decoding=\"async\" class=\"alignright size-thumbnail wp-image-687 img-responsive\" alt=\"DIPLOMATA 83\" src=\"http:\/\/centros.ascom.uepb.edu.br\/ccbsa\/files\/2013\/08\/DIPLOMATA-83-150x150.jpg\" width=\"150\" height=\"150\" \/><\/a>apresenta\u00e7\u00f5es culturais com a\u00a0\u201cArquibanda\u201d, formada por estudantes e o professor Henrique Fran\u00e7a, do curso de Arquivologia da UEPB, e \u201cDiplomata 83\u201d, banda paraibana formada por C\u00edcero Jr. (guitarra) Fl\u00e1vio Soares (guitarra) Ricardo Lacerda (bateria) e \u00cdtalo Lacerda (baixo).<\/p>\n<p>A banda \u201cDiplomata 83\u201d \u00e9 uma atualiza\u00e7\u00e3o da antiga banda \u201cRevolto\u201d, que foi formada em 2001 e tinha um estilo musical bem variado, prevalecendo o metal. De acordo com os integrantes do grupo a proposta desse novo trabalho \u00e9 \u201creviver o rock &#8216;n roll retr\u00f4\u201d. Atualmente o grupo est\u00e1 em est\u00fadio gravando e adaptando algumas can\u00e7\u00f5es autorais. Nas apresenta\u00e7\u00f5es da \u201cDiplomata 83\u201d, al\u00e9m de can\u00e7\u00f5es de autoria pr\u00f3pria s\u00e3o executados alguns covers de rock nacional e internacional.<\/p>\n<p>&nbsp;<\/p>\n<p>Confira a\u00a0[wpfilebase tag=fileurl id=25 linktext=&#8217;programa\u00e7\u00e3o completa&#8217; \/] do anivers\u00e1rio do Campus V<\/p>\n<p>&nbsp;<\/p>\n","protected":false},"excerpt":{"rendered":"<p>Palestras, mesas-redondas, exibi\u00e7\u00e3o de v\u00eddeo, gincana, mostra cient\u00edfica, show de talentos, corrida, caminhada e apresenta\u00e7\u00f5es culturais integram a programa\u00e7\u00e3o do 7\u00ba anivers\u00e1rio de cria\u00e7\u00e3o do Campus V da Universidade Estadual da Para\u00edba, a ser realizado\u00a0nesta ter\u00e7a e quarta-feira, 27 e 28 de agosto,\u00a0nas depend\u00eancias do CCBSA. Durante o evento tamb\u00e9m ser\u00e1 realizada a 4\u00aa mostra <a class=\"leiamais\" href=\"https:\/\/centros.uepb.edu.br\/ccbsa\/comissao-cultural-divulga-normas-e-prazos-de-inscricao-para-show-de-talentos-gincana-e-corrida\/\">Leia Mais&#8230;<\/a><\/p>\n","protected":false},"author":8,"featured_media":759,"comment_status":"open","ping_status":"open","sticky":false,"template":"","format":"standard","meta":{"footnotes":""},"categories":[6],"tags":[],"class_list":["post-684","post","type-post","status-publish","format-standard","has-post-thumbnail","hentry","category-slide"],"jetpack_featured_media_url":"https:\/\/centros.uepb.edu.br\/ccbsa\/files\/2013\/08\/SELO-JO\u00c3O-PESSOA.jpg","_links":{"self":[{"href":"https:\/\/centros.uepb.edu.br\/ccbsa\/wp-json\/wp\/v2\/posts\/684","targetHints":{"allow":["GET"]}}],"collection":[{"href":"https:\/\/centros.uepb.edu.br\/ccbsa\/wp-json\/wp\/v2\/posts"}],"about":[{"href":"https:\/\/centros.uepb.edu.br\/ccbsa\/wp-json\/wp\/v2\/types\/post"}],"author":[{"embeddable":true,"href":"https:\/\/centros.uepb.edu.br\/ccbsa\/wp-json\/wp\/v2\/users\/8"}],"replies":[{"embeddable":true,"href":"https:\/\/centros.uepb.edu.br\/ccbsa\/wp-json\/wp\/v2\/comments?post=684"}],"version-history":[{"count":0,"href":"https:\/\/centros.uepb.edu.br\/ccbsa\/wp-json\/wp\/v2\/posts\/684\/revisions"}],"wp:featuredmedia":[{"embeddable":true,"href":"https:\/\/centros.uepb.edu.br\/ccbsa\/wp-json\/wp\/v2\/media\/759"}],"wp:attachment":[{"href":"https:\/\/centros.uepb.edu.br\/ccbsa\/wp-json\/wp\/v2\/media?parent=684"}],"wp:term":[{"taxonomy":"category","embeddable":true,"href":"https:\/\/centros.uepb.edu.br\/ccbsa\/wp-json\/wp\/v2\/categories?post=684"},{"taxonomy":"post_tag","embeddable":true,"href":"https:\/\/centros.uepb.edu.br\/ccbsa\/wp-json\/wp\/v2\/tags?post=684"}],"curies":[{"name":"wp","href":"https:\/\/api.w.org\/{rel}","templated":true}]}}