{"id":6830,"date":"2020-03-17T12:48:46","date_gmt":"2020-03-17T12:48:46","guid":{"rendered":"https:\/\/centros.uepb.edu.br\/ccbsa\/?p=6830"},"modified":"2020-03-17T13:00:53","modified_gmt":"2020-03-17T13:00:53","slug":"direcao-do-ccbsa-realiza-reunioes-para-sistematizar-acoes-e-implementa-medidas-de-prevencao-ao-covid-19","status":"publish","type":"post","link":"https:\/\/centros.uepb.edu.br\/ccbsa\/direcao-do-ccbsa-realiza-reunioes-para-sistematizar-acoes-e-implementa-medidas-de-prevencao-ao-covid-19\/","title":{"rendered":"Dire\u00e7\u00e3o do CCBSA realiza reuni\u00f5es para sistematizar a\u00e7\u00f5es e implementa medidas de preven\u00e7\u00e3o ao COVID-19"},"content":{"rendered":"<p>&nbsp;<\/p>\n<p>&nbsp;<\/p>\n\n\t\t<style type=\"text\/css\">\n\t\t\t#gallery-1 {\n\t\t\t\tmargin: auto;\n\t\t\t}\n\t\t\t#gallery-1 .gallery-item {\n\t\t\t\tfloat: left;\n\t\t\t\tmargin-top: 10px;\n\t\t\t\ttext-align: center;\n\t\t\t\twidth: 33%;\n\t\t\t}\n\t\t\t#gallery-1 img {\n\t\t\t\tborder: 2px solid #cfcfcf;\n\t\t\t}\n\t\t\t#gallery-1 .gallery-caption {\n\t\t\t\tmargin-left: 0;\n\t\t\t}\n\t\t\t\/* see gallery_shortcode() in wp-includes\/media.php *\/\n\t\t<\/style>\n\t\t<div id='gallery-1' class='gallery galleryid-6830 gallery-columns-3 gallery-size-full'><dl class='gallery-item'>\n\t\t\t<dt class='gallery-icon landscape'>\n\t\t\t\t<a href='https:\/\/centros.uepb.edu.br\/ccbsa\/files\/2020\/03\/IMG_4725.jpg'><img loading=\"lazy\" decoding=\"async\" width=\"840\" height=\"454\" src=\"https:\/\/centros.uepb.edu.br\/ccbsa\/files\/2020\/03\/IMG_4725.jpg\" class=\"attachment-full size-full\" alt=\"\" srcset=\"https:\/\/centros.uepb.edu.br\/ccbsa\/files\/2020\/03\/IMG_4725.jpg 840w, https:\/\/centros.uepb.edu.br\/ccbsa\/files\/2020\/03\/IMG_4725-300x162.jpg 300w, https:\/\/centros.uepb.edu.br\/ccbsa\/files\/2020\/03\/IMG_4725-768x415.jpg 768w, https:\/\/centros.uepb.edu.br\/ccbsa\/files\/2020\/03\/IMG_4725-370x200.jpg 370w\" sizes=\"auto, (max-width: 840px) 100vw, 840px\" \/><\/a>\n\t\t\t<\/dt><\/dl><dl class='gallery-item'>\n\t\t\t<dt class='gallery-icon landscape'>\n\t\t\t\t<a href='https:\/\/centros.uepb.edu.br\/ccbsa\/files\/2020\/03\/IMG_4738.jpg'><img loading=\"lazy\" decoding=\"async\" width=\"840\" height=\"454\" src=\"https:\/\/centros.uepb.edu.br\/ccbsa\/files\/2020\/03\/IMG_4738.jpg\" class=\"attachment-full size-full\" alt=\"\" srcset=\"https:\/\/centros.uepb.edu.br\/ccbsa\/files\/2020\/03\/IMG_4738.jpg 840w, https:\/\/centros.uepb.edu.br\/ccbsa\/files\/2020\/03\/IMG_4738-300x162.jpg 300w, https:\/\/centros.uepb.edu.br\/ccbsa\/files\/2020\/03\/IMG_4738-768x415.jpg 768w, https:\/\/centros.uepb.edu.br\/ccbsa\/files\/2020\/03\/IMG_4738-370x200.jpg 370w\" sizes=\"auto, (max-width: 840px) 100vw, 840px\" \/><\/a>\n\t\t\t<\/dt><\/dl>\n\t\t\t<br style='clear: both' \/>\n\t\t<\/div>\n\n<p>A dire\u00e7\u00e3o do Centro de Ci\u00eancias Biol\u00f3gicas e Sociais Aplicadas (CCBSA) tem realizado diversas reuni\u00f5es com o objetivo de sistematizar a\u00e7\u00f5es e implementar medidas de preven\u00e7\u00e3o ao COVID-19. Na manh\u00e3 desta segunda-feira (16) a diretora Jacqueline Echeverr\u00eda Barrancos esteve reunida com os coordenadores dos cursos de gradua\u00e7\u00e3o do C\u00e2mpus V para discutir as a\u00e7\u00f5es que podem ser implementadas de imediato e a longo prazo para prevenir a propaga\u00e7\u00e3o do v\u00edrus no CCBSA.<\/p>\n<p>Tamb\u00e9m foi realizada uma reuni\u00e3o com a equipe respons\u00e1vel pela limpeza e manuten\u00e7\u00e3o das instala\u00e7\u00f5es do CCBSA que foi orientada a refor\u00e7ar a higieniza\u00e7\u00e3o com \u00e1lcool em superf\u00edcies com alto contato como mesas, telefones, ma\u00e7anetas, mouses, teclados; maior frequ\u00eancia na limpeza dos banheiros, que est\u00e3o com sabonete l\u00edquido e papel toalha. A dire\u00e7\u00e3o e equipe de manuten\u00e7\u00e3o refor\u00e7aram que foi feito um novo pedido de \u00e1lcool gel e sabonete l\u00edquido para permitir que tais medidas sejam continuadas.<\/p>\n<p>Al\u00e9m disso, todas as janelas foram destravadas para permitir a circula\u00e7\u00e3o de ar e alguns docentes j\u00e3 est\u00e3o utilizando plataformas a dist\u00e2ncia para a realiza\u00e7\u00e3o de atividades e aulas. E justamente com o objetivo de viabilizar a realiza\u00e7\u00e3o de atividades online a\u00a0Universidade Estadual da Para\u00edba (UEPB), atrav\u00e9s da Coordenadoria de Tecnologia da Informa\u00e7\u00e3o e Comunica\u00e7\u00e3o (CTIC), est\u00e1 disponibilizando para alunos, professores e t\u00e9cnicos administrativos da UEPB as ferramentas da plataforma G Suite for Education, servi\u00e7o ofertado pelo Google voltado para a inova\u00e7\u00e3o em Educa\u00e7\u00e3o e aperfei\u00e7oamento do fluxo de trabalho administrativo de institui\u00e7\u00f5es de ensino.<\/p>\n<p>A proposta busca fomentar a inclus\u00e3o digital e garantir um funcionamento mais eficiente das unidades administrativas e de ensino da Universidade. Com a ades\u00e3o da UEPB aos servi\u00e7os do Google, realizada sem custos para a Institui\u00e7\u00e3o, a comunidade universit\u00e1ria ter\u00e1 acesso a e-mail ilimitado, Google Drive, Agenda, Hangouts Meet, F\u00f3runs, Google Sala de Aula, entre outras ferramentas dispon\u00edveis pela plataforma, de forma totalmente gratuita.<\/p>\n<p>A dire\u00e7\u00e3o do CCBSA reitera ainda que est\u00e1 monitorando a situa\u00e7\u00e3o e, enquanto n\u00e3o h\u00e1 nenhuma nova orienta\u00e7\u00e3o, est\u00e1 seguindo as determina\u00e7\u00f5es da reitoria que, de acordo com a <strong><a href=\"http:\/\/transparencia.uepb.edu.br\/administrativo\/atos-administrativos\/\" target=\"_blank\" rel=\"noreferrer noopener\" aria-label=\"Portaria UEPB\/GR\/0012\/2020 (opens in a new tab)\">Portaria UEPB\/GR\/0012\/2020<\/a><\/strong>, suspende afastamentos funcionais para viagens ou estudo a serem realizados fora do pa\u00eds, eventos cient\u00edficos, culturais ou art\u00edsticos, tais como encontros, semin\u00e1rios, workshops, solenidades de premia\u00e7\u00e3o, entre outros, que promovam aglutina\u00e7\u00e3o superior a 50 pessoas em recinto fechado, dentre outras determina\u00e7\u00f5es.<\/p>\n<p>Com isso, o calend\u00e1rio de eventos previstos para o primeiro semestre de 2020 ser\u00e1 alterado e novas datas ser\u00e3o divulgadas posteriormente, em ato complementar espec\u00edfico. As atividades acad\u00eamicas curriculares de ensino, pesquisa e extens\u00e3o, que n\u00e3o envolvam a\u00e7\u00f5es com p\u00fablico acima de 50 pessoas, bem como atividades administrativas em todos os c\u00e2mpus, conforme orienta\u00e7\u00f5es das autoridades sanit\u00e1rias da Para\u00edba, est\u00e3o mantidas.<\/p>\n<p>O documento recomenda que seja estimulado ao p\u00fablico idoso, gestantes, lactantes e \u00e0s pessoas com doen\u00e7as cr\u00f4nicas, trabalhos em hor\u00e1rios alternativos com escala, reuni\u00f5es virtuais e home office, bem como faculta as atividades presenciais aos t\u00e9cnicos administrativos, docentes e alunos com mais de 60 anos. Ser\u00e1 acatado como documento v\u00e1lido para libera\u00e7\u00e3o eventual de atividades, sem a necessidade de atestado m\u00e9dico, a autodeclara\u00e7\u00e3o de estudantes ou servidores (docentes e t\u00e9cnicos) que apresentem sintomas do Covid-19, que tiveram contato com pessoas j\u00e1 contaminadas pelo coronav\u00edrus ou que apresentem sintomas gripais em geral.<\/p>\n<p>Est\u00e3o suspensas a concess\u00e3o de passagens a\u00e9reas nacionais e internacionais, de qualquer natureza e independente de justificativa, inclusive para visitantes; a autoriza\u00e7\u00e3o de viagens para outras localidades em vans, \u00f4nibus ou micro-\u00f4nibus; e a concess\u00e3o de qualquer apoio financeiro ou material a viagens para participa\u00e7\u00e3o em eventos acad\u00eamicos, mesmo com trabalhos aprovados, dentro ou fora do pa\u00eds. Aqueles servidores, discentes e colaboradores que estiveram, nos \u00faltimos 20 dias, em localidades onde houve propaga\u00e7\u00e3o e infe\u00e7\u00e3o pelo Covid-19, devem comunicar imediatamente \u00e0 Pr\u00f3-Reitoria de Gest\u00e3o de Pessoas (PROGEP), para que sejam observados os protocolos que o caso requer.<\/p>\n<p>Est\u00e1 determinada quarentena de sete dias a todos os membros da comunidade universit\u00e1ria que, recentemente, tenham retornado de viagem ao exterior, independente de sintomas, principalmente de localidades afetadas com o Covid-19. Tamb\u00e9m ficou definida a intensifica\u00e7\u00e3o de campanhas informativas e educativas que visem ampliar o conhecimento e estimular a pr\u00e1tica de m\u00e9todos e h\u00e1bitos preventivos a serem observados por alunos, professores, t\u00e9cnicos, trabalhadores terceirizados e a popula\u00e7\u00e3o em geral. \u00c1lcool em gel a 70% antiss\u00e9ptico ser\u00e1 disponibilizado em dispensadores para a comunidade acad\u00eamica, com sinalizadores em locais estrat\u00e9gicos e ao lado dos equipamentos de ponto eletr\u00f4nico.<\/p>\n<p>O documento, na \u00edntegra, pode ser conferido clicando\u00a0<strong><a href=\"http:\/\/transparencia.uepb.edu.br\/administrativo\/atos-administrativos\/\" target=\"_blank\" rel=\"noreferrer noopener\" aria-label=\"AQUI (opens in a new tab)\">AQUI<\/a><\/strong>.<\/p>\n<p><em><strong>Texto:<\/strong> Tatiana Brand\u00e3o e Juliana Marques<\/em><\/p>\n","protected":false},"excerpt":{"rendered":"<p>&nbsp; &nbsp; A dire\u00e7\u00e3o do Centro de Ci\u00eancias Biol\u00f3gicas e Sociais Aplicadas (CCBSA) tem realizado diversas reuni\u00f5es com o objetivo de sistematizar a\u00e7\u00f5es e implementar medidas de preven\u00e7\u00e3o ao COVID-19. Na manh\u00e3 desta segunda-feira (16) a diretora Jacqueline Echeverr\u00eda Barrancos esteve reunida com os coordenadores dos cursos de gradua\u00e7\u00e3o do C\u00e2mpus V para discutir as <a class=\"leiamais\" href=\"https:\/\/centros.uepb.edu.br\/ccbsa\/direcao-do-ccbsa-realiza-reunioes-para-sistematizar-acoes-e-implementa-medidas-de-prevencao-ao-covid-19\/\">Leia Mais&#8230;<\/a><\/p>\n","protected":false},"author":8,"featured_media":6835,"comment_status":"closed","ping_status":"closed","sticky":false,"template":"","format":"standard","meta":{"footnotes":""},"categories":[3,11],"tags":[],"class_list":["post-6830","post","type-post","status-publish","format-standard","has-post-thumbnail","hentry","category-noticias","category-noticias-destaque-img"],"jetpack_featured_media_url":"https:\/\/centros.uepb.edu.br\/ccbsa\/files\/2020\/03\/IMG_4738.jpg","_links":{"self":[{"href":"https:\/\/centros.uepb.edu.br\/ccbsa\/wp-json\/wp\/v2\/posts\/6830","targetHints":{"allow":["GET"]}}],"collection":[{"href":"https:\/\/centros.uepb.edu.br\/ccbsa\/wp-json\/wp\/v2\/posts"}],"about":[{"href":"https:\/\/centros.uepb.edu.br\/ccbsa\/wp-json\/wp\/v2\/types\/post"}],"author":[{"embeddable":true,"href":"https:\/\/centros.uepb.edu.br\/ccbsa\/wp-json\/wp\/v2\/users\/8"}],"replies":[{"embeddable":true,"href":"https:\/\/centros.uepb.edu.br\/ccbsa\/wp-json\/wp\/v2\/comments?post=6830"}],"version-history":[{"count":0,"href":"https:\/\/centros.uepb.edu.br\/ccbsa\/wp-json\/wp\/v2\/posts\/6830\/revisions"}],"wp:featuredmedia":[{"embeddable":true,"href":"https:\/\/centros.uepb.edu.br\/ccbsa\/wp-json\/wp\/v2\/media\/6835"}],"wp:attachment":[{"href":"https:\/\/centros.uepb.edu.br\/ccbsa\/wp-json\/wp\/v2\/media?parent=6830"}],"wp:term":[{"taxonomy":"category","embeddable":true,"href":"https:\/\/centros.uepb.edu.br\/ccbsa\/wp-json\/wp\/v2\/categories?post=6830"},{"taxonomy":"post_tag","embeddable":true,"href":"https:\/\/centros.uepb.edu.br\/ccbsa\/wp-json\/wp\/v2\/tags?post=6830"}],"curies":[{"name":"wp","href":"https:\/\/api.w.org\/{rel}","templated":true}]}}