{"id":6828,"date":"2020-03-16T15:39:32","date_gmt":"2020-03-16T15:39:32","guid":{"rendered":"https:\/\/centros.uepb.edu.br\/ccbsa\/?p=6828"},"modified":"2020-03-17T14:27:28","modified_gmt":"2020-03-17T14:27:28","slug":"docente-do-ccbsa-tem-trabalhos-aprovados-em-congresso-internacional-que-sera-realizado-na-espanha","status":"publish","type":"post","link":"https:\/\/centros.uepb.edu.br\/ccbsa\/docente-do-ccbsa-tem-trabalhos-aprovados-em-congresso-internacional-que-sera-realizado-na-espanha\/","title":{"rendered":"Docente do CCBSA tem trabalhos aprovados em Congresso Internacional que ser\u00e1 realizado na Espanha"},"content":{"rendered":"<p><a href=\"https:\/\/centros.uepb.edu.br\/ccbsa\/files\/2019\/04\/SESA-1.jpg\"><img loading=\"lazy\" decoding=\"async\" class=\"aligncenter size-full wp-image-6022 img-responsive\" src=\"https:\/\/centros.uepb.edu.br\/ccbsa\/files\/2019\/04\/SESA-1.jpg\" alt=\"\" width=\"840\" height=\"454\" srcset=\"https:\/\/centros.uepb.edu.br\/ccbsa\/files\/2019\/04\/SESA-1.jpg 840w, https:\/\/centros.uepb.edu.br\/ccbsa\/files\/2019\/04\/SESA-1-300x162.jpg 300w, https:\/\/centros.uepb.edu.br\/ccbsa\/files\/2019\/04\/SESA-1-768x415.jpg 768w, https:\/\/centros.uepb.edu.br\/ccbsa\/files\/2019\/04\/SESA-1-370x200.jpg 370w\" sizes=\"auto, (max-width: 840px) 100vw, 840px\" \/><\/a><\/p>\n<p>Ciberativismo, divulga\u00e7\u00e3o da ci\u00eancia e uso de dados na produ\u00e7\u00e3o de not\u00edcias, s\u00e3o as tem\u00e1ticas abordadas nos trabalhos do professor do Centro de Ci\u00eancias Biol\u00f3gicas e Sociais Aplicadas (CCBSA) da Universidade Estadual da Para\u00edba (UEPB) Henrique Fran\u00e7a aprovados para apresenta\u00e7\u00e3o no &#8220;Congreso Internacional Comunicaci\u00f3n y Pensamiento&#8221;, que ser\u00e1 realizado de 1 a 3 de abril, em Sevilla, Espanha. O referido docente est\u00e1 cursando doutorado em Ci\u00eancia da Informa\u00e7\u00e3o na Universidade de Coimbra.<\/p>\n<p>Foram aprovados os trabalhos: \u201cDas redes digitais \u00e0s ruas da cidade: a experi\u00eancia de um movimento social da sociedade civil no Nordeste do Brasil\u201d, desenvolvido em parceria com a pesquisadora do Instituto Federal de Educa\u00e7\u00e3o, Ci\u00eancia e Tecnologia da Para\u00edba (IFPB) Christinne Eloy e a pesquisadora da Universidade Federal da Para\u00edba (UFPB), Fernanda Rocha; \u201cDivulgando a ci\u00eancia em realidade aumentada: experi\u00eancias entre narrativas ecol\u00f3gicas, a fotografia e o ensino\u201d, em parceria com Christinne Eloy e \u201cDados em quest\u00e3o: a forma\u00e7\u00e3o de jornalistas brasileiros e o acesso e uso de dados abertos na produ\u00e7\u00e3o de not\u00edcia\u201d, desenvolvido em coopera\u00e7\u00e3o com a pesquisadora da Universidade Fernando Pessoa, Porto, Silvana Torquato.<\/p>\n<p>Nestes trabalhos o professor Henrique Fran\u00e7a, que est\u00e1 cursando doutorado na Universidade de Coimbra, em Portugal, apresenta as experi\u00eancias e a realidade brasileira e paraibana relacionada a quest\u00f5es como o Movimento Jo\u00e3o Pessoa que Queremos (JPqQ), os espa\u00e7os democr\u00e1ticos e participa\u00e7\u00e3o dos cidad\u00e3os nas decis\u00f5es pol\u00edticas, o uso da fotografia para comunica\u00e7\u00e3o da ci\u00eancia, o acesso e utiliza\u00e7\u00e3o de dados abertos, entre outras quest\u00f5es.<\/p>\n<p>\u201cDiante de tantos ataques sofridos pelas universidades, precisamos divulgar nossas iniciativas, at\u00e9 para valorizar nossa institui\u00e7\u00e3o que \u00e9 p\u00fablica, gratuita e de qualidade\u201d, enfatiza o docente.<\/p>\n<p>Com o tema \u201cComunica\u00e7\u00e3o e juventude: novas m\u00eddias, usos e consumo\u201d, o 5\u00ba Congresso Internacional de Comunica\u00e7\u00e3o e Pensamento conta com a participa\u00e7\u00e3o de pesquisadores de Jornalismo, Comunica\u00e7\u00e3o Audiovisual, Publicidade e Rela\u00e7\u00f5es P\u00fablicas, Filosofia, Pedagogia, Direito, Antropologia, Sociologia e outros ramos sociais que devem trocar experi\u00eancias sobre as rela\u00e7\u00f5es de adolescentes e jovens com as diferentes m\u00eddias.<\/p>\n<p><em><strong>Texto:<\/strong> Juliana Marques<\/em><br \/>\n<em><strong>Fotos:<\/strong> Acervo pessoal<\/em><\/p>\n","protected":false},"excerpt":{"rendered":"<p>Ciberativismo, divulga\u00e7\u00e3o da ci\u00eancia e uso de dados na produ\u00e7\u00e3o de not\u00edcias, s\u00e3o as tem\u00e1ticas abordadas nos trabalhos do professor do Centro de Ci\u00eancias Biol\u00f3gicas e Sociais Aplicadas (CCBSA) da Universidade Estadual da Para\u00edba (UEPB) Henrique Fran\u00e7a aprovados para apresenta\u00e7\u00e3o no &#8220;Congreso Internacional Comunicaci\u00f3n y Pensamiento&#8221;, que ser\u00e1 realizado de 1 a 3 de abril, <a class=\"leiamais\" href=\"https:\/\/centros.uepb.edu.br\/ccbsa\/docente-do-ccbsa-tem-trabalhos-aprovados-em-congresso-internacional-que-sera-realizado-na-espanha\/\">Leia Mais&#8230;<\/a><\/p>\n","protected":false},"author":8,"featured_media":6341,"comment_status":"closed","ping_status":"closed","sticky":false,"template":"","format":"standard","meta":{"footnotes":""},"categories":[3,11],"tags":[],"class_list":["post-6828","post","type-post","status-publish","format-standard","has-post-thumbnail","hentry","category-noticias","category-noticias-destaque-img"],"jetpack_featured_media_url":"https:\/\/centros.uepb.edu.br\/ccbsa\/files\/2019\/08\/Semin\u00e1rio-de-Gest\u00e3o-de-Arquivos-5.jpg","_links":{"self":[{"href":"https:\/\/centros.uepb.edu.br\/ccbsa\/wp-json\/wp\/v2\/posts\/6828","targetHints":{"allow":["GET"]}}],"collection":[{"href":"https:\/\/centros.uepb.edu.br\/ccbsa\/wp-json\/wp\/v2\/posts"}],"about":[{"href":"https:\/\/centros.uepb.edu.br\/ccbsa\/wp-json\/wp\/v2\/types\/post"}],"author":[{"embeddable":true,"href":"https:\/\/centros.uepb.edu.br\/ccbsa\/wp-json\/wp\/v2\/users\/8"}],"replies":[{"embeddable":true,"href":"https:\/\/centros.uepb.edu.br\/ccbsa\/wp-json\/wp\/v2\/comments?post=6828"}],"version-history":[{"count":0,"href":"https:\/\/centros.uepb.edu.br\/ccbsa\/wp-json\/wp\/v2\/posts\/6828\/revisions"}],"wp:featuredmedia":[{"embeddable":true,"href":"https:\/\/centros.uepb.edu.br\/ccbsa\/wp-json\/wp\/v2\/media\/6341"}],"wp:attachment":[{"href":"https:\/\/centros.uepb.edu.br\/ccbsa\/wp-json\/wp\/v2\/media?parent=6828"}],"wp:term":[{"taxonomy":"category","embeddable":true,"href":"https:\/\/centros.uepb.edu.br\/ccbsa\/wp-json\/wp\/v2\/categories?post=6828"},{"taxonomy":"post_tag","embeddable":true,"href":"https:\/\/centros.uepb.edu.br\/ccbsa\/wp-json\/wp\/v2\/tags?post=6828"}],"curies":[{"name":"wp","href":"https:\/\/api.w.org\/{rel}","templated":true}]}}