{"id":6765,"date":"2020-03-02T15:45:47","date_gmt":"2020-03-02T15:45:47","guid":{"rendered":"https:\/\/centros.uepb.edu.br\/ccbsa\/?p=6765"},"modified":"2020-03-03T16:13:06","modified_gmt":"2020-03-03T16:13:06","slug":"campus-v-realiza-diversas-atividades-de-recepcao-aos-calouros-do-periodo-letivo-2020-1","status":"publish","type":"post","link":"https:\/\/centros.uepb.edu.br\/ccbsa\/campus-v-realiza-diversas-atividades-de-recepcao-aos-calouros-do-periodo-letivo-2020-1\/","title":{"rendered":"C\u00e2mpus V realiza diversas atividades de recep\u00e7\u00e3o aos calouros do per\u00edodo letivo 2020.1"},"content":{"rendered":"\n\t\t<style type=\"text\/css\">\n\t\t\t#gallery-1 {\n\t\t\t\tmargin: auto;\n\t\t\t}\n\t\t\t#gallery-1 .gallery-item {\n\t\t\t\tfloat: left;\n\t\t\t\tmargin-top: 10px;\n\t\t\t\ttext-align: center;\n\t\t\t\twidth: 33%;\n\t\t\t}\n\t\t\t#gallery-1 img {\n\t\t\t\tborder: 2px solid #cfcfcf;\n\t\t\t}\n\t\t\t#gallery-1 .gallery-caption {\n\t\t\t\tmargin-left: 0;\n\t\t\t}\n\t\t\t\/* see gallery_shortcode() in wp-includes\/media.php *\/\n\t\t<\/style>\n\t\t<div id='gallery-1' class='gallery galleryid-6765 gallery-columns-3 gallery-size-full'><dl class='gallery-item'>\n\t\t\t<dt class='gallery-icon landscape'>\n\t\t\t\t<a href='https:\/\/centros.uepb.edu.br\/ccbsa\/files\/2020\/03\/IMG_4493.jpg'><img loading=\"lazy\" decoding=\"async\" width=\"840\" height=\"669\" src=\"https:\/\/centros.uepb.edu.br\/ccbsa\/files\/2020\/03\/IMG_4493.jpg\" class=\"attachment-full size-full\" alt=\"\" srcset=\"https:\/\/centros.uepb.edu.br\/ccbsa\/files\/2020\/03\/IMG_4493.jpg 840w, https:\/\/centros.uepb.edu.br\/ccbsa\/files\/2020\/03\/IMG_4493-300x239.jpg 300w, https:\/\/centros.uepb.edu.br\/ccbsa\/files\/2020\/03\/IMG_4493-768x612.jpg 768w, https:\/\/centros.uepb.edu.br\/ccbsa\/files\/2020\/03\/IMG_4493-370x295.jpg 370w\" sizes=\"auto, (max-width: 840px) 100vw, 840px\" \/><\/a>\n\t\t\t<\/dt><\/dl><dl class='gallery-item'>\n\t\t\t<dt class='gallery-icon landscape'>\n\t\t\t\t<a href='https:\/\/centros.uepb.edu.br\/ccbsa\/files\/2020\/03\/IMG_4505.jpg'><img loading=\"lazy\" decoding=\"async\" width=\"840\" height=\"609\" src=\"https:\/\/centros.uepb.edu.br\/ccbsa\/files\/2020\/03\/IMG_4505.jpg\" class=\"attachment-full size-full\" alt=\"\" srcset=\"https:\/\/centros.uepb.edu.br\/ccbsa\/files\/2020\/03\/IMG_4505.jpg 840w, https:\/\/centros.uepb.edu.br\/ccbsa\/files\/2020\/03\/IMG_4505-300x218.jpg 300w, https:\/\/centros.uepb.edu.br\/ccbsa\/files\/2020\/03\/IMG_4505-768x557.jpg 768w, https:\/\/centros.uepb.edu.br\/ccbsa\/files\/2020\/03\/IMG_4505-370x268.jpg 370w\" sizes=\"auto, (max-width: 840px) 100vw, 840px\" \/><\/a>\n\t\t\t<\/dt><\/dl><dl class='gallery-item'>\n\t\t\t<dt class='gallery-icon landscape'>\n\t\t\t\t<a href='https:\/\/centros.uepb.edu.br\/ccbsa\/files\/2020\/03\/IMG_4512.jpg'><img loading=\"lazy\" decoding=\"async\" width=\"840\" height=\"454\" src=\"https:\/\/centros.uepb.edu.br\/ccbsa\/files\/2020\/03\/IMG_4512.jpg\" class=\"attachment-full size-full\" alt=\"\" srcset=\"https:\/\/centros.uepb.edu.br\/ccbsa\/files\/2020\/03\/IMG_4512.jpg 840w, https:\/\/centros.uepb.edu.br\/ccbsa\/files\/2020\/03\/IMG_4512-300x162.jpg 300w, https:\/\/centros.uepb.edu.br\/ccbsa\/files\/2020\/03\/IMG_4512-768x415.jpg 768w, https:\/\/centros.uepb.edu.br\/ccbsa\/files\/2020\/03\/IMG_4512-370x200.jpg 370w\" sizes=\"auto, (max-width: 840px) 100vw, 840px\" \/><\/a>\n\t\t\t<\/dt><\/dl><br style=\"clear: both\" \/><dl class='gallery-item'>\n\t\t\t<dt class='gallery-icon landscape'>\n\t\t\t\t<a href='https:\/\/centros.uepb.edu.br\/ccbsa\/files\/2020\/03\/IMG_4518.jpg'><img loading=\"lazy\" decoding=\"async\" width=\"840\" height=\"527\" src=\"https:\/\/centros.uepb.edu.br\/ccbsa\/files\/2020\/03\/IMG_4518.jpg\" class=\"attachment-full size-full\" alt=\"\" srcset=\"https:\/\/centros.uepb.edu.br\/ccbsa\/files\/2020\/03\/IMG_4518.jpg 840w, https:\/\/centros.uepb.edu.br\/ccbsa\/files\/2020\/03\/IMG_4518-300x188.jpg 300w, https:\/\/centros.uepb.edu.br\/ccbsa\/files\/2020\/03\/IMG_4518-768x482.jpg 768w, https:\/\/centros.uepb.edu.br\/ccbsa\/files\/2020\/03\/IMG_4518-370x232.jpg 370w\" sizes=\"auto, (max-width: 840px) 100vw, 840px\" \/><\/a>\n\t\t\t<\/dt><\/dl><dl class='gallery-item'>\n\t\t\t<dt class='gallery-icon landscape'>\n\t\t\t\t<a href='https:\/\/centros.uepb.edu.br\/ccbsa\/files\/2020\/03\/IMG_4519.jpg'><img loading=\"lazy\" decoding=\"async\" width=\"840\" height=\"502\" src=\"https:\/\/centros.uepb.edu.br\/ccbsa\/files\/2020\/03\/IMG_4519.jpg\" class=\"attachment-full size-full\" alt=\"\" srcset=\"https:\/\/centros.uepb.edu.br\/ccbsa\/files\/2020\/03\/IMG_4519.jpg 840w, https:\/\/centros.uepb.edu.br\/ccbsa\/files\/2020\/03\/IMG_4519-300x179.jpg 300w, https:\/\/centros.uepb.edu.br\/ccbsa\/files\/2020\/03\/IMG_4519-768x459.jpg 768w, https:\/\/centros.uepb.edu.br\/ccbsa\/files\/2020\/03\/IMG_4519-370x221.jpg 370w\" sizes=\"auto, (max-width: 840px) 100vw, 840px\" \/><\/a>\n\t\t\t<\/dt><\/dl><dl class='gallery-item'>\n\t\t\t<dt class='gallery-icon landscape'>\n\t\t\t\t<a href='https:\/\/centros.uepb.edu.br\/ccbsa\/files\/2020\/03\/IMG_4555.jpg'><img loading=\"lazy\" decoding=\"async\" width=\"840\" height=\"560\" src=\"https:\/\/centros.uepb.edu.br\/ccbsa\/files\/2020\/03\/IMG_4555.jpg\" class=\"attachment-full size-full\" alt=\"\" srcset=\"https:\/\/centros.uepb.edu.br\/ccbsa\/files\/2020\/03\/IMG_4555.jpg 840w, https:\/\/centros.uepb.edu.br\/ccbsa\/files\/2020\/03\/IMG_4555-300x200.jpg 300w, https:\/\/centros.uepb.edu.br\/ccbsa\/files\/2020\/03\/IMG_4555-768x512.jpg 768w, https:\/\/centros.uepb.edu.br\/ccbsa\/files\/2020\/03\/IMG_4555-370x247.jpg 370w\" sizes=\"auto, (max-width: 840px) 100vw, 840px\" \/><\/a>\n\t\t\t<\/dt><\/dl><br style=\"clear: both\" \/><dl class='gallery-item'>\n\t\t\t<dt class='gallery-icon landscape'>\n\t\t\t\t<a href='https:\/\/centros.uepb.edu.br\/ccbsa\/files\/2020\/03\/IMG_4595.jpg'><img loading=\"lazy\" decoding=\"async\" width=\"840\" height=\"454\" src=\"https:\/\/centros.uepb.edu.br\/ccbsa\/files\/2020\/03\/IMG_4595.jpg\" class=\"attachment-full size-full\" alt=\"\" srcset=\"https:\/\/centros.uepb.edu.br\/ccbsa\/files\/2020\/03\/IMG_4595.jpg 840w, https:\/\/centros.uepb.edu.br\/ccbsa\/files\/2020\/03\/IMG_4595-300x162.jpg 300w, https:\/\/centros.uepb.edu.br\/ccbsa\/files\/2020\/03\/IMG_4595-768x415.jpg 768w, https:\/\/centros.uepb.edu.br\/ccbsa\/files\/2020\/03\/IMG_4595-370x200.jpg 370w\" sizes=\"auto, (max-width: 840px) 100vw, 840px\" \/><\/a>\n\t\t\t<\/dt><\/dl><dl class='gallery-item'>\n\t\t\t<dt class='gallery-icon landscape'>\n\t\t\t\t<a href='https:\/\/centros.uepb.edu.br\/ccbsa\/files\/2020\/03\/IMG_4619.jpg'><img loading=\"lazy\" decoding=\"async\" width=\"840\" height=\"560\" src=\"https:\/\/centros.uepb.edu.br\/ccbsa\/files\/2020\/03\/IMG_4619.jpg\" class=\"attachment-full size-full\" alt=\"\" srcset=\"https:\/\/centros.uepb.edu.br\/ccbsa\/files\/2020\/03\/IMG_4619.jpg 840w, https:\/\/centros.uepb.edu.br\/ccbsa\/files\/2020\/03\/IMG_4619-300x200.jpg 300w, https:\/\/centros.uepb.edu.br\/ccbsa\/files\/2020\/03\/IMG_4619-768x512.jpg 768w, https:\/\/centros.uepb.edu.br\/ccbsa\/files\/2020\/03\/IMG_4619-370x247.jpg 370w\" sizes=\"auto, (max-width: 840px) 100vw, 840px\" \/><\/a>\n\t\t\t<\/dt><\/dl>\n\t\t\t<br style='clear: both' \/>\n\t\t<\/div>\n\n<p>Palestras, mesas de discuss\u00e3o, exposi\u00e7\u00e3o de banners e um tour guiado foram algumas da atividades que marcaram o in\u00edcio do semestre letivo 2020.1 do Centro de Ci\u00eancias Biol\u00f3gicas e Sociais Aplicadas (CCBSA) da Universidade Estadual da Para\u00edba (UEPB). \u00a0A programa\u00e7\u00e3o organizada pela dire\u00e7\u00e3o de centro prossegue at\u00e9 esta ter\u00e7a-feira (3) \u00e0 noite.<\/p>\n<p>A abertura das atividades contou com a apresenta\u00e7\u00e3o cultural dos m\u00fasicos e estudantes de Arquivologia Beto Tavares e Lula Marinho.\u00a0Durante a atividade, os diretores do CCBSA, os professores Jacqueline Echeverr\u00eda Barrancos e \u00canio Wocyli Dantas, apresentaram os diversos setores e \u00e1reas de atua\u00e7\u00e3o do C\u00e2mpus V e da UEPB, e proferiram mensagens de boas vindas e encorajamento aos calouros. Os coordenadores de curso e N\u00facleo de L\u00ednguas dirigiram breves palavras aos estudantes, esclarecendo sobre cada curso e as possibilidades de forma\u00e7\u00e3o universit\u00e1ria.\u00a0A programa\u00e7\u00e3o segue na noite desta segunda-feira, com as mesmas atividades realizadas pela manh\u00e3.<\/p>\n<p>Nesta ter\u00e7a-feira (3), das 8 \u00e0s 9h foi realizada uma exposi\u00e7\u00e3o dos trabalhos premiados na mostra cient\u00edfica do CCBSA em 2019, que \u00e9 uma a\u00e7\u00e3o do projeto de extens\u00e3o &#8220;Nas trilhas da difus\u00e3o cient\u00edfica: a visibilidade dos projetos do C\u00e2mpus V da UEPB&#8221;. A partir das 9h a comunidade acad\u00eamica participou da aula magna do per\u00edodo 2020.1 com o tema \u201cSa\u00fade mental da Universidade: entre exig\u00eancias e exist\u00eancias\u201d, ministrada pela doutora em Psicologia e docente do Departamento de Psicologia do Campus I da UEPB, Josev\u00e2nia Silva.<\/p>\n<p>A programa\u00e7\u00e3o encerra-se nesta ter\u00e7a-feira (3) com a mostra de banners que ser\u00e1 das 18h30 \u00e0s 19h30, e, na sequ\u00eancia, ser\u00e1 realizada a mesa &#8220;O estudante e os projetos universit\u00e1rios: viv\u00eancias e experi\u00eancias&#8221;, com a participa\u00e7\u00e3o dos estudantes vinculados aos projetos que obtiveram os primeiros lugares na premia\u00e7\u00e3o da mostra cient\u00edfica de 2019. Por fim, no dia 19 de mar\u00e7o, \u00e0s 8h, no audit\u00f3rio Pioneiros, ser\u00e1 realizada uma mesa com os representantes da Pro-reitoria Estudantil da UEPB com o objetivo de apresentar as Pol\u00edticas e Diretrizes de Assist\u00eancia Estudantil.<\/p>\n<p>Os cursos de Arquivologia e Ci\u00eancias Biol\u00f3gicas devem realizar ao longo da semana algumas atividades espec\u00edficas de esclarecimento sobre os Projetos Pedag\u00f3gicos dos Cursos, quest\u00f5es administrativas e informes, como parte dos componentes curriculares destinados aos estudantes do primeiro per\u00edodo dos referidos bacharelados.<\/p>\n\n\t\t<style type=\"text\/css\">\n\t\t\t#gallery-2 {\n\t\t\t\tmargin: auto;\n\t\t\t}\n\t\t\t#gallery-2 .gallery-item {\n\t\t\t\tfloat: left;\n\t\t\t\tmargin-top: 10px;\n\t\t\t\ttext-align: center;\n\t\t\t\twidth: 33%;\n\t\t\t}\n\t\t\t#gallery-2 img {\n\t\t\t\tborder: 2px solid #cfcfcf;\n\t\t\t}\n\t\t\t#gallery-2 .gallery-caption {\n\t\t\t\tmargin-left: 0;\n\t\t\t}\n\t\t\t\/* see gallery_shortcode() in wp-includes\/media.php *\/\n\t\t<\/style>\n\t\t<div id='gallery-2' class='gallery galleryid-6765 gallery-columns-3 gallery-size-full'><dl class='gallery-item'>\n\t\t\t<dt class='gallery-icon portrait'>\n\t\t\t\t<a href='https:\/\/centros.uepb.edu.br\/ccbsa\/files\/2020\/03\/IMG-20200229-WA0014.jpg'><img loading=\"lazy\" decoding=\"async\" width=\"905\" height=\"1280\" src=\"https:\/\/centros.uepb.edu.br\/ccbsa\/files\/2020\/03\/IMG-20200229-WA0014.jpg\" class=\"attachment-full size-full\" alt=\"\" srcset=\"https:\/\/centros.uepb.edu.br\/ccbsa\/files\/2020\/03\/IMG-20200229-WA0014.jpg 905w, https:\/\/centros.uepb.edu.br\/ccbsa\/files\/2020\/03\/IMG-20200229-WA0014-212x300.jpg 212w, https:\/\/centros.uepb.edu.br\/ccbsa\/files\/2020\/03\/IMG-20200229-WA0014-724x1024.jpg 724w, https:\/\/centros.uepb.edu.br\/ccbsa\/files\/2020\/03\/IMG-20200229-WA0014-768x1086.jpg 768w, https:\/\/centros.uepb.edu.br\/ccbsa\/files\/2020\/03\/IMG-20200229-WA0014-370x523.jpg 370w, https:\/\/centros.uepb.edu.br\/ccbsa\/files\/2020\/03\/IMG-20200229-WA0014-840x1188.jpg 840w\" sizes=\"auto, (max-width: 905px) 100vw, 905px\" \/><\/a>\n\t\t\t<\/dt><\/dl><dl class='gallery-item'>\n\t\t\t<dt class='gallery-icon portrait'>\n\t\t\t\t<a href='https:\/\/centros.uepb.edu.br\/ccbsa\/files\/2020\/03\/IMG-20200229-WA0013.jpg'><img loading=\"lazy\" decoding=\"async\" width=\"906\" height=\"1280\" src=\"https:\/\/centros.uepb.edu.br\/ccbsa\/files\/2020\/03\/IMG-20200229-WA0013.jpg\" class=\"attachment-full size-full\" alt=\"\" srcset=\"https:\/\/centros.uepb.edu.br\/ccbsa\/files\/2020\/03\/IMG-20200229-WA0013.jpg 906w, https:\/\/centros.uepb.edu.br\/ccbsa\/files\/2020\/03\/IMG-20200229-WA0013-212x300.jpg 212w, https:\/\/centros.uepb.edu.br\/ccbsa\/files\/2020\/03\/IMG-20200229-WA0013-725x1024.jpg 725w, https:\/\/centros.uepb.edu.br\/ccbsa\/files\/2020\/03\/IMG-20200229-WA0013-768x1085.jpg 768w, https:\/\/centros.uepb.edu.br\/ccbsa\/files\/2020\/03\/IMG-20200229-WA0013-370x523.jpg 370w, https:\/\/centros.uepb.edu.br\/ccbsa\/files\/2020\/03\/IMG-20200229-WA0013-840x1187.jpg 840w\" sizes=\"auto, (max-width: 906px) 100vw, 906px\" \/><\/a>\n\t\t\t<\/dt><\/dl>\n\t\t\t<br style='clear: both' \/>\n\t\t<\/div>\n\n<p><strong>Rela\u00e7\u00f5es Internacionais<\/strong><\/p>\n<p>A coordena\u00e7\u00e3o da gradua\u00e7\u00e3o em Rela\u00e7\u00f5es Internacionais tamb\u00e9m programou uma s\u00e9rie de a\u00e7\u00f5es de acolhida aos calouros com in\u00edcio nesta quarta-feira, 4 de mar\u00e7o, \u00e0s 9h, no audit\u00f3rio Pioneiros, com a roda de conversa &#8220;Na vida, a melhor escola \u00e9 viver<i>&#8220;<\/i>, a ser ministrada pelo professor do Unip\u00ea e FPB dr. Aluizio Lopes de Brito. Na sequ\u00eancia ser\u00e1 realizada a palestra &#8220;Rela\u00e7\u00f5es<i>\u00a0<\/i>Internacionais e desenvolvimento&#8221;<i>,\u00a0<\/i>com o professor da UFPE Dr. Marcos Costa Lima.<\/p>\n<p>Na quinta-feira, 5 de mar\u00e7o, \u00e0s 10h, ser\u00e1 realizada a palestra &#8220;A universidade no Contexto Contempor\u00e2neo&#8221;<i>,<\/i> com o secret\u00e1rio de Educa\u00e7\u00e3o Ci\u00eancia e Tecnologia do Estado da Para\u00edba<i> o\u00a0 <\/i>professor Dr. Claudio Furtado. E na quinta-feira, 6 de mar\u00e7o, \u00e0s 8 e 18h, ser\u00e1 realizado um di\u00e1logo com professores seguida de roda de conversa com alunos novatos e veteranos para compartilhamento de experi\u00eancias e expectativas.<\/p>\n<p><em><strong>Texto e fotos:<\/strong> Juliana Marques<\/em><\/p>\n<p>&nbsp;<\/p>\n","protected":false},"excerpt":{"rendered":"<p>Palestras, mesas de discuss\u00e3o, exposi\u00e7\u00e3o de banners e um tour guiado foram algumas da atividades que marcaram o in\u00edcio do semestre letivo 2020.1 do Centro de Ci\u00eancias Biol\u00f3gicas e Sociais Aplicadas (CCBSA) da Universidade Estadual da Para\u00edba (UEPB). \u00a0A programa\u00e7\u00e3o organizada pela dire\u00e7\u00e3o de centro prossegue at\u00e9 esta ter\u00e7a-feira (3) \u00e0 noite. A abertura das <a class=\"leiamais\" href=\"https:\/\/centros.uepb.edu.br\/ccbsa\/campus-v-realiza-diversas-atividades-de-recepcao-aos-calouros-do-periodo-letivo-2020-1\/\">Leia Mais&#8230;<\/a><\/p>\n","protected":false},"author":8,"featured_media":6784,"comment_status":"closed","ping_status":"closed","sticky":false,"template":"","format":"standard","meta":{"footnotes":""},"categories":[3,11],"tags":[],"class_list":["post-6765","post","type-post","status-publish","format-standard","has-post-thumbnail","hentry","category-noticias","category-noticias-destaque-img"],"jetpack_featured_media_url":"https:\/\/centros.uepb.edu.br\/ccbsa\/files\/2020\/03\/IMG_4595.jpg","_links":{"self":[{"href":"https:\/\/centros.uepb.edu.br\/ccbsa\/wp-json\/wp\/v2\/posts\/6765","targetHints":{"allow":["GET"]}}],"collection":[{"href":"https:\/\/centros.uepb.edu.br\/ccbsa\/wp-json\/wp\/v2\/posts"}],"about":[{"href":"https:\/\/centros.uepb.edu.br\/ccbsa\/wp-json\/wp\/v2\/types\/post"}],"author":[{"embeddable":true,"href":"https:\/\/centros.uepb.edu.br\/ccbsa\/wp-json\/wp\/v2\/users\/8"}],"replies":[{"embeddable":true,"href":"https:\/\/centros.uepb.edu.br\/ccbsa\/wp-json\/wp\/v2\/comments?post=6765"}],"version-history":[{"count":0,"href":"https:\/\/centros.uepb.edu.br\/ccbsa\/wp-json\/wp\/v2\/posts\/6765\/revisions"}],"wp:featuredmedia":[{"embeddable":true,"href":"https:\/\/centros.uepb.edu.br\/ccbsa\/wp-json\/wp\/v2\/media\/6784"}],"wp:attachment":[{"href":"https:\/\/centros.uepb.edu.br\/ccbsa\/wp-json\/wp\/v2\/media?parent=6765"}],"wp:term":[{"taxonomy":"category","embeddable":true,"href":"https:\/\/centros.uepb.edu.br\/ccbsa\/wp-json\/wp\/v2\/categories?post=6765"},{"taxonomy":"post_tag","embeddable":true,"href":"https:\/\/centros.uepb.edu.br\/ccbsa\/wp-json\/wp\/v2\/tags?post=6765"}],"curies":[{"name":"wp","href":"https:\/\/api.w.org\/{rel}","templated":true}]}}