{"id":676,"date":"2013-08-13T11:01:56","date_gmt":"2013-08-13T11:01:56","guid":{"rendered":"\/ccbsa\/?p=676"},"modified":"2013-08-13T15:33:36","modified_gmt":"2013-08-13T15:33:36","slug":"conferencia-internacional-de-direitos-humanos-e-realizada-com-apoio-da-uepb","status":"publish","type":"post","link":"https:\/\/centros.uepb.edu.br\/ccbsa\/conferencia-internacional-de-direitos-humanos-e-realizada-com-apoio-da-uepb\/","title":{"rendered":"Confer\u00eancia Internacional de Direitos Humanos \u00e9 realizada com apoio da UEPB"},"content":{"rendered":"<p><a href=\"http:\/\/centros.ascom.uepb.edu.br\/ccbsa\/files\/2013\/08\/DSC08554edi.jpg\"><img loading=\"lazy\" decoding=\"async\" class=\"alignleft size-thumbnail wp-image-677 img-responsive\" alt=\"SONY DSC\" src=\"http:\/\/centros.ascom.uepb.edu.br\/ccbsa\/files\/2013\/08\/DSC08554edi-150x150.jpg\" width=\"150\" height=\"150\" \/><\/a>Com a presen\u00e7a de estudantes, docentes e pesquisadores de Direito e Rela\u00e7\u00f5es Internacionais, foi realizada, no \u00faltimo fim de semana, de 8 a 10 de agosto, em Jo\u00e3o Pessoa, a 1\u00aa Confer\u00eancia Internacional de Direitos Humanos, evento organizado de maneira conjunta pelo Centro Universit\u00e1rio de Bras\u00edlia (UNICEUB), Universidade Estadual da Para\u00edba (UEPB), Universidade Federal da Para\u00edba (UFPB), Escola da Advocacia Geral da Uni\u00e3o (AGU), Centro Universit\u00e1rio do Estado do Par\u00e1 (CESUPA), Academia Nacional de Estudos Transnacionais (ANET) e o Diret\u00f3rio Acad\u00eamico Tarc\u00edsio Buriti (DATAB).<\/p>\n<p>A confer\u00eancia tamb\u00e9m \u00e9 fruto de uma parceria com institui\u00e7\u00f5es como a Advocacia-Geral da Uni\u00e3o, o Comit\u00ea Internacional da Cruz Vermelha, a Embaixada dos Estados Unidos no Brasil e a Embaixada da Fran\u00e7a no Brasil.<\/p>\n<p>O evento, que foi realizado ainda nas cidades de Bras\u00edlia (5 e 6 de agosto) e Bel\u00e9m (8), contou com mesas de discuss\u00e3o, apresenta\u00e7\u00e3o de trabalhos e minicursos,\u00a0 voltados \u00e0 tem\u00e1tica da prote\u00e7\u00e3o internacional da pessoa humana. Em Jo\u00e3o Pessoa, as atividades foram ministradas por pesquisadores de refer\u00eancia na \u00e1rea, e os debates estiveram focados na constru\u00e7\u00e3o do sistema interamericano de direitos humanos.<\/p>\n<p>Os minicursos realizados no Campus V da UEPB abordaram o controle da convencionalidade, o uso excessivo da for\u00e7a e experi\u00eancias comparadas, temas discutidos pela pesquisadora Karla Quintana; leis de anistia e jurisdi\u00e7\u00e3o militar, tendo como ministrante o professor Francisco Quintana e direito dos povos ind\u00edgenas, minicurso a ser ministrado pelo professor Daniel Cerqueira.<\/p>\n<p>Na sexta-feira, 9 de agosto, \u00e0s 9h, foi realizada a mesa \u201cA atua\u00e7\u00e3o da comiss\u00e3o e da corte interamericana de direitos humanos na prote\u00e7\u00e3o <a href=\"http:\/\/centros.ascom.uepb.edu.br\/ccbsa\/files\/2013\/08\/DSC08547ed.jpg\"><img loading=\"lazy\" decoding=\"async\" class=\"alignright size-thumbnail wp-image-678 img-responsive\" alt=\"SONY DSC\" src=\"http:\/\/centros.ascom.uepb.edu.br\/ccbsa\/files\/2013\/08\/DSC08547ed-150x150.jpg\" width=\"150\" height=\"150\" \/><\/a>internacional da pessoa humana\u201d, presidida pela professora da UEPB\u00a0Giuliana Dias Vieira, tendo como debatedora a professora do CCBSA\u00a0Andrea Pacheco Pac\u00edfico e com a participa\u00e7\u00e3o da ex-integrante da Comiss\u00e3o Interamericana de Direitos Humanos em Washington, Karla Quintana, que discutiu as decis\u00f5es da corte e as recomenda\u00e7\u00f5es da comiss\u00e3o interamericana, e do advogado da Comiss\u00e3o Interamericana de Direitos Humanos em Washington, Daniel Cerqueira, que trouxe um hist\u00f3rico da corte interamericana de direitos humanos, a constru\u00e7\u00e3o jurisprudencial, a exequibilidade e efetividade de suas decis\u00f5es, e relembrou casos brasileiros\u00a0 com o envolvimento da corte.<\/p>\n<p>Ainda na sexta-feira, \u00e0s 19h, foi realizada a mesa \u201cAs estrat\u00e9gias para a constru\u00e7\u00e3o da defesa de direitos humanos no sistema interamericano\u201d, presidida pelo conselheiro federal da OAB Carlos Frederico Farias, contando com a participa\u00e7\u00e3o da professora Alice Rocha da Silva como debatedora, e tendo como palestrantes o coordenador executivo do Gabinete de Assessoria Juridica das Organizacoes Populares, Rodrigo Deodato, que abordou a prote\u00e7\u00e3o dos direitos humanos Sistema Interamericano de Prote\u00e7\u00e3o aos Direitos Humanos (SIDH) e o diretor do Programa da Am\u00e9rica do Norte e da regi\u00e3o do Caribe no Centro pela Justi\u00e7a e Direito Internacional (CEJIL), Francisco Quintana, que discutiu a prote\u00e7\u00e3o dos direitos humanos no continente latino-americano.<\/p>\n<p>No \u00faltimo dia de evento, s\u00e1bado (10), foram realizadas duas mesas de discuss\u00e3o ainda com a tem\u00e1tica \u201cAs estrat\u00e9gias para a constru\u00e7\u00e3o da defesa de direitos humanos no sistema interamericano\u201d.<\/p>\n<p>\u00c0s 8h30 foi realizada discuss\u00e3o \u201cO Brasil e o SIDH, an\u00e1lise da jurisprud\u00eancia e efic\u00e1cia das decis\u00f5es sobre o Brasil\u201d, tendo como palestrante o advogado da Comiss\u00e3o Interamericana de Direitos Humanos em Washington, Leonardo Hidaka; e \u201cA prote\u00e7\u00e3o dos Direitos Humanos no Sistema Europeu\u201d, ministrada pelo professor da Faculdade de Direito da Universidade da Nova Inglaterra (Austr\u00e1lia), Ottavio Quirico.<\/p>\n<p>O encerramento do evento, ocorreu \u00e0s 10h, com a mesa presidida pelo professor Marc\u00edlio Franca Filho, e tendo como palestrantes o p\u00f3s-doutor em direito pela UFPE e Sub-procurador da Rep\u00fablica, Luciano Mariz Maia, e o ex-ministro do Supremo Tribunal Federal e ex-juiz da corte internacional de Justi\u00e7a, Francisco Rezek.<\/p>\n","protected":false},"excerpt":{"rendered":"<p>Com a presen\u00e7a de estudantes, docentes e pesquisadores de Direito e Rela\u00e7\u00f5es Internacionais, foi realizada, no \u00faltimo fim de semana, de 8 a 10 de agosto, em Jo\u00e3o Pessoa, a 1\u00aa Confer\u00eancia Internacional de Direitos Humanos, evento organizado de maneira conjunta pelo Centro Universit\u00e1rio de Bras\u00edlia (UNICEUB), Universidade Estadual da Para\u00edba (UEPB), Universidade Federal da <a class=\"leiamais\" href=\"https:\/\/centros.uepb.edu.br\/ccbsa\/conferencia-internacional-de-direitos-humanos-e-realizada-com-apoio-da-uepb\/\">Leia Mais&#8230;<\/a><\/p>\n","protected":false},"author":8,"featured_media":677,"comment_status":"open","ping_status":"open","sticky":false,"template":"","format":"standard","meta":{"footnotes":""},"categories":[6],"tags":[],"class_list":["post-676","post","type-post","status-publish","format-standard","has-post-thumbnail","hentry","category-slide"],"jetpack_featured_media_url":"https:\/\/centros.uepb.edu.br\/ccbsa\/files\/2013\/08\/DSC08554edi.jpg","_links":{"self":[{"href":"https:\/\/centros.uepb.edu.br\/ccbsa\/wp-json\/wp\/v2\/posts\/676","targetHints":{"allow":["GET"]}}],"collection":[{"href":"https:\/\/centros.uepb.edu.br\/ccbsa\/wp-json\/wp\/v2\/posts"}],"about":[{"href":"https:\/\/centros.uepb.edu.br\/ccbsa\/wp-json\/wp\/v2\/types\/post"}],"author":[{"embeddable":true,"href":"https:\/\/centros.uepb.edu.br\/ccbsa\/wp-json\/wp\/v2\/users\/8"}],"replies":[{"embeddable":true,"href":"https:\/\/centros.uepb.edu.br\/ccbsa\/wp-json\/wp\/v2\/comments?post=676"}],"version-history":[{"count":0,"href":"https:\/\/centros.uepb.edu.br\/ccbsa\/wp-json\/wp\/v2\/posts\/676\/revisions"}],"wp:featuredmedia":[{"embeddable":true,"href":"https:\/\/centros.uepb.edu.br\/ccbsa\/wp-json\/wp\/v2\/media\/677"}],"wp:attachment":[{"href":"https:\/\/centros.uepb.edu.br\/ccbsa\/wp-json\/wp\/v2\/media?parent=676"}],"wp:term":[{"taxonomy":"category","embeddable":true,"href":"https:\/\/centros.uepb.edu.br\/ccbsa\/wp-json\/wp\/v2\/categories?post=676"},{"taxonomy":"post_tag","embeddable":true,"href":"https:\/\/centros.uepb.edu.br\/ccbsa\/wp-json\/wp\/v2\/tags?post=676"}],"curies":[{"name":"wp","href":"https:\/\/api.w.org\/{rel}","templated":true}]}}