{"id":67,"date":"2013-05-20T18:21:16","date_gmt":"2013-05-20T18:21:16","guid":{"rendered":"\/ccbsa\/?p=67"},"modified":"2013-06-18T13:30:38","modified_gmt":"2013-06-18T13:30:38","slug":"modelo-universitario-de-diplomacia-do-campus-de-joao-pessoa-inscreve-novos-membros","status":"publish","type":"post","link":"https:\/\/centros.uepb.edu.br\/ccbsa\/modelo-universitario-de-diplomacia-do-campus-de-joao-pessoa-inscreve-novos-membros\/","title":{"rendered":"Modelo Universit\u00e1rio de Diplomacia do Campus de Jo\u00e3o Pessoa inscreve novos membros"},"content":{"rendered":"<p>A Comiss\u00e3o Organizadora do Modelo Universit\u00e1rio de Diplomacia (MUNDI), projeto de extens\u00e3o do curso de gradua\u00e7\u00e3o em Rela\u00e7\u00f5es Internacionais do Campus V da UEPB, em Jo\u00e3o Pessoa, inscreve, at\u00e9 o dia 20 de maio, novos integrantes que ir\u00e3o auxiliar as comiss\u00f5es de imprensa, acad\u00eamica e estrutural. Ao todo s\u00e3o oferecidas 20 vagas.<\/p>\n<p>Podem participar da sele\u00e7\u00e3o estudantes de Rela\u00e7\u00f5es Internacionais, a partir do 2\u00b0 per\u00edodo do curso. A sele\u00e7\u00e3o dos candidatos ser\u00e1 feita com base na an\u00e1lise do hist\u00f3rico e do curr\u00edculo, al\u00e9m da entrevista. Para fins de inscri\u00e7\u00e3o, os interessados devem apresentar c\u00f3pia do hist\u00f3rico escolar; Curr\u00edculo Lattes ou outra modalidade e ficha de inscri\u00e7\u00e3o, dispon\u00edvel na Coordena\u00e7\u00e3o do Curso de Rela\u00e7\u00f5es Internacionais, preenchida.<\/p>\n<p>As inscri\u00e7\u00f5es podem ser realizadas pelo pr\u00f3prio interessado ou por representante legalmente constitu\u00eddo, das 8h \u00e0s 21h, na Coordena\u00e7\u00e3o do Curso de Rela\u00e7\u00f5es Internacionais no Campus V \u2013 Alcides Carneiro, localizada na Rua Hor\u00e1cio Trajano de Oliveira, S\/N, Cristo Redentor \u2013 Jo\u00e3o Pessoa \u2013 PB. A entrevista ocorrer\u00e1 no dia 24 de maio.<\/p>\n<p><b>Sobre o MUNDI<\/b><\/p>\n<p>O Modelo Universit\u00e1rio de Diplomacia (MUNDI) \u00e9 um projeto de extens\u00e3o desenvolvido por estudantes da gradua\u00e7\u00e3o em Rela\u00e7\u00f5es Internacionais da UEPB. No Nordeste, foi o primeiro simulador de Organiza\u00e7\u00f5es Internacionais criado por estudantes de Rela\u00e7\u00f5es Internacionais.<\/p>\n<p>Assim como o Model United Nations (MUN), realizado desde a \u00e9poca da Liga das Na\u00e7\u00f5es, o MUNDI tem como objetivo recriar o ambiente de Organiza\u00e7\u00f5es Internacionais. S\u00e3o aplicadas as mesmas regras procedimentais de conduta, passando pelo c\u00f3digo de vestimenta, at\u00e9 a representa\u00e7\u00e3o mais fidedigna poss\u00edvel da pol\u00edtica de cada delega\u00e7\u00e3o.<\/p>\n<p>A simula\u00e7\u00e3o permite uma abrangente discuss\u00e3o sobre tem\u00e1ticas que constantemente permeiam a agenda internacional, ou seja, \u00e9 um exerc\u00edcio pr\u00e1tico da teoria que os alunos aprendem, ao longo da vida acad\u00eamica.<\/p>\n<p>&#8211; Confira o <a href=\"http:\/\/www.uepb.edu.br\/download\/concursos-e-selecoes\/MUNDI%20-%20Edital%20de%20Sele%C3%A7%C3%A3o.pdf\">Edital<\/a>.<\/p>\n","protected":false},"excerpt":{"rendered":"<p>A Comiss\u00e3o Organizadora do Modelo Universit\u00e1rio de Diplomacia (MUNDI), projeto de extens\u00e3o do curso de gradua\u00e7\u00e3o em Rela\u00e7\u00f5es Internacionais do Campus V da UEPB, em Jo\u00e3o Pessoa, inscreve, at\u00e9 o dia 20 de maio, novos integrantes que ir\u00e3o auxiliar as comiss\u00f5es de imprensa, acad\u00eamica e estrutural. Ao todo s\u00e3o oferecidas 20 vagas. Podem participar da <a class=\"leiamais\" href=\"https:\/\/centros.uepb.edu.br\/ccbsa\/modelo-universitario-de-diplomacia-do-campus-de-joao-pessoa-inscreve-novos-membros\/\">Leia Mais&#8230;<\/a><\/p>\n","protected":false},"author":1,"featured_media":146,"comment_status":"open","ping_status":"open","sticky":false,"template":"","format":"standard","meta":{"footnotes":""},"categories":[3,6,5],"tags":[],"class_list":["post-67","post","type-post","status-publish","format-standard","has-post-thumbnail","hentry","category-noticias","category-slide","category-visiveis"],"jetpack_featured_media_url":"https:\/\/centros.uepb.edu.br\/ccbsa\/files\/2013\/05\/6mundi.png","_links":{"self":[{"href":"https:\/\/centros.uepb.edu.br\/ccbsa\/wp-json\/wp\/v2\/posts\/67","targetHints":{"allow":["GET"]}}],"collection":[{"href":"https:\/\/centros.uepb.edu.br\/ccbsa\/wp-json\/wp\/v2\/posts"}],"about":[{"href":"https:\/\/centros.uepb.edu.br\/ccbsa\/wp-json\/wp\/v2\/types\/post"}],"author":[{"embeddable":true,"href":"https:\/\/centros.uepb.edu.br\/ccbsa\/wp-json\/wp\/v2\/users\/1"}],"replies":[{"embeddable":true,"href":"https:\/\/centros.uepb.edu.br\/ccbsa\/wp-json\/wp\/v2\/comments?post=67"}],"version-history":[{"count":0,"href":"https:\/\/centros.uepb.edu.br\/ccbsa\/wp-json\/wp\/v2\/posts\/67\/revisions"}],"wp:featuredmedia":[{"embeddable":true,"href":"https:\/\/centros.uepb.edu.br\/ccbsa\/wp-json\/wp\/v2\/media\/146"}],"wp:attachment":[{"href":"https:\/\/centros.uepb.edu.br\/ccbsa\/wp-json\/wp\/v2\/media?parent=67"}],"wp:term":[{"taxonomy":"category","embeddable":true,"href":"https:\/\/centros.uepb.edu.br\/ccbsa\/wp-json\/wp\/v2\/categories?post=67"},{"taxonomy":"post_tag","embeddable":true,"href":"https:\/\/centros.uepb.edu.br\/ccbsa\/wp-json\/wp\/v2\/tags?post=67"}],"curies":[{"name":"wp","href":"https:\/\/api.w.org\/{rel}","templated":true}]}}