{"id":6599,"date":"2019-12-17T14:52:34","date_gmt":"2019-12-17T14:52:34","guid":{"rendered":"https:\/\/centros.uepb.edu.br\/ccbsa\/?p=6599"},"modified":"2019-12-17T14:52:34","modified_gmt":"2019-12-17T14:52:34","slug":"ccbsa-forma-novos-profissionais-de-arquivologia-ciencias-biologicas-e-relacoes-internacionais","status":"publish","type":"post","link":"https:\/\/centros.uepb.edu.br\/ccbsa\/ccbsa-forma-novos-profissionais-de-arquivologia-ciencias-biologicas-e-relacoes-internacionais\/","title":{"rendered":"CCBSA forma novos profissionais de Arquivologia, Ci\u00eancias Biol\u00f3gicas e Rela\u00e7\u00f5es Internacionais"},"content":{"rendered":"\n\t\t<style type=\"text\/css\">\n\t\t\t#gallery-1 {\n\t\t\t\tmargin: auto;\n\t\t\t}\n\t\t\t#gallery-1 .gallery-item {\n\t\t\t\tfloat: left;\n\t\t\t\tmargin-top: 10px;\n\t\t\t\ttext-align: center;\n\t\t\t\twidth: 33%;\n\t\t\t}\n\t\t\t#gallery-1 img {\n\t\t\t\tborder: 2px solid #cfcfcf;\n\t\t\t}\n\t\t\t#gallery-1 .gallery-caption {\n\t\t\t\tmargin-left: 0;\n\t\t\t}\n\t\t\t\/* see gallery_shortcode() in wp-includes\/media.php *\/\n\t\t<\/style>\n\t\t<div id='gallery-1' class='gallery galleryid-6599 gallery-columns-3 gallery-size-full'><dl class='gallery-item'>\n\t\t\t<dt class='gallery-icon landscape'>\n\t\t\t\t<a href='https:\/\/centros.uepb.edu.br\/ccbsa\/files\/2019\/12\/26cb9015-6abe-478b-8d92-f1aeb7d6c8e7-1.jpg'><img loading=\"lazy\" decoding=\"async\" width=\"840\" height=\"454\" src=\"https:\/\/centros.uepb.edu.br\/ccbsa\/files\/2019\/12\/26cb9015-6abe-478b-8d92-f1aeb7d6c8e7-1.jpg\" class=\"attachment-full size-full\" alt=\"\" srcset=\"https:\/\/centros.uepb.edu.br\/ccbsa\/files\/2019\/12\/26cb9015-6abe-478b-8d92-f1aeb7d6c8e7-1.jpg 840w, https:\/\/centros.uepb.edu.br\/ccbsa\/files\/2019\/12\/26cb9015-6abe-478b-8d92-f1aeb7d6c8e7-1-300x162.jpg 300w, https:\/\/centros.uepb.edu.br\/ccbsa\/files\/2019\/12\/26cb9015-6abe-478b-8d92-f1aeb7d6c8e7-1-768x415.jpg 768w, https:\/\/centros.uepb.edu.br\/ccbsa\/files\/2019\/12\/26cb9015-6abe-478b-8d92-f1aeb7d6c8e7-1-370x200.jpg 370w\" sizes=\"auto, (max-width: 840px) 100vw, 840px\" \/><\/a>\n\t\t\t<\/dt><\/dl><dl class='gallery-item'>\n\t\t\t<dt class='gallery-icon landscape'>\n\t\t\t\t<a href='https:\/\/centros.uepb.edu.br\/ccbsa\/files\/2019\/12\/79435792_3230893423605529_376194476059656192_o.jpg'><img loading=\"lazy\" decoding=\"async\" width=\"840\" height=\"557\" src=\"https:\/\/centros.uepb.edu.br\/ccbsa\/files\/2019\/12\/79435792_3230893423605529_376194476059656192_o.jpg\" class=\"attachment-full size-full\" alt=\"\" srcset=\"https:\/\/centros.uepb.edu.br\/ccbsa\/files\/2019\/12\/79435792_3230893423605529_376194476059656192_o.jpg 840w, https:\/\/centros.uepb.edu.br\/ccbsa\/files\/2019\/12\/79435792_3230893423605529_376194476059656192_o-300x199.jpg 300w, https:\/\/centros.uepb.edu.br\/ccbsa\/files\/2019\/12\/79435792_3230893423605529_376194476059656192_o-768x509.jpg 768w, https:\/\/centros.uepb.edu.br\/ccbsa\/files\/2019\/12\/79435792_3230893423605529_376194476059656192_o-370x245.jpg 370w\" sizes=\"auto, (max-width: 840px) 100vw, 840px\" \/><\/a>\n\t\t\t<\/dt><\/dl><dl class='gallery-item'>\n\t\t\t<dt class='gallery-icon landscape'>\n\t\t\t\t<a href='https:\/\/centros.uepb.edu.br\/ccbsa\/files\/2019\/12\/79476841_3230894550272083_2032874717743939584_o.jpg'><img loading=\"lazy\" decoding=\"async\" width=\"840\" height=\"557\" src=\"https:\/\/centros.uepb.edu.br\/ccbsa\/files\/2019\/12\/79476841_3230894550272083_2032874717743939584_o.jpg\" class=\"attachment-full size-full\" alt=\"\" srcset=\"https:\/\/centros.uepb.edu.br\/ccbsa\/files\/2019\/12\/79476841_3230894550272083_2032874717743939584_o.jpg 840w, https:\/\/centros.uepb.edu.br\/ccbsa\/files\/2019\/12\/79476841_3230894550272083_2032874717743939584_o-300x199.jpg 300w, https:\/\/centros.uepb.edu.br\/ccbsa\/files\/2019\/12\/79476841_3230894550272083_2032874717743939584_o-768x509.jpg 768w, https:\/\/centros.uepb.edu.br\/ccbsa\/files\/2019\/12\/79476841_3230894550272083_2032874717743939584_o-370x245.jpg 370w\" sizes=\"auto, (max-width: 840px) 100vw, 840px\" \/><\/a>\n\t\t\t<\/dt><\/dl><br style=\"clear: both\" \/><dl class='gallery-item'>\n\t\t\t<dt class='gallery-icon landscape'>\n\t\t\t\t<a href='https:\/\/centros.uepb.edu.br\/ccbsa\/files\/2019\/12\/79531812_3230894183605453_11676100522409984_o.jpg'><img loading=\"lazy\" decoding=\"async\" width=\"840\" height=\"557\" src=\"https:\/\/centros.uepb.edu.br\/ccbsa\/files\/2019\/12\/79531812_3230894183605453_11676100522409984_o.jpg\" class=\"attachment-full size-full\" alt=\"\" srcset=\"https:\/\/centros.uepb.edu.br\/ccbsa\/files\/2019\/12\/79531812_3230894183605453_11676100522409984_o.jpg 840w, https:\/\/centros.uepb.edu.br\/ccbsa\/files\/2019\/12\/79531812_3230894183605453_11676100522409984_o-300x199.jpg 300w, https:\/\/centros.uepb.edu.br\/ccbsa\/files\/2019\/12\/79531812_3230894183605453_11676100522409984_o-768x509.jpg 768w, https:\/\/centros.uepb.edu.br\/ccbsa\/files\/2019\/12\/79531812_3230894183605453_11676100522409984_o-370x245.jpg 370w\" sizes=\"auto, (max-width: 840px) 100vw, 840px\" \/><\/a>\n\t\t\t<\/dt><\/dl><dl class='gallery-item'>\n\t\t\t<dt class='gallery-icon landscape'>\n\t\t\t\t<a href='https:\/\/centros.uepb.edu.br\/ccbsa\/files\/2019\/12\/79857061_3230893563605515_152933241265848320_o.jpg'><img loading=\"lazy\" decoding=\"async\" width=\"840\" height=\"722\" src=\"https:\/\/centros.uepb.edu.br\/ccbsa\/files\/2019\/12\/79857061_3230893563605515_152933241265848320_o.jpg\" class=\"attachment-full size-full\" alt=\"\" srcset=\"https:\/\/centros.uepb.edu.br\/ccbsa\/files\/2019\/12\/79857061_3230893563605515_152933241265848320_o.jpg 840w, https:\/\/centros.uepb.edu.br\/ccbsa\/files\/2019\/12\/79857061_3230893563605515_152933241265848320_o-300x258.jpg 300w, https:\/\/centros.uepb.edu.br\/ccbsa\/files\/2019\/12\/79857061_3230893563605515_152933241265848320_o-768x660.jpg 768w, https:\/\/centros.uepb.edu.br\/ccbsa\/files\/2019\/12\/79857061_3230893563605515_152933241265848320_o-370x318.jpg 370w\" sizes=\"auto, (max-width: 840px) 100vw, 840px\" \/><\/a>\n\t\t\t<\/dt><\/dl><dl class='gallery-item'>\n\t\t\t<dt class='gallery-icon landscape'>\n\t\t\t\t<a href='https:\/\/centros.uepb.edu.br\/ccbsa\/files\/2019\/12\/79861563_3230894023605469_1753504708800020480_o.jpg'><img loading=\"lazy\" decoding=\"async\" width=\"840\" height=\"557\" src=\"https:\/\/centros.uepb.edu.br\/ccbsa\/files\/2019\/12\/79861563_3230894023605469_1753504708800020480_o.jpg\" class=\"attachment-full size-full\" alt=\"\" srcset=\"https:\/\/centros.uepb.edu.br\/ccbsa\/files\/2019\/12\/79861563_3230894023605469_1753504708800020480_o.jpg 840w, https:\/\/centros.uepb.edu.br\/ccbsa\/files\/2019\/12\/79861563_3230894023605469_1753504708800020480_o-300x199.jpg 300w, https:\/\/centros.uepb.edu.br\/ccbsa\/files\/2019\/12\/79861563_3230894023605469_1753504708800020480_o-768x509.jpg 768w, https:\/\/centros.uepb.edu.br\/ccbsa\/files\/2019\/12\/79861563_3230894023605469_1753504708800020480_o-370x245.jpg 370w\" sizes=\"auto, (max-width: 840px) 100vw, 840px\" \/><\/a>\n\t\t\t<\/dt><\/dl><br style=\"clear: both\" \/><dl class='gallery-item'>\n\t\t\t<dt class='gallery-icon landscape'>\n\t\t\t\t<a href='https:\/\/centros.uepb.edu.br\/ccbsa\/files\/2019\/12\/80062695_3230894420272096_7034584525887766528_o.jpg'><img loading=\"lazy\" decoding=\"async\" width=\"840\" height=\"557\" src=\"https:\/\/centros.uepb.edu.br\/ccbsa\/files\/2019\/12\/80062695_3230894420272096_7034584525887766528_o.jpg\" class=\"attachment-full size-full\" alt=\"\" srcset=\"https:\/\/centros.uepb.edu.br\/ccbsa\/files\/2019\/12\/80062695_3230894420272096_7034584525887766528_o.jpg 840w, https:\/\/centros.uepb.edu.br\/ccbsa\/files\/2019\/12\/80062695_3230894420272096_7034584525887766528_o-300x199.jpg 300w, https:\/\/centros.uepb.edu.br\/ccbsa\/files\/2019\/12\/80062695_3230894420272096_7034584525887766528_o-768x509.jpg 768w, https:\/\/centros.uepb.edu.br\/ccbsa\/files\/2019\/12\/80062695_3230894420272096_7034584525887766528_o-370x245.jpg 370w\" sizes=\"auto, (max-width: 840px) 100vw, 840px\" \/><\/a>\n\t\t\t<\/dt><\/dl><dl class='gallery-item'>\n\t\t\t<dt class='gallery-icon landscape'>\n\t\t\t\t<a href='https:\/\/centros.uepb.edu.br\/ccbsa\/files\/2019\/12\/80077930_3230894786938726_3017033363719454720_o.jpg'><img loading=\"lazy\" decoding=\"async\" width=\"840\" height=\"557\" src=\"https:\/\/centros.uepb.edu.br\/ccbsa\/files\/2019\/12\/80077930_3230894786938726_3017033363719454720_o.jpg\" class=\"attachment-full size-full\" alt=\"\" srcset=\"https:\/\/centros.uepb.edu.br\/ccbsa\/files\/2019\/12\/80077930_3230894786938726_3017033363719454720_o.jpg 840w, https:\/\/centros.uepb.edu.br\/ccbsa\/files\/2019\/12\/80077930_3230894786938726_3017033363719454720_o-300x199.jpg 300w, https:\/\/centros.uepb.edu.br\/ccbsa\/files\/2019\/12\/80077930_3230894786938726_3017033363719454720_o-768x509.jpg 768w, https:\/\/centros.uepb.edu.br\/ccbsa\/files\/2019\/12\/80077930_3230894786938726_3017033363719454720_o-370x245.jpg 370w\" sizes=\"auto, (max-width: 840px) 100vw, 840px\" \/><\/a>\n\t\t\t<\/dt><\/dl><dl class='gallery-item'>\n\t\t\t<dt class='gallery-icon landscape'>\n\t\t\t\t<a href='https:\/\/centros.uepb.edu.br\/ccbsa\/files\/2019\/12\/80534657_3230893020272236_7534476671412338688_o.jpg'><img loading=\"lazy\" decoding=\"async\" width=\"840\" height=\"557\" src=\"https:\/\/centros.uepb.edu.br\/ccbsa\/files\/2019\/12\/80534657_3230893020272236_7534476671412338688_o.jpg\" class=\"attachment-full size-full\" alt=\"\" srcset=\"https:\/\/centros.uepb.edu.br\/ccbsa\/files\/2019\/12\/80534657_3230893020272236_7534476671412338688_o.jpg 840w, https:\/\/centros.uepb.edu.br\/ccbsa\/files\/2019\/12\/80534657_3230893020272236_7534476671412338688_o-300x199.jpg 300w, https:\/\/centros.uepb.edu.br\/ccbsa\/files\/2019\/12\/80534657_3230893020272236_7534476671412338688_o-768x509.jpg 768w, https:\/\/centros.uepb.edu.br\/ccbsa\/files\/2019\/12\/80534657_3230893020272236_7534476671412338688_o-370x245.jpg 370w\" sizes=\"auto, (max-width: 840px) 100vw, 840px\" \/><\/a>\n\t\t\t<\/dt><\/dl><br style=\"clear: both\" \/>\n\t\t<\/div>\n\n<p>\u201cNum pa\u00eds como o Brasil, manter a esperan\u00e7a viva \u00e9 um ato revolucion\u00e1rio\u201d, a frase de Paulo Freire utilizada no discurso da paraninfa das turmas concluintes do per\u00edodo letivo 2019.2 do Centro de Ci\u00eancias Biol\u00f3gicas e Sociais Aplicadas (CCBSA) da Universidade Estadual da Para\u00edba (UEPB), poderia resumir o sentimento dos que participaram da solenidade. A cola\u00e7\u00e3o de grau formou profissionais dos bacharelados em Arquivologia, Ci\u00eancias Biol\u00f3gicas e Rela\u00e7\u00f5es Internacionais.<\/p>\n<p>A solenidade foi presidida pelo vice-reitor, Fl\u00e1vio Romero Guimar\u00e3es. Tamb\u00e9m compuseram a mesa de honra, a Paraninfa Geral das turmas concluintes, professora Rosilene Agapito Llarena; o diretor adjunto do Centro de Ci\u00eancias Biol\u00f3gicas e Sociais Aplicadas (CCBSA), professor \u00canio Wocyli Dantas; o pro-reitor adjunto de gradua\u00e7\u00e3o, Altamir Souto Dias; o coordenador do Curso de Arquivologia, professor S\u00e2nderson Dorneles; o coordenador do Curso de Ci\u00eancias Biol\u00f3gicas, Cleber Salimon e a coordenadora da gradua\u00e7\u00e3o em Rela\u00e7\u00f5es Internacionais, Raquel Melo.<\/p>\n<p>A formanda Ana Carla Oliveira da Silva do curso de Rela\u00e7\u00f5es Internacionais foi a juramentista. Os estudantes Fellipe Ranniery Sales Ricarte (Arquivologia) Tatiana Barbosa da Silva (Ci\u00eancias Biol\u00f3gicas) e Camila Raquel de Souza Rique (Rela\u00e7\u00f5es Internacionais), conduziram a paraninfa.<\/p>\n<p>Em seu discurso o orador, Cl\u00e9ber Ferreira, do curso de Arquivologia, destacou as dificuldades e barreiras enfrentadas por todos ao longo da trajet\u00f3ria acad\u00eamica e enalteceu a import\u00e2ncia da academia e do conhecimento cient\u00edfico. \u201cEsta academia enfrentou in\u00fameras barreiras e mesmo nas diverg\u00eancias e dificuldades triunfa sob desafios. Embora nesses tempos em que o pragmatismo do desvario do temor toma a forma da ignor\u00e2ncia vaidosa \u00e9 importante lembrar que todos n\u00f3s somos herdeiros de intelectuais que enfrentaram as mais duras intoler\u00e2ncias. Somos os formadores de opini\u00e3o e os pesquisadores que desmascaram as ilus\u00f5es e v\u00edcios daqueles que tentam prevalecer se fortalecendo da ignor\u00e2ncia e medo dos que ainda n\u00e3o possuem os devidos saberes para a defesa de sua consci\u00eancia. (&#8230;) Sujeitemos os mitos ao seu lugar de segundo plano, retirando deles o del\u00edrio virulento e agressivo e os deixando como narrativas de uma mem\u00f3ria que nos lembra o que um dia fomos e o que podemos ser caso traiamos o compromisso com a ci\u00eancia e seu legado\u201d, enfatizou o orador.<\/p>\n<p>Com uma fala que utilizava os ensinamentos de Paulo Freire e as suas li\u00e7\u00f5es de vida, a paraninfa Rosilene Agapito, trouxe uma mensagem de f\u00e9, esperan\u00e7a e compromisso social. \u201cNesse momento, se concretizam os sonhos de Francisco Epif\u00e2nio da Silva (in memoriam) e Neusa Agapito da Silva, meus pais, que, na condi\u00e7\u00e3o de analfabetos funcionais, me ensinaram, em sua simplicidade, que com f\u00e9 e esperan\u00e7a pod\u00edamos acreditar que vit\u00f3rias seriam poss\u00edveis e que nada tem sentido sem pensemos no outro. (\u2026) Segundo Paulo Freire: \u2018N\u00e3o \u00e9 no sil\u00eancio que os homens se fazem, mas na palavra, no trabalho, na a\u00e7\u00e3o-reflex\u00e3o\u2019, ent\u00e3o quando voc\u00eas pensarem o que voc\u00eas far\u00e3o na sociedade agora ter\u00e3o que pensar na responsabilidade social que v\u00e3o trabalhar em prol do coletivo, a UEPB depositou em voc\u00eas sonhos, esperan\u00e7a e f\u00e9, exatamente como eu disse no in\u00edcio do discurso, ent\u00e3o, que voc\u00eas saiam daqui para agir com \u00e9tica, moral, com responsabilidade, que tenham pensamento cr\u00edtico-reflexivo, que n\u00e3o deixem a letargia e a falta de informa\u00e7\u00e3o e de conhecimento tomarem conta dos afazeres de voc\u00eas\u201d, aconselhou a paraninfa.<\/p>\n<p>O diretor do CCBSA, professor \u00canio Dantas, fez uma breve fala de f\u00e9, amor e esperan\u00e7a para a supera\u00e7\u00e3o de dificuldades que surgirem na vida dos novos profissionais. E o pro-reitor adjunto de gradua\u00e7\u00e3o, professor Altemir Dias, complementou dizendo que apesar das limita\u00e7\u00f5es enfrentadas pela UEPB e pela sociedade o momento de cola\u00e7\u00e3o de grau \u00e9 importante para prestar contas ao povo paraibano e superar limites. \u201cAt\u00e9 a pr\u00f3xima sexta, quando realizaremos as \u00faltimas solenidades de cola\u00e7\u00e3o de grau, teremos ultrapassado o n\u00famero de 20 mil profissionais graduados na UEPB, o que para n\u00f3s \u00e9 uma alegria. Ent\u00e3o, ao me dirigir aos formandos enfatizo que jamais voc\u00eas devem perder a capacidade de, por um lado, se indignarem com as dificuldades, injusti\u00e7as e falta de horizontes, incertezas quanto ao futuro do pa\u00eds, por outro, n\u00e3o podem deixar de ter esperan\u00e7a\u201d, declarou.<\/p>\n<p>O vice-reitor da UEPB, professor Fl\u00e1vio Romero, afirmou que embora o momento de cola\u00e7\u00e3o de grau soe como um final, seria apenas o come\u00e7o de uma nova fase na vida dos formandos. \u201cNada acabou! Muitos chegaram aqui com sonhos, expectativas e assim caminha a humanidade, nada acaba. Fernando pessoa tem um c\u00e9lebre frase na qual diz \u2018Tenho em mim todos os sonhos\u2019, que assim seja com voc\u00eas. Todos s\u00e3o capazes de ressignificar sonhos a despeito de todas as dificuldades, a despeito de um mundo de trabalho competitivo, a minha fala \u00e9 no sentido de estimular para que n\u00e3o haja esse sentimento de que acabou, estamos come\u00e7ando um novo ciclo que deve ser alimentado a partir dos nossos sonhos\u201d, enalteceu.<\/p>\n<p>Ap\u00f3s os discursos foram conferidos os graus acad\u00eamicos. Os formandos Yara Maria dos Santos de Andrade (Arquivologia), Rog\u00e9rio Faulha de Gouveia Filho (Ci\u00eancias Biol\u00f3gicas) e Rina Maria de Jesus Santos (Rela\u00e7\u00f5es Internacionais), colaram grau representando os demais concluintes. Na oportunidade tamb\u00e9m foi entregue a \u201cL\u00e1urea Acad\u00eamica\u201d, destinada aos estudantes com maior Coeficiente de Rendimento Escolar (CRE) de cada curso, sendo necess\u00e1ria a m\u00e9dia m\u00ednima de 8,0 para concorrer. Os estudantes Jos\u00e9 Cabral da Silva Filho, de Arquivologia, e Let\u00edcia Gon\u00e7alves Carneiro, de Rela\u00e7\u00f5es Internacionais, foram os agraciados com a homenagem.<\/p>\n<p><em><strong>Texto:<\/strong> Juliana Marques<\/em><br \/>\n<em><strong>Fotos:<\/strong> Paizinha Lemos<\/em><\/p>\n","protected":false},"excerpt":{"rendered":"<p>\u201cNum pa\u00eds como o Brasil, manter a esperan\u00e7a viva \u00e9 um ato revolucion\u00e1rio\u201d, a frase de Paulo Freire utilizada no discurso da paraninfa das turmas concluintes do per\u00edodo letivo 2019.2 do Centro de Ci\u00eancias Biol\u00f3gicas e Sociais Aplicadas (CCBSA) da Universidade Estadual da Para\u00edba (UEPB), poderia resumir o sentimento dos que participaram da solenidade. A <a class=\"leiamais\" href=\"https:\/\/centros.uepb.edu.br\/ccbsa\/ccbsa-forma-novos-profissionais-de-arquivologia-ciencias-biologicas-e-relacoes-internacionais\/\">Leia Mais&#8230;<\/a><\/p>\n","protected":false},"author":8,"featured_media":6600,"comment_status":"closed","ping_status":"closed","sticky":false,"template":"","format":"standard","meta":{"footnotes":""},"categories":[3,11],"tags":[],"class_list":["post-6599","post","type-post","status-publish","format-standard","has-post-thumbnail","hentry","category-noticias","category-noticias-destaque-img"],"jetpack_featured_media_url":"https:\/\/centros.uepb.edu.br\/ccbsa\/files\/2019\/12\/26cb9015-6abe-478b-8d92-f1aeb7d6c8e7.jpg","_links":{"self":[{"href":"https:\/\/centros.uepb.edu.br\/ccbsa\/wp-json\/wp\/v2\/posts\/6599","targetHints":{"allow":["GET"]}}],"collection":[{"href":"https:\/\/centros.uepb.edu.br\/ccbsa\/wp-json\/wp\/v2\/posts"}],"about":[{"href":"https:\/\/centros.uepb.edu.br\/ccbsa\/wp-json\/wp\/v2\/types\/post"}],"author":[{"embeddable":true,"href":"https:\/\/centros.uepb.edu.br\/ccbsa\/wp-json\/wp\/v2\/users\/8"}],"replies":[{"embeddable":true,"href":"https:\/\/centros.uepb.edu.br\/ccbsa\/wp-json\/wp\/v2\/comments?post=6599"}],"version-history":[{"count":0,"href":"https:\/\/centros.uepb.edu.br\/ccbsa\/wp-json\/wp\/v2\/posts\/6599\/revisions"}],"wp:featuredmedia":[{"embeddable":true,"href":"https:\/\/centros.uepb.edu.br\/ccbsa\/wp-json\/wp\/v2\/media\/6600"}],"wp:attachment":[{"href":"https:\/\/centros.uepb.edu.br\/ccbsa\/wp-json\/wp\/v2\/media?parent=6599"}],"wp:term":[{"taxonomy":"category","embeddable":true,"href":"https:\/\/centros.uepb.edu.br\/ccbsa\/wp-json\/wp\/v2\/categories?post=6599"},{"taxonomy":"post_tag","embeddable":true,"href":"https:\/\/centros.uepb.edu.br\/ccbsa\/wp-json\/wp\/v2\/tags?post=6599"}],"curies":[{"name":"wp","href":"https:\/\/api.w.org\/{rel}","templated":true}]}}