{"id":6581,"date":"2019-12-03T14:13:31","date_gmt":"2019-12-03T14:13:31","guid":{"rendered":"https:\/\/centros.uepb.edu.br\/ccbsa\/?p=6581"},"modified":"2019-12-03T16:06:02","modified_gmt":"2019-12-03T16:06:02","slug":"professora-rosilene-agapito-llarena-e-escolhida-a-paraninfa-das-turmas-concluintes-do-ccbsa-do-periodo-letivo-2019-2","status":"publish","type":"post","link":"https:\/\/centros.uepb.edu.br\/ccbsa\/professora-rosilene-agapito-llarena-e-escolhida-a-paraninfa-das-turmas-concluintes-do-ccbsa-do-periodo-letivo-2019-2\/","title":{"rendered":"Professora Rosilene Agapito Llarena \u00e9 escolhida a paraninfa das turmas concluintes do CCBSA do per\u00edodo letivo 2019.2"},"content":{"rendered":"<p><a href=\"https:\/\/centros.uepb.edu.br\/ccbsa\/files\/2019\/12\/65386304_10206327521582505_5188083480092737536_o.jpg\"><img loading=\"lazy\" decoding=\"async\" class=\"aligncenter size-full wp-image-6585 img-responsive\" src=\"https:\/\/centros.uepb.edu.br\/ccbsa\/files\/2019\/12\/65386304_10206327521582505_5188083480092737536_o.jpg\" alt=\"\" width=\"840\" height=\"454\" srcset=\"https:\/\/centros.uepb.edu.br\/ccbsa\/files\/2019\/12\/65386304_10206327521582505_5188083480092737536_o.jpg 840w, https:\/\/centros.uepb.edu.br\/ccbsa\/files\/2019\/12\/65386304_10206327521582505_5188083480092737536_o-300x162.jpg 300w, https:\/\/centros.uepb.edu.br\/ccbsa\/files\/2019\/12\/65386304_10206327521582505_5188083480092737536_o-768x415.jpg 768w, https:\/\/centros.uepb.edu.br\/ccbsa\/files\/2019\/12\/65386304_10206327521582505_5188083480092737536_o-370x200.jpg 370w\" sizes=\"auto, (max-width: 840px) 100vw, 840px\" \/><\/a><\/p>\n<p>A frase c\u00e9lebre do educador Paulo Freire, na qual o educador declara que: \u201cSe a educa\u00e7\u00e3o sozinha n\u00e3o transforma a sociedade, sem ela tampouco a sociedade muda\u201d, poderia ser um dos preceitos que regem a vida da professora Rosilene Agapito Llarena, que com mais de 20 anos dedicados \u00e0 educa\u00e7\u00e3o, est\u00e1 prestes a ser homenageada como paraninfa das turmas concluintes do per\u00edodo letivo 2019.2 do Centro de Ci\u00eancias Biol\u00f3gicas e Sociais Aplicadas (CCBSA) da Universidade Estadual da Para\u00edba (UEPB).<\/p>\n<p>A docente, que atualmente exerce o cargo de professora substituta do Bacharelado em Arquivologia, \u00e9 doutora em Ci\u00eancia da Informa\u00e7\u00e3o, com est\u00e1gio de doutoramento no exterior na Universidade de Zaragoza \u2013 Espanha, mestre em Ci\u00eancia da Informa\u00e7\u00e3o, especialista em Supervis\u00e3o Escolar e Orienta\u00e7\u00e3o Educacional, graduada em Biblioteconomia e em Pedagogia.<\/p>\n<p>Com experi\u00eancias em todos os n\u00edveis de ensino, tendo passado pela alfabetiza\u00e7\u00e3o de jovens e adultos e doc\u00eancia em n\u00edvel superior (a docente j\u00e1 atuou por 5 anos no c\u00e2mpus da UEPB em Guarabira), professora Rosilene destacou a alegria e emo\u00e7\u00e3o que sentiu ao saber da homenagem dos formandos. &#8220;Para mim foi uma grande emo\u00e7\u00e3o, \u00e9 o maior reconhecimento que eu poderia receber. Eu que acredito na educa\u00e7\u00e3o como uma for\u00e7a motriz para o desenvolvimento social do indiv\u00edduo e da sociedade, que acredito no poder da aprendizagem para transformar vidas e entendo a responsabilidade social que n\u00f3s, professores, carregamos, recebo essa homenagem com muita gratid\u00e3o e a consci\u00eancia da import\u00e2ncia e do significado que isso carrega&#8221;, declara a paraninfa.<\/p>\n<p>A cerim\u00f4nia de cola\u00e7\u00e3o de grau do Centro de Ci\u00eancias Biol\u00f3gicas e Sociais Aplicadas ocorrer\u00e1 no dia 16 de dezembro, \u00e0s 10h, no audit\u00f3rio do Centro de Forma\u00e7\u00e3o de Educadores Professora Elisa Bezerra Mineiros, localizada \u00e0 Rua Rita Xavier de Oliveira S\/N, Mangabeira.<\/p>\n<p><em><strong>Texto:<\/strong> Juliana Marques<\/em><\/p>\n","protected":false},"excerpt":{"rendered":"<p>A frase c\u00e9lebre do educador Paulo Freire, na qual o educador declara que: \u201cSe a educa\u00e7\u00e3o sozinha n\u00e3o transforma a sociedade, sem ela tampouco a sociedade muda\u201d, poderia ser um dos preceitos que regem a vida da professora Rosilene Agapito Llarena, que com mais de 20 anos dedicados \u00e0 educa\u00e7\u00e3o, est\u00e1 prestes a ser homenageada <a class=\"leiamais\" href=\"https:\/\/centros.uepb.edu.br\/ccbsa\/professora-rosilene-agapito-llarena-e-escolhida-a-paraninfa-das-turmas-concluintes-do-ccbsa-do-periodo-letivo-2019-2\/\">Leia Mais&#8230;<\/a><\/p>\n","protected":false},"author":8,"featured_media":6585,"comment_status":"closed","ping_status":"closed","sticky":false,"template":"","format":"standard","meta":{"footnotes":""},"categories":[3,11],"tags":[],"class_list":["post-6581","post","type-post","status-publish","format-standard","has-post-thumbnail","hentry","category-noticias","category-noticias-destaque-img"],"jetpack_featured_media_url":"https:\/\/centros.uepb.edu.br\/ccbsa\/files\/2019\/12\/65386304_10206327521582505_5188083480092737536_o.jpg","_links":{"self":[{"href":"https:\/\/centros.uepb.edu.br\/ccbsa\/wp-json\/wp\/v2\/posts\/6581","targetHints":{"allow":["GET"]}}],"collection":[{"href":"https:\/\/centros.uepb.edu.br\/ccbsa\/wp-json\/wp\/v2\/posts"}],"about":[{"href":"https:\/\/centros.uepb.edu.br\/ccbsa\/wp-json\/wp\/v2\/types\/post"}],"author":[{"embeddable":true,"href":"https:\/\/centros.uepb.edu.br\/ccbsa\/wp-json\/wp\/v2\/users\/8"}],"replies":[{"embeddable":true,"href":"https:\/\/centros.uepb.edu.br\/ccbsa\/wp-json\/wp\/v2\/comments?post=6581"}],"version-history":[{"count":0,"href":"https:\/\/centros.uepb.edu.br\/ccbsa\/wp-json\/wp\/v2\/posts\/6581\/revisions"}],"wp:featuredmedia":[{"embeddable":true,"href":"https:\/\/centros.uepb.edu.br\/ccbsa\/wp-json\/wp\/v2\/media\/6585"}],"wp:attachment":[{"href":"https:\/\/centros.uepb.edu.br\/ccbsa\/wp-json\/wp\/v2\/media?parent=6581"}],"wp:term":[{"taxonomy":"category","embeddable":true,"href":"https:\/\/centros.uepb.edu.br\/ccbsa\/wp-json\/wp\/v2\/categories?post=6581"},{"taxonomy":"post_tag","embeddable":true,"href":"https:\/\/centros.uepb.edu.br\/ccbsa\/wp-json\/wp\/v2\/tags?post=6581"}],"curies":[{"name":"wp","href":"https:\/\/api.w.org\/{rel}","templated":true}]}}