{"id":652,"date":"2013-08-09T16:58:20","date_gmt":"2013-08-09T16:58:20","guid":{"rendered":"\/ccbsa\/?p=652"},"modified":"2013-08-09T18:37:33","modified_gmt":"2013-08-09T18:37:33","slug":"dia-do-estudante-e-comemorado-com-programacao-especial-voltada-aos-alunos-do-ensino-medio","status":"publish","type":"post","link":"https:\/\/centros.uepb.edu.br\/ccbsa\/dia-do-estudante-e-comemorado-com-programacao-especial-voltada-aos-alunos-do-ensino-medio\/","title":{"rendered":"Dia do estudante \u00e9 comemorado com programa\u00e7\u00e3o especial voltada aos alunos do ensino m\u00e9dio"},"content":{"rendered":"<p><a href=\"http:\/\/centros.ascom.uepb.edu.br\/ccbsa\/files\/2013\/08\/DSC04095estu.jpg\"><img loading=\"lazy\" decoding=\"async\" class=\"alignleft size-thumbnail wp-image-653 img-responsive\" alt=\"DSC04095estu\" src=\"http:\/\/centros.ascom.uepb.edu.br\/ccbsa\/files\/2013\/08\/DSC04095estu-150x150.jpg\" width=\"150\" height=\"150\" \/><\/a>Oficinas, jogos de mesa e apresenta\u00e7\u00e3o de talentos s\u00e3o algumas das atividades realizadas pelo Gr\u00eamio estudantil, dire\u00e7\u00e3o e equipe pedag\u00f3gica do Jos\u00e9 Lins do R\u00eago, para comemorar o dia do estudante.<\/p>\n<p>As comemora\u00e7\u00f5es, realizadas desde a \u00faltima ter\u00e7a-feira (6) at\u00e9 esta sexta-feira (9) foram voltadas aos estudantes do ensino m\u00e9dio, que participaram das oficinas de fotografia, dan\u00e7a e circo, competi\u00e7\u00f5es de t\u00eanis de mesa, cartas, e domin\u00f3, apresenta\u00e7\u00f5es culturais, show de talentos com apresenta\u00e7\u00f5es de dan\u00e7a, m\u00fasica e teatro, atividades realizadas nas depend\u00eancias do Campus V da UEPB.<\/p>\n<p>O Dia do Estudante \u00e9 comemorado no Brasil em 11 de agosto. A comemora\u00e7\u00e3o foi criada em 1827, em homenagem \u00e0 funda\u00e7\u00e3o dos dois primeiros cursos de ci\u00eancias jur\u00eddicas do pa\u00eds, em 11 de agosto de 1927, por D. Pedro I.<\/p>\n","protected":false},"excerpt":{"rendered":"<p>Oficinas, jogos de mesa e apresenta\u00e7\u00e3o de talentos s\u00e3o algumas das atividades realizadas pelo Gr\u00eamio estudantil, dire\u00e7\u00e3o e equipe pedag\u00f3gica do Jos\u00e9 Lins do R\u00eago, para comemorar o dia do estudante. As comemora\u00e7\u00f5es, realizadas desde a \u00faltima ter\u00e7a-feira (6) at\u00e9 esta sexta-feira (9) foram voltadas aos estudantes do ensino m\u00e9dio, que participaram das oficinas de <a class=\"leiamais\" href=\"https:\/\/centros.uepb.edu.br\/ccbsa\/dia-do-estudante-e-comemorado-com-programacao-especial-voltada-aos-alunos-do-ensino-medio\/\">Leia Mais&#8230;<\/a><\/p>\n","protected":false},"author":8,"featured_media":0,"comment_status":"open","ping_status":"open","sticky":false,"template":"","format":"standard","meta":{"footnotes":""},"categories":[3,5],"tags":[],"class_list":["post-652","post","type-post","status-publish","format-standard","hentry","category-noticias","category-visiveis"],"jetpack_featured_media_url":"","_links":{"self":[{"href":"https:\/\/centros.uepb.edu.br\/ccbsa\/wp-json\/wp\/v2\/posts\/652","targetHints":{"allow":["GET"]}}],"collection":[{"href":"https:\/\/centros.uepb.edu.br\/ccbsa\/wp-json\/wp\/v2\/posts"}],"about":[{"href":"https:\/\/centros.uepb.edu.br\/ccbsa\/wp-json\/wp\/v2\/types\/post"}],"author":[{"embeddable":true,"href":"https:\/\/centros.uepb.edu.br\/ccbsa\/wp-json\/wp\/v2\/users\/8"}],"replies":[{"embeddable":true,"href":"https:\/\/centros.uepb.edu.br\/ccbsa\/wp-json\/wp\/v2\/comments?post=652"}],"version-history":[{"count":0,"href":"https:\/\/centros.uepb.edu.br\/ccbsa\/wp-json\/wp\/v2\/posts\/652\/revisions"}],"wp:attachment":[{"href":"https:\/\/centros.uepb.edu.br\/ccbsa\/wp-json\/wp\/v2\/media?parent=652"}],"wp:term":[{"taxonomy":"category","embeddable":true,"href":"https:\/\/centros.uepb.edu.br\/ccbsa\/wp-json\/wp\/v2\/categories?post=652"},{"taxonomy":"post_tag","embeddable":true,"href":"https:\/\/centros.uepb.edu.br\/ccbsa\/wp-json\/wp\/v2\/tags?post=652"}],"curies":[{"name":"wp","href":"https:\/\/api.w.org\/{rel}","templated":true}]}}