{"id":6514,"date":"2019-11-12T15:17:39","date_gmt":"2019-11-12T15:17:39","guid":{"rendered":"https:\/\/centros.uepb.edu.br\/ccbsa\/?p=6514"},"modified":"2019-11-12T15:17:39","modified_gmt":"2019-11-12T15:17:39","slug":"politicas-publicas-de-empreendedorismo-no-campus-v-da-uepb-sao-apresentadas-em-forum-promovido-pelo-sebrae","status":"publish","type":"post","link":"https:\/\/centros.uepb.edu.br\/ccbsa\/politicas-publicas-de-empreendedorismo-no-campus-v-da-uepb-sao-apresentadas-em-forum-promovido-pelo-sebrae\/","title":{"rendered":"Pol\u00edticas p\u00fablicas de empreendedorismo no C\u00e2mpus V da UEPB s\u00e3o apresentadas em F\u00f3rum promovido pelo Sebrae"},"content":{"rendered":"\n\t\t<style type=\"text\/css\">\n\t\t\t#gallery-1 {\n\t\t\t\tmargin: auto;\n\t\t\t}\n\t\t\t#gallery-1 .gallery-item {\n\t\t\t\tfloat: left;\n\t\t\t\tmargin-top: 10px;\n\t\t\t\ttext-align: center;\n\t\t\t\twidth: 33%;\n\t\t\t}\n\t\t\t#gallery-1 img {\n\t\t\t\tborder: 2px solid #cfcfcf;\n\t\t\t}\n\t\t\t#gallery-1 .gallery-caption {\n\t\t\t\tmargin-left: 0;\n\t\t\t}\n\t\t\t\/* see gallery_shortcode() in wp-includes\/media.php *\/\n\t\t<\/style>\n\t\t<div id='gallery-1' class='gallery galleryid-6514 gallery-columns-3 gallery-size-full'><dl class='gallery-item'>\n\t\t\t<dt class='gallery-icon landscape'>\n\t\t\t\t<a href='https:\/\/centros.uepb.edu.br\/ccbsa\/politicas-publicas-de-empreendedorismo-no-campus-v-da-uepb-sao-apresentadas-em-forum-promovido-pelo-sebrae\/img_4240ok\/'><img loading=\"lazy\" decoding=\"async\" width=\"840\" height=\"495\" src=\"https:\/\/centros.uepb.edu.br\/ccbsa\/files\/2019\/11\/IMG_4240ok.jpg\" class=\"attachment-full size-full\" alt=\"\" srcset=\"https:\/\/centros.uepb.edu.br\/ccbsa\/files\/2019\/11\/IMG_4240ok.jpg 840w, https:\/\/centros.uepb.edu.br\/ccbsa\/files\/2019\/11\/IMG_4240ok-300x177.jpg 300w, https:\/\/centros.uepb.edu.br\/ccbsa\/files\/2019\/11\/IMG_4240ok-768x453.jpg 768w, https:\/\/centros.uepb.edu.br\/ccbsa\/files\/2019\/11\/IMG_4240ok-370x218.jpg 370w\" sizes=\"auto, (max-width: 840px) 100vw, 840px\" \/><\/a>\n\t\t\t<\/dt><\/dl><dl class='gallery-item'>\n\t\t\t<dt class='gallery-icon landscape'>\n\t\t\t\t<a href='https:\/\/centros.uepb.edu.br\/ccbsa\/politicas-publicas-de-empreendedorismo-no-campus-v-da-uepb-sao-apresentadas-em-forum-promovido-pelo-sebrae\/img_4246\/'><img loading=\"lazy\" decoding=\"async\" width=\"840\" height=\"454\" src=\"https:\/\/centros.uepb.edu.br\/ccbsa\/files\/2019\/11\/IMG_4246.jpg\" class=\"attachment-full size-full\" alt=\"\" srcset=\"https:\/\/centros.uepb.edu.br\/ccbsa\/files\/2019\/11\/IMG_4246.jpg 840w, https:\/\/centros.uepb.edu.br\/ccbsa\/files\/2019\/11\/IMG_4246-300x162.jpg 300w, https:\/\/centros.uepb.edu.br\/ccbsa\/files\/2019\/11\/IMG_4246-768x415.jpg 768w, https:\/\/centros.uepb.edu.br\/ccbsa\/files\/2019\/11\/IMG_4246-370x200.jpg 370w\" sizes=\"auto, (max-width: 840px) 100vw, 840px\" \/><\/a>\n\t\t\t<\/dt><\/dl><dl class='gallery-item'>\n\t\t\t<dt class='gallery-icon landscape'>\n\t\t\t\t<a href='https:\/\/centros.uepb.edu.br\/ccbsa\/politicas-publicas-de-empreendedorismo-no-campus-v-da-uepb-sao-apresentadas-em-forum-promovido-pelo-sebrae\/img_4229ok\/'><img loading=\"lazy\" decoding=\"async\" width=\"840\" height=\"560\" src=\"https:\/\/centros.uepb.edu.br\/ccbsa\/files\/2019\/11\/IMG_4229ok.jpg\" class=\"attachment-full size-full\" alt=\"\" srcset=\"https:\/\/centros.uepb.edu.br\/ccbsa\/files\/2019\/11\/IMG_4229ok.jpg 840w, https:\/\/centros.uepb.edu.br\/ccbsa\/files\/2019\/11\/IMG_4229ok-300x200.jpg 300w, https:\/\/centros.uepb.edu.br\/ccbsa\/files\/2019\/11\/IMG_4229ok-768x512.jpg 768w, https:\/\/centros.uepb.edu.br\/ccbsa\/files\/2019\/11\/IMG_4229ok-370x247.jpg 370w\" sizes=\"auto, (max-width: 840px) 100vw, 840px\" \/><\/a>\n\t\t\t<\/dt><\/dl><br style=\"clear: both\" \/><dl class='gallery-item'>\n\t\t\t<dt class='gallery-icon landscape'>\n\t\t\t\t<a href='https:\/\/centros.uepb.edu.br\/ccbsa\/politicas-publicas-de-empreendedorismo-no-campus-v-da-uepb-sao-apresentadas-em-forum-promovido-pelo-sebrae\/img_4236ok\/'><img loading=\"lazy\" decoding=\"async\" width=\"840\" height=\"487\" src=\"https:\/\/centros.uepb.edu.br\/ccbsa\/files\/2019\/11\/IMG_4236ok.jpg\" class=\"attachment-full size-full\" alt=\"\" srcset=\"https:\/\/centros.uepb.edu.br\/ccbsa\/files\/2019\/11\/IMG_4236ok.jpg 840w, https:\/\/centros.uepb.edu.br\/ccbsa\/files\/2019\/11\/IMG_4236ok-300x174.jpg 300w, https:\/\/centros.uepb.edu.br\/ccbsa\/files\/2019\/11\/IMG_4236ok-768x445.jpg 768w, https:\/\/centros.uepb.edu.br\/ccbsa\/files\/2019\/11\/IMG_4236ok-370x215.jpg 370w\" sizes=\"auto, (max-width: 840px) 100vw, 840px\" \/><\/a>\n\t\t\t<\/dt><\/dl>\n\t\t\t<br style='clear: both' \/>\n\t\t<\/div>\n\n<p>Discutir as experi\u00eancias de pol\u00edticas p\u00fablicas de empreendedorismo realizadas no \u00e2mbito do C\u00e2mpus V da Universidade Estadual da Para\u00edba (UEPB), esse foi o objetivo principal da palestra ministrada pela professora Jacqueline Echeverr\u00eda Barrancos, nesta segunda-feira (11), durante o primeiro dia de atividades do F\u00f3rum de Educa\u00e7\u00e3o, empreendedorismo e pol\u00edticas p\u00fablicas, realizado em Campina Grande.<\/p>\n<p>Na oportunidade, a professora Jacqueline Echeverr\u00eda Barrancos apresentou a palestra \u201cEduca\u00e7\u00e3o empreendedora como pol\u00edtica p\u00fablica\u201d. Doutora em Administra\u00e7\u00e3o e atualmente diretora do Centro de Ci\u00eancias Biol\u00f3gicas e Sociais Aplicadas (CCBSA) da UEPB a docente exp\u00f4s dados sobre o empreendedorismo no Brasil e a import\u00e2ncia da educa\u00e7\u00e3o empreendedora nas universidades, e exp\u00f4s a realidade do C\u00e2mpus V, por meio de pol\u00edticas de ensino, pesquisa e extens\u00e3o.<\/p>\n<p>\u201cDesde o momento da atualiza\u00e7\u00e3o do Projeto Pedag\u00f3gico do Curso (PPC), no per\u00edodo letivo 2017.2, o bacharelado em Arquivologia conta com um componente curricular de empreendedorismo, no qual buscamos apresentar aulas expositivas e interativas, aplica\u00e7\u00e3o de jogos e simula\u00e7\u00f5es e elabora\u00e7\u00e3o de plano de neg\u00f3cios. Al\u00e9m disso, desenvolvemos trabalhos de extens\u00e3o interdisciplinares voltados \u00e0 forma\u00e7\u00e3o continuada de empreendedores locais da comunidade, projetos de pesquisa e empresas juniores, como a Eleven, empresa j\u00fanior de Rela\u00e7\u00f5es Internacionais, que evidenciam esse potencial empreendedor do Campus V. Mas, ainda h\u00e1 um longo percurso a percorrer e \u00e1reas a desenvolver para que possamos aprimorar esse perfil\u201d, avalia a professora Jacqueline.<\/p>\n<p>O F\u00f3rum de Educa\u00e7\u00e3o, empreendedorismo e pol\u00edticas p\u00fablicas, promovido pelo Sebrae, segue nesta ter\u00e7a-feira (12) e conta com a participa\u00e7\u00e3o de agentes de desenvolvimento, empreendedores, educadores e gestores p\u00fablicos de toda a Para\u00edba.<\/p>\n<p><em><strong>Texto e fotos:<\/strong> Juliana Marques<\/em><\/p>\n","protected":false},"excerpt":{"rendered":"<p>Discutir as experi\u00eancias de pol\u00edticas p\u00fablicas de empreendedorismo realizadas no \u00e2mbito do C\u00e2mpus V da Universidade Estadual da Para\u00edba (UEPB), esse foi o objetivo principal da palestra ministrada pela professora Jacqueline Echeverr\u00eda Barrancos, nesta segunda-feira (11), durante o primeiro dia de atividades do F\u00f3rum de Educa\u00e7\u00e3o, empreendedorismo e pol\u00edticas p\u00fablicas, realizado em Campina Grande. Na <a class=\"leiamais\" href=\"https:\/\/centros.uepb.edu.br\/ccbsa\/politicas-publicas-de-empreendedorismo-no-campus-v-da-uepb-sao-apresentadas-em-forum-promovido-pelo-sebrae\/\">Leia Mais&#8230;<\/a><\/p>\n","protected":false},"author":8,"featured_media":6516,"comment_status":"closed","ping_status":"closed","sticky":false,"template":"","format":"standard","meta":{"footnotes":""},"categories":[3,11],"tags":[],"class_list":["post-6514","post","type-post","status-publish","format-standard","has-post-thumbnail","hentry","category-noticias","category-noticias-destaque-img"],"jetpack_featured_media_url":"https:\/\/centros.uepb.edu.br\/ccbsa\/files\/2019\/11\/IMG_4246.jpg","_links":{"self":[{"href":"https:\/\/centros.uepb.edu.br\/ccbsa\/wp-json\/wp\/v2\/posts\/6514","targetHints":{"allow":["GET"]}}],"collection":[{"href":"https:\/\/centros.uepb.edu.br\/ccbsa\/wp-json\/wp\/v2\/posts"}],"about":[{"href":"https:\/\/centros.uepb.edu.br\/ccbsa\/wp-json\/wp\/v2\/types\/post"}],"author":[{"embeddable":true,"href":"https:\/\/centros.uepb.edu.br\/ccbsa\/wp-json\/wp\/v2\/users\/8"}],"replies":[{"embeddable":true,"href":"https:\/\/centros.uepb.edu.br\/ccbsa\/wp-json\/wp\/v2\/comments?post=6514"}],"version-history":[{"count":0,"href":"https:\/\/centros.uepb.edu.br\/ccbsa\/wp-json\/wp\/v2\/posts\/6514\/revisions"}],"wp:featuredmedia":[{"embeddable":true,"href":"https:\/\/centros.uepb.edu.br\/ccbsa\/wp-json\/wp\/v2\/media\/6516"}],"wp:attachment":[{"href":"https:\/\/centros.uepb.edu.br\/ccbsa\/wp-json\/wp\/v2\/media?parent=6514"}],"wp:term":[{"taxonomy":"category","embeddable":true,"href":"https:\/\/centros.uepb.edu.br\/ccbsa\/wp-json\/wp\/v2\/categories?post=6514"},{"taxonomy":"post_tag","embeddable":true,"href":"https:\/\/centros.uepb.edu.br\/ccbsa\/wp-json\/wp\/v2\/tags?post=6514"}],"curies":[{"name":"wp","href":"https:\/\/api.w.org\/{rel}","templated":true}]}}