{"id":6513,"date":"2019-11-12T16:02:54","date_gmt":"2019-11-12T16:02:54","guid":{"rendered":"https:\/\/centros.uepb.edu.br\/ccbsa\/?p=6513"},"modified":"2019-11-12T16:02:54","modified_gmt":"2019-11-12T16:02:54","slug":"4a-edicao-da-jornada-arquivistica-e-seus-acervos-raros-e-realizada-no-campus-v-com-discussao-sobre-memoria-gastronomica","status":"publish","type":"post","link":"https:\/\/centros.uepb.edu.br\/ccbsa\/4a-edicao-da-jornada-arquivistica-e-seus-acervos-raros-e-realizada-no-campus-v-com-discussao-sobre-memoria-gastronomica\/","title":{"rendered":"4\u00aa edi\u00e7\u00e3o da Jornada Arquiv\u00edstica e seus Acervos Raros \u00e9 realizada no Campus V com discuss\u00e3o sobre mem\u00f3ria gastron\u00f4mica"},"content":{"rendered":"\n\t\t<style type=\"text\/css\">\n\t\t\t#gallery-1 {\n\t\t\t\tmargin: auto;\n\t\t\t}\n\t\t\t#gallery-1 .gallery-item {\n\t\t\t\tfloat: left;\n\t\t\t\tmargin-top: 10px;\n\t\t\t\ttext-align: center;\n\t\t\t\twidth: 33%;\n\t\t\t}\n\t\t\t#gallery-1 img {\n\t\t\t\tborder: 2px solid #cfcfcf;\n\t\t\t}\n\t\t\t#gallery-1 .gallery-caption {\n\t\t\t\tmargin-left: 0;\n\t\t\t}\n\t\t\t\/* see gallery_shortcode() in wp-includes\/media.php *\/\n\t\t<\/style>\n\t\t<div id='gallery-1' class='gallery galleryid-6513 gallery-columns-3 gallery-size-full'><dl class='gallery-item'>\n\t\t\t<dt class='gallery-icon portrait'>\n\t\t\t\t<a href='https:\/\/centros.uepb.edu.br\/ccbsa\/files\/2019\/11\/IMG_4255.jpg'><img loading=\"lazy\" decoding=\"async\" width=\"840\" height=\"1260\" src=\"https:\/\/centros.uepb.edu.br\/ccbsa\/files\/2019\/11\/IMG_4255.jpg\" class=\"attachment-full size-full\" alt=\"\" srcset=\"https:\/\/centros.uepb.edu.br\/ccbsa\/files\/2019\/11\/IMG_4255.jpg 840w, https:\/\/centros.uepb.edu.br\/ccbsa\/files\/2019\/11\/IMG_4255-200x300.jpg 200w, https:\/\/centros.uepb.edu.br\/ccbsa\/files\/2019\/11\/IMG_4255-768x1152.jpg 768w, https:\/\/centros.uepb.edu.br\/ccbsa\/files\/2019\/11\/IMG_4255-683x1024.jpg 683w, https:\/\/centros.uepb.edu.br\/ccbsa\/files\/2019\/11\/IMG_4255-370x555.jpg 370w\" sizes=\"auto, (max-width: 840px) 100vw, 840px\" \/><\/a>\n\t\t\t<\/dt><\/dl><dl class='gallery-item'>\n\t\t\t<dt class='gallery-icon landscape'>\n\t\t\t\t<a href='https:\/\/centros.uepb.edu.br\/ccbsa\/files\/2019\/11\/IMG_4262.jpg'><img loading=\"lazy\" decoding=\"async\" width=\"840\" height=\"560\" src=\"https:\/\/centros.uepb.edu.br\/ccbsa\/files\/2019\/11\/IMG_4262.jpg\" class=\"attachment-full size-full\" alt=\"\" srcset=\"https:\/\/centros.uepb.edu.br\/ccbsa\/files\/2019\/11\/IMG_4262.jpg 840w, https:\/\/centros.uepb.edu.br\/ccbsa\/files\/2019\/11\/IMG_4262-300x200.jpg 300w, https:\/\/centros.uepb.edu.br\/ccbsa\/files\/2019\/11\/IMG_4262-768x512.jpg 768w, https:\/\/centros.uepb.edu.br\/ccbsa\/files\/2019\/11\/IMG_4262-370x247.jpg 370w\" sizes=\"auto, (max-width: 840px) 100vw, 840px\" \/><\/a>\n\t\t\t<\/dt><\/dl><dl class='gallery-item'>\n\t\t\t<dt class='gallery-icon landscape'>\n\t\t\t\t<a href='https:\/\/centros.uepb.edu.br\/ccbsa\/files\/2019\/11\/IMG_4273.jpg'><img loading=\"lazy\" decoding=\"async\" width=\"840\" height=\"553\" src=\"https:\/\/centros.uepb.edu.br\/ccbsa\/files\/2019\/11\/IMG_4273.jpg\" class=\"attachment-full size-full\" alt=\"\" srcset=\"https:\/\/centros.uepb.edu.br\/ccbsa\/files\/2019\/11\/IMG_4273.jpg 840w, https:\/\/centros.uepb.edu.br\/ccbsa\/files\/2019\/11\/IMG_4273-300x198.jpg 300w, https:\/\/centros.uepb.edu.br\/ccbsa\/files\/2019\/11\/IMG_4273-768x506.jpg 768w, https:\/\/centros.uepb.edu.br\/ccbsa\/files\/2019\/11\/IMG_4273-370x244.jpg 370w\" sizes=\"auto, (max-width: 840px) 100vw, 840px\" \/><\/a>\n\t\t\t<\/dt><\/dl><br style=\"clear: both\" \/><dl class='gallery-item'>\n\t\t\t<dt class='gallery-icon landscape'>\n\t\t\t\t<a href='https:\/\/centros.uepb.edu.br\/ccbsa\/files\/2019\/11\/IMG_4308.jpg'><img loading=\"lazy\" decoding=\"async\" width=\"840\" height=\"454\" src=\"https:\/\/centros.uepb.edu.br\/ccbsa\/files\/2019\/11\/IMG_4308.jpg\" class=\"attachment-full size-full\" alt=\"\" srcset=\"https:\/\/centros.uepb.edu.br\/ccbsa\/files\/2019\/11\/IMG_4308.jpg 840w, https:\/\/centros.uepb.edu.br\/ccbsa\/files\/2019\/11\/IMG_4308-300x162.jpg 300w, https:\/\/centros.uepb.edu.br\/ccbsa\/files\/2019\/11\/IMG_4308-768x415.jpg 768w, https:\/\/centros.uepb.edu.br\/ccbsa\/files\/2019\/11\/IMG_4308-370x200.jpg 370w\" sizes=\"auto, (max-width: 840px) 100vw, 840px\" \/><\/a>\n\t\t\t<\/dt><\/dl><dl class='gallery-item'>\n\t\t\t<dt class='gallery-icon landscape'>\n\t\t\t\t<a href='https:\/\/centros.uepb.edu.br\/ccbsa\/files\/2019\/11\/IMG_4325.jpg'><img loading=\"lazy\" decoding=\"async\" width=\"840\" height=\"541\" src=\"https:\/\/centros.uepb.edu.br\/ccbsa\/files\/2019\/11\/IMG_4325.jpg\" class=\"attachment-full size-full\" alt=\"\" srcset=\"https:\/\/centros.uepb.edu.br\/ccbsa\/files\/2019\/11\/IMG_4325.jpg 840w, https:\/\/centros.uepb.edu.br\/ccbsa\/files\/2019\/11\/IMG_4325-300x193.jpg 300w, https:\/\/centros.uepb.edu.br\/ccbsa\/files\/2019\/11\/IMG_4325-768x495.jpg 768w, https:\/\/centros.uepb.edu.br\/ccbsa\/files\/2019\/11\/IMG_4325-370x238.jpg 370w\" sizes=\"auto, (max-width: 840px) 100vw, 840px\" \/><\/a>\n\t\t\t<\/dt><\/dl>\n\t\t\t<br style='clear: both' \/>\n\t\t<\/div>\n\n<p>A rela\u00e7\u00e3o entre a gastronomia e a cultura de um povo, intermediada pelos cadernos de receita enquanto objetos potenciais de informa\u00e7\u00e3o, \u00e9 uma das discuss\u00f5es suscitadas na 4\u00aa edi\u00e7\u00e3o da Jornada Arquiv\u00edstica e seus Acervos Raros (JACRO), realizada nesta ter\u00e7a-feira (12) no C\u00e2mpus V da Universidade Estadual da Para\u00edba (UEPB) com o tema &#8220;Mem\u00f3ria gastron\u00f4mica na perspectiva da identidade cultural&#8221;. O evento \u00e9 organizado pelas turmas do 5\u00ba e 7\u00ba per\u00edodos diurnos e 5\u00ba per\u00edodo noturno do curso de Arquivologia, sob a coordena\u00e7\u00e3o da professora Manuela Maia. A abertura do evento contou a apresenta\u00e7\u00e3o cultural do m\u00fasico Beto Tavares.<\/p>\n<p>A primeira mesa de discuss\u00e3o do evento realizada na manh\u00e3 desta ter\u00e7a (12) contou com a participa\u00e7\u00e3o da professora da UFPB e p\u00f3s doutora em Ci\u00eancia da Informa\u00e7\u00e3o, Nayana Mariano e do gastr\u00f4nomo e mestrando em Ci\u00eancia da Informa\u00e7\u00e3o, Alexandre Daher Sales. A mesa foi mediada pela professora Manuela Maia.<\/p>\n<p>Na oportunidade, a professora Nayana que \u00e9 historiadora, trouxe um resgate hist\u00f3rico do que significa a mem\u00f3ria e seus desdobramentos socioculturais. Na sequ\u00eancia o pesquisador Alexandre Sales, apresentou o resultado de sua pesquisa intitulada \u201cDi\u00e1rios culin\u00e1rios: rastros da recorda\u00e7\u00e3o alimentar\u201d, no qual busca compreender os cadernos de culin\u00e1ria enquanto espa\u00e7os de mem\u00f3ria.<\/p>\n<p>\u00c0 noite o evento conta com a mesa com a participa\u00e7\u00e3o do mestre em Ci\u00eancia da Informa\u00e7\u00e3o e gastr\u00f4nomo pela UFPB, Tadeu Valente e da professora do Programa de P\u00f3s-gradua\u00e7\u00e3o em Ci\u00eancia da Informa\u00e7\u00e3o da UFPB e l\u00edder do Grupo de Estudos e Pesquisa em Cultura, Informa\u00e7\u00e3o, Mem\u00f3ria e Patrim\u00f4nio (GECIMP), Bernardina Juvenal Freire. A mesa conta com a media\u00e7\u00e3o da professora Jacqueline Echeverr\u00eda Barrancos.<\/p>\n<p><em><strong>Texto e fotos:<\/strong> Juliana Marques<\/em><\/p>\n","protected":false},"excerpt":{"rendered":"<p>A rela\u00e7\u00e3o entre a gastronomia e a cultura de um povo, intermediada pelos cadernos de receita enquanto objetos potenciais de informa\u00e7\u00e3o, \u00e9 uma das discuss\u00f5es suscitadas na 4\u00aa edi\u00e7\u00e3o da Jornada Arquiv\u00edstica e seus Acervos Raros (JACRO), realizada nesta ter\u00e7a-feira (12) no C\u00e2mpus V da Universidade Estadual da Para\u00edba (UEPB) com o tema &#8220;Mem\u00f3ria gastron\u00f4mica <a class=\"leiamais\" href=\"https:\/\/centros.uepb.edu.br\/ccbsa\/4a-edicao-da-jornada-arquivistica-e-seus-acervos-raros-e-realizada-no-campus-v-com-discussao-sobre-memoria-gastronomica\/\">Leia Mais&#8230;<\/a><\/p>\n","protected":false},"author":8,"featured_media":6524,"comment_status":"closed","ping_status":"closed","sticky":false,"template":"","format":"standard","meta":{"footnotes":""},"categories":[3,11],"tags":[],"class_list":["post-6513","post","type-post","status-publish","format-standard","has-post-thumbnail","hentry","category-noticias","category-noticias-destaque-img"],"jetpack_featured_media_url":"https:\/\/centros.uepb.edu.br\/ccbsa\/files\/2019\/11\/IMG_4308.jpg","_links":{"self":[{"href":"https:\/\/centros.uepb.edu.br\/ccbsa\/wp-json\/wp\/v2\/posts\/6513","targetHints":{"allow":["GET"]}}],"collection":[{"href":"https:\/\/centros.uepb.edu.br\/ccbsa\/wp-json\/wp\/v2\/posts"}],"about":[{"href":"https:\/\/centros.uepb.edu.br\/ccbsa\/wp-json\/wp\/v2\/types\/post"}],"author":[{"embeddable":true,"href":"https:\/\/centros.uepb.edu.br\/ccbsa\/wp-json\/wp\/v2\/users\/8"}],"replies":[{"embeddable":true,"href":"https:\/\/centros.uepb.edu.br\/ccbsa\/wp-json\/wp\/v2\/comments?post=6513"}],"version-history":[{"count":0,"href":"https:\/\/centros.uepb.edu.br\/ccbsa\/wp-json\/wp\/v2\/posts\/6513\/revisions"}],"wp:featuredmedia":[{"embeddable":true,"href":"https:\/\/centros.uepb.edu.br\/ccbsa\/wp-json\/wp\/v2\/media\/6524"}],"wp:attachment":[{"href":"https:\/\/centros.uepb.edu.br\/ccbsa\/wp-json\/wp\/v2\/media?parent=6513"}],"wp:term":[{"taxonomy":"category","embeddable":true,"href":"https:\/\/centros.uepb.edu.br\/ccbsa\/wp-json\/wp\/v2\/categories?post=6513"},{"taxonomy":"post_tag","embeddable":true,"href":"https:\/\/centros.uepb.edu.br\/ccbsa\/wp-json\/wp\/v2\/tags?post=6513"}],"curies":[{"name":"wp","href":"https:\/\/api.w.org\/{rel}","templated":true}]}}