{"id":6482,"date":"2019-10-29T16:04:20","date_gmt":"2019-10-29T16:04:20","guid":{"rendered":"https:\/\/centros.uepb.edu.br\/ccbsa\/?p=6482"},"modified":"2019-11-04T13:03:15","modified_gmt":"2019-11-04T13:03:15","slug":"6482-2","status":"publish","type":"post","link":"https:\/\/centros.uepb.edu.br\/ccbsa\/6482-2\/","title":{"rendered":"Dia do arquivista \u00e9 comemorado pela coordena\u00e7\u00e3o do curso de Arquivologia com uma s\u00e9rie de atividades"},"content":{"rendered":"\n\t\t<style type=\"text\/css\">\n\t\t\t#gallery-1 {\n\t\t\t\tmargin: auto;\n\t\t\t}\n\t\t\t#gallery-1 .gallery-item {\n\t\t\t\tfloat: left;\n\t\t\t\tmargin-top: 10px;\n\t\t\t\ttext-align: center;\n\t\t\t\twidth: 33%;\n\t\t\t}\n\t\t\t#gallery-1 img {\n\t\t\t\tborder: 2px solid #cfcfcf;\n\t\t\t}\n\t\t\t#gallery-1 .gallery-caption {\n\t\t\t\tmargin-left: 0;\n\t\t\t}\n\t\t\t\/* see gallery_shortcode() in wp-includes\/media.php *\/\n\t\t<\/style>\n\t\t<div id='gallery-1' class='gallery galleryid-6482 gallery-columns-3 gallery-size-full'><dl class='gallery-item'>\n\t\t\t<dt class='gallery-icon landscape'>\n\t\t\t\t<a href='https:\/\/centros.uepb.edu.br\/ccbsa\/files\/2019\/10\/Arquivista-1.jpg'><img loading=\"lazy\" decoding=\"async\" width=\"840\" height=\"445\" src=\"https:\/\/centros.uepb.edu.br\/ccbsa\/files\/2019\/10\/Arquivista-1.jpg\" class=\"attachment-full size-full\" alt=\"\" srcset=\"https:\/\/centros.uepb.edu.br\/ccbsa\/files\/2019\/10\/Arquivista-1.jpg 840w, https:\/\/centros.uepb.edu.br\/ccbsa\/files\/2019\/10\/Arquivista-1-300x159.jpg 300w, https:\/\/centros.uepb.edu.br\/ccbsa\/files\/2019\/10\/Arquivista-1-768x407.jpg 768w, https:\/\/centros.uepb.edu.br\/ccbsa\/files\/2019\/10\/Arquivista-1-370x196.jpg 370w\" sizes=\"auto, (max-width: 840px) 100vw, 840px\" \/><\/a>\n\t\t\t<\/dt><\/dl><dl class='gallery-item'>\n\t\t\t<dt class='gallery-icon landscape'>\n\t\t\t\t<a href='https:\/\/centros.uepb.edu.br\/ccbsa\/files\/2019\/10\/Arquivista-2.jpg'><img loading=\"lazy\" decoding=\"async\" width=\"840\" height=\"445\" src=\"https:\/\/centros.uepb.edu.br\/ccbsa\/files\/2019\/10\/Arquivista-2.jpg\" class=\"attachment-full size-full\" alt=\"\" srcset=\"https:\/\/centros.uepb.edu.br\/ccbsa\/files\/2019\/10\/Arquivista-2.jpg 840w, https:\/\/centros.uepb.edu.br\/ccbsa\/files\/2019\/10\/Arquivista-2-300x159.jpg 300w, https:\/\/centros.uepb.edu.br\/ccbsa\/files\/2019\/10\/Arquivista-2-768x407.jpg 768w, https:\/\/centros.uepb.edu.br\/ccbsa\/files\/2019\/10\/Arquivista-2-370x196.jpg 370w\" sizes=\"auto, (max-width: 840px) 100vw, 840px\" \/><\/a>\n\t\t\t<\/dt><\/dl><dl class='gallery-item'>\n\t\t\t<dt class='gallery-icon landscape'>\n\t\t\t\t<a href='https:\/\/centros.uepb.edu.br\/ccbsa\/files\/2019\/10\/Arquivista-3.jpg'><img loading=\"lazy\" decoding=\"async\" width=\"840\" height=\"445\" src=\"https:\/\/centros.uepb.edu.br\/ccbsa\/files\/2019\/10\/Arquivista-3.jpg\" class=\"attachment-full size-full\" alt=\"\" srcset=\"https:\/\/centros.uepb.edu.br\/ccbsa\/files\/2019\/10\/Arquivista-3.jpg 840w, https:\/\/centros.uepb.edu.br\/ccbsa\/files\/2019\/10\/Arquivista-3-300x159.jpg 300w, https:\/\/centros.uepb.edu.br\/ccbsa\/files\/2019\/10\/Arquivista-3-768x407.jpg 768w, https:\/\/centros.uepb.edu.br\/ccbsa\/files\/2019\/10\/Arquivista-3-370x196.jpg 370w\" sizes=\"auto, (max-width: 840px) 100vw, 840px\" \/><\/a>\n\t\t\t<\/dt><\/dl><br style=\"clear: both\" \/><dl class='gallery-item'>\n\t\t\t<dt class='gallery-icon landscape'>\n\t\t\t\t<a href='https:\/\/centros.uepb.edu.br\/ccbsa\/files\/2019\/10\/Arquivista-4.jpg'><img loading=\"lazy\" decoding=\"async\" width=\"840\" height=\"445\" src=\"https:\/\/centros.uepb.edu.br\/ccbsa\/files\/2019\/10\/Arquivista-4.jpg\" class=\"attachment-full size-full\" alt=\"\" srcset=\"https:\/\/centros.uepb.edu.br\/ccbsa\/files\/2019\/10\/Arquivista-4.jpg 840w, https:\/\/centros.uepb.edu.br\/ccbsa\/files\/2019\/10\/Arquivista-4-300x159.jpg 300w, https:\/\/centros.uepb.edu.br\/ccbsa\/files\/2019\/10\/Arquivista-4-768x407.jpg 768w, https:\/\/centros.uepb.edu.br\/ccbsa\/files\/2019\/10\/Arquivista-4-370x196.jpg 370w\" sizes=\"auto, (max-width: 840px) 100vw, 840px\" \/><\/a>\n\t\t\t<\/dt><\/dl>\n\t\t\t<br style='clear: both' \/>\n\t\t<\/div>\n\n<p>Como parte da programa\u00e7\u00e3o do Dia do Arquivista, celebrado no \u00faltimo dia 20 de outubro, o Centro de Ci\u00eancias Biol\u00f3gicas e Sociais Aplicadas (CCBSA) da Universidade Estadual da Para\u00edba (UEPB), localizado no C\u00e2mpus V, em Jo\u00e3o Pessoa, est\u00e1 realizando uma s\u00e9rie de atividades voltadas para a forma\u00e7\u00e3o em Arquivologia.<\/p>\n<p>O evento, promovido por meio da Coordena\u00e7\u00e3o do Curso de Arquivologia, foi aberta na \u00faltima ter\u00e7a-feira (22), com a palestra \u201cO Arquivista e as tecnologias da Informa\u00e7\u00e3o\u201d, ministrada pela arquivista Rita de C\u00e1ssia Esteves e pelo professor Danilo de Sousa Ferreira. A atividade, realizada no Audit\u00f3rio do C\u00e2mpus V, reuniu estudantes e professores do Curso de Arquivologia.<\/p>\n<p>A programa\u00e7\u00e3o seguiu na quarta-feira (23) no Laborat\u00f3rio de Conserva\u00e7\u00e3o, Restaura\u00e7\u00e3o e Encaderna\u00e7\u00e3o do CCBSA, com o workshop \u201cNo\u00e7\u00f5es de preserva\u00e7\u00e3o de acervos em papel\u201d, ministrado pelas professoras Maria Meriane Vieira Rocha e Rosilene Agapito da Silva. O evento ser\u00e1 encerrado no pr\u00f3ximo dia 1\u00ba de novembro, com uma visita t\u00e9cnica dos estudantes e professores do curso ao Arquipo P\u00fablico Estadual Jord\u00e3o Emerenciano, em Pernambuco, e \u00e0 Funda\u00e7\u00e3o Joaquim Nabuco. Na Funda\u00e7\u00e3o, eles conhecer\u00e3o a parte de conserva\u00e7\u00e3o de acervos, digitaliza\u00e7\u00e3o e documentos digitais.<\/p>\n<p>Os professores Sanderson Lopes Dorneles e Eliete Correia dos Santos, organizadores das atividades, destacaram a boa participa\u00e7\u00e3o dos estudantes no evento. Sanderson refor\u00e7ou que a programa\u00e7\u00e3o visa mostrar a import\u00e2ncia do Arquivista tanto no fazer de preserva\u00e7\u00e3o e conserva\u00e7\u00e3o de documentos em papel, como o emprego das tecnologias de informa\u00e7\u00f5es para o tratamento de documentos digitais, o que mostra a preocupa\u00e7\u00e3o do curso em acompanhar as transforma\u00e7\u00f5es dos suportes da informa\u00e7\u00e3o.<\/p>\n<p><em><strong>Texto:<\/strong>\u00a0Severino Lopes<br \/>\n<strong>Fotos:<\/strong>\u00a0Divulga\u00e7\u00e3o<\/em><\/p>\n","protected":false},"excerpt":{"rendered":"<p>Como parte da programa\u00e7\u00e3o do Dia do Arquivista, celebrado no \u00faltimo dia 20 de outubro, o Centro de Ci\u00eancias Biol\u00f3gicas e Sociais Aplicadas (CCBSA) da Universidade Estadual da Para\u00edba (UEPB), localizado no C\u00e2mpus V, em Jo\u00e3o Pessoa, est\u00e1 realizando uma s\u00e9rie de atividades voltadas para a forma\u00e7\u00e3o em Arquivologia. O evento, promovido por meio da <a class=\"leiamais\" href=\"https:\/\/centros.uepb.edu.br\/ccbsa\/6482-2\/\">Leia Mais&#8230;<\/a><\/p>\n","protected":false},"author":8,"featured_media":6487,"comment_status":"closed","ping_status":"closed","sticky":false,"template":"","format":"standard","meta":{"footnotes":""},"categories":[3,11],"tags":[],"class_list":["post-6482","post","type-post","status-publish","format-standard","has-post-thumbnail","hentry","category-noticias","category-noticias-destaque-img"],"jetpack_featured_media_url":"https:\/\/centros.uepb.edu.br\/ccbsa\/files\/2019\/10\/Arquivista-2-1.jpg","_links":{"self":[{"href":"https:\/\/centros.uepb.edu.br\/ccbsa\/wp-json\/wp\/v2\/posts\/6482","targetHints":{"allow":["GET"]}}],"collection":[{"href":"https:\/\/centros.uepb.edu.br\/ccbsa\/wp-json\/wp\/v2\/posts"}],"about":[{"href":"https:\/\/centros.uepb.edu.br\/ccbsa\/wp-json\/wp\/v2\/types\/post"}],"author":[{"embeddable":true,"href":"https:\/\/centros.uepb.edu.br\/ccbsa\/wp-json\/wp\/v2\/users\/8"}],"replies":[{"embeddable":true,"href":"https:\/\/centros.uepb.edu.br\/ccbsa\/wp-json\/wp\/v2\/comments?post=6482"}],"version-history":[{"count":0,"href":"https:\/\/centros.uepb.edu.br\/ccbsa\/wp-json\/wp\/v2\/posts\/6482\/revisions"}],"wp:featuredmedia":[{"embeddable":true,"href":"https:\/\/centros.uepb.edu.br\/ccbsa\/wp-json\/wp\/v2\/media\/6487"}],"wp:attachment":[{"href":"https:\/\/centros.uepb.edu.br\/ccbsa\/wp-json\/wp\/v2\/media?parent=6482"}],"wp:term":[{"taxonomy":"category","embeddable":true,"href":"https:\/\/centros.uepb.edu.br\/ccbsa\/wp-json\/wp\/v2\/categories?post=6482"},{"taxonomy":"post_tag","embeddable":true,"href":"https:\/\/centros.uepb.edu.br\/ccbsa\/wp-json\/wp\/v2\/tags?post=6482"}],"curies":[{"name":"wp","href":"https:\/\/api.w.org\/{rel}","templated":true}]}}