{"id":6453,"date":"2019-10-11T16:22:33","date_gmt":"2019-10-11T16:22:33","guid":{"rendered":"https:\/\/centros.uepb.edu.br\/ccbsa\/?p=6453"},"modified":"2019-10-11T16:22:33","modified_gmt":"2019-10-11T16:22:33","slug":"projeto-sesa-participa-de-eventos-de-arquivologia-em-todo-o-pais-e-deve-celebrar-parcerias-e-convenios-com-outras-universidades","status":"publish","type":"post","link":"https:\/\/centros.uepb.edu.br\/ccbsa\/projeto-sesa-participa-de-eventos-de-arquivologia-em-todo-o-pais-e-deve-celebrar-parcerias-e-convenios-com-outras-universidades\/","title":{"rendered":"Projeto SESA participa de eventos de Arquivologia em todo o pa\u00eds e deve celebrar parcerias e conv\u00eanios com outras universidades"},"content":{"rendered":"\n\t\t<style type=\"text\/css\">\n\t\t\t#gallery-1 {\n\t\t\t\tmargin: auto;\n\t\t\t}\n\t\t\t#gallery-1 .gallery-item {\n\t\t\t\tfloat: left;\n\t\t\t\tmargin-top: 10px;\n\t\t\t\ttext-align: center;\n\t\t\t\twidth: 33%;\n\t\t\t}\n\t\t\t#gallery-1 img {\n\t\t\t\tborder: 2px solid #cfcfcf;\n\t\t\t}\n\t\t\t#gallery-1 .gallery-caption {\n\t\t\t\tmargin-left: 0;\n\t\t\t}\n\t\t\t\/* see gallery_shortcode() in wp-includes\/media.php *\/\n\t\t<\/style>\n\t\t<div id='gallery-1' class='gallery galleryid-6453 gallery-columns-3 gallery-size-full'><dl class='gallery-item'>\n\t\t\t<dt class='gallery-icon landscape'>\n\t\t\t\t<a href='https:\/\/centros.uepb.edu.br\/ccbsa\/files\/2019\/10\/70761409_1448804028592271_7863383501708460032_n.jpg'><img loading=\"lazy\" decoding=\"async\" width=\"960\" height=\"640\" src=\"https:\/\/centros.uepb.edu.br\/ccbsa\/files\/2019\/10\/70761409_1448804028592271_7863383501708460032_n.jpg\" class=\"attachment-full size-full\" alt=\"\" srcset=\"https:\/\/centros.uepb.edu.br\/ccbsa\/files\/2019\/10\/70761409_1448804028592271_7863383501708460032_n.jpg 960w, https:\/\/centros.uepb.edu.br\/ccbsa\/files\/2019\/10\/70761409_1448804028592271_7863383501708460032_n-300x200.jpg 300w, https:\/\/centros.uepb.edu.br\/ccbsa\/files\/2019\/10\/70761409_1448804028592271_7863383501708460032_n-768x512.jpg 768w, https:\/\/centros.uepb.edu.br\/ccbsa\/files\/2019\/10\/70761409_1448804028592271_7863383501708460032_n-370x247.jpg 370w, https:\/\/centros.uepb.edu.br\/ccbsa\/files\/2019\/10\/70761409_1448804028592271_7863383501708460032_n-840x560.jpg 840w\" sizes=\"auto, (max-width: 960px) 100vw, 960px\" \/><\/a>\n\t\t\t<\/dt><\/dl><dl class='gallery-item'>\n\t\t\t<dt class='gallery-icon landscape'>\n\t\t\t\t<a href='https:\/\/centros.uepb.edu.br\/ccbsa\/files\/2019\/10\/71168946_1448125011993506_5460019162640285696_o-1.jpg'><img loading=\"lazy\" decoding=\"async\" width=\"1152\" height=\"864\" src=\"https:\/\/centros.uepb.edu.br\/ccbsa\/files\/2019\/10\/71168946_1448125011993506_5460019162640285696_o-1.jpg\" class=\"attachment-full size-full\" alt=\"\" srcset=\"https:\/\/centros.uepb.edu.br\/ccbsa\/files\/2019\/10\/71168946_1448125011993506_5460019162640285696_o-1.jpg 1152w, https:\/\/centros.uepb.edu.br\/ccbsa\/files\/2019\/10\/71168946_1448125011993506_5460019162640285696_o-1-300x225.jpg 300w, https:\/\/centros.uepb.edu.br\/ccbsa\/files\/2019\/10\/71168946_1448125011993506_5460019162640285696_o-1-768x576.jpg 768w, https:\/\/centros.uepb.edu.br\/ccbsa\/files\/2019\/10\/71168946_1448125011993506_5460019162640285696_o-1-1024x768.jpg 1024w, https:\/\/centros.uepb.edu.br\/ccbsa\/files\/2019\/10\/71168946_1448125011993506_5460019162640285696_o-1-370x278.jpg 370w, https:\/\/centros.uepb.edu.br\/ccbsa\/files\/2019\/10\/71168946_1448125011993506_5460019162640285696_o-1-840x630.jpg 840w\" sizes=\"auto, (max-width: 1152px) 100vw, 1152px\" \/><\/a>\n\t\t\t<\/dt><\/dl><dl class='gallery-item'>\n\t\t\t<dt class='gallery-icon landscape'>\n\t\t\t\t<a href='https:\/\/centros.uepb.edu.br\/ccbsa\/files\/2019\/10\/69631792_1433174560155218_16150966818570240_n.jpg'><img loading=\"lazy\" decoding=\"async\" width=\"960\" height=\"541\" src=\"https:\/\/centros.uepb.edu.br\/ccbsa\/files\/2019\/10\/69631792_1433174560155218_16150966818570240_n.jpg\" class=\"attachment-full size-full\" alt=\"\" srcset=\"https:\/\/centros.uepb.edu.br\/ccbsa\/files\/2019\/10\/69631792_1433174560155218_16150966818570240_n.jpg 960w, https:\/\/centros.uepb.edu.br\/ccbsa\/files\/2019\/10\/69631792_1433174560155218_16150966818570240_n-300x169.jpg 300w, https:\/\/centros.uepb.edu.br\/ccbsa\/files\/2019\/10\/69631792_1433174560155218_16150966818570240_n-768x433.jpg 768w, https:\/\/centros.uepb.edu.br\/ccbsa\/files\/2019\/10\/69631792_1433174560155218_16150966818570240_n-370x209.jpg 370w, https:\/\/centros.uepb.edu.br\/ccbsa\/files\/2019\/10\/69631792_1433174560155218_16150966818570240_n-840x473.jpg 840w\" sizes=\"auto, (max-width: 960px) 100vw, 960px\" \/><\/a>\n\t\t\t<\/dt><\/dl><br style=\"clear: both\" \/><dl class='gallery-item'>\n\t\t\t<dt class='gallery-icon landscape'>\n\t\t\t\t<a href='https:\/\/centros.uepb.edu.br\/ccbsa\/files\/2019\/10\/70379812_1448803675258973_6611587726779088896_n-1.jpg'><img loading=\"lazy\" decoding=\"async\" width=\"960\" height=\"640\" src=\"https:\/\/centros.uepb.edu.br\/ccbsa\/files\/2019\/10\/70379812_1448803675258973_6611587726779088896_n-1.jpg\" class=\"attachment-full size-full\" alt=\"\" srcset=\"https:\/\/centros.uepb.edu.br\/ccbsa\/files\/2019\/10\/70379812_1448803675258973_6611587726779088896_n-1.jpg 960w, https:\/\/centros.uepb.edu.br\/ccbsa\/files\/2019\/10\/70379812_1448803675258973_6611587726779088896_n-1-300x200.jpg 300w, https:\/\/centros.uepb.edu.br\/ccbsa\/files\/2019\/10\/70379812_1448803675258973_6611587726779088896_n-1-768x512.jpg 768w, https:\/\/centros.uepb.edu.br\/ccbsa\/files\/2019\/10\/70379812_1448803675258973_6611587726779088896_n-1-370x247.jpg 370w, https:\/\/centros.uepb.edu.br\/ccbsa\/files\/2019\/10\/70379812_1448803675258973_6611587726779088896_n-1-840x560.jpg 840w\" sizes=\"auto, (max-width: 960px) 100vw, 960px\" \/><\/a>\n\t\t\t<\/dt><\/dl><dl class='gallery-item'>\n\t\t\t<dt class='gallery-icon landscape'>\n\t\t\t\t<a href='https:\/\/centros.uepb.edu.br\/ccbsa\/files\/2019\/10\/71077667_1448803671925640_437676529174970368_n.jpg'><img loading=\"lazy\" decoding=\"async\" width=\"960\" height=\"640\" src=\"https:\/\/centros.uepb.edu.br\/ccbsa\/files\/2019\/10\/71077667_1448803671925640_437676529174970368_n.jpg\" class=\"attachment-full size-full\" alt=\"\" srcset=\"https:\/\/centros.uepb.edu.br\/ccbsa\/files\/2019\/10\/71077667_1448803671925640_437676529174970368_n.jpg 960w, https:\/\/centros.uepb.edu.br\/ccbsa\/files\/2019\/10\/71077667_1448803671925640_437676529174970368_n-300x200.jpg 300w, https:\/\/centros.uepb.edu.br\/ccbsa\/files\/2019\/10\/71077667_1448803671925640_437676529174970368_n-768x512.jpg 768w, https:\/\/centros.uepb.edu.br\/ccbsa\/files\/2019\/10\/71077667_1448803671925640_437676529174970368_n-370x247.jpg 370w, https:\/\/centros.uepb.edu.br\/ccbsa\/files\/2019\/10\/71077667_1448803671925640_437676529174970368_n-840x560.jpg 840w\" sizes=\"auto, (max-width: 960px) 100vw, 960px\" \/><\/a>\n\t\t\t<\/dt><\/dl><dl class='gallery-item'>\n\t\t\t<dt class='gallery-icon landscape'>\n\t\t\t\t<a href='https:\/\/centros.uepb.edu.br\/ccbsa\/files\/2019\/10\/70449717_1431021660370508_3335916208498147328_n-1.jpg'><img loading=\"lazy\" decoding=\"async\" width=\"960\" height=\"541\" src=\"https:\/\/centros.uepb.edu.br\/ccbsa\/files\/2019\/10\/70449717_1431021660370508_3335916208498147328_n-1.jpg\" class=\"attachment-full size-full\" alt=\"\" srcset=\"https:\/\/centros.uepb.edu.br\/ccbsa\/files\/2019\/10\/70449717_1431021660370508_3335916208498147328_n-1.jpg 960w, https:\/\/centros.uepb.edu.br\/ccbsa\/files\/2019\/10\/70449717_1431021660370508_3335916208498147328_n-1-300x169.jpg 300w, https:\/\/centros.uepb.edu.br\/ccbsa\/files\/2019\/10\/70449717_1431021660370508_3335916208498147328_n-1-768x433.jpg 768w, https:\/\/centros.uepb.edu.br\/ccbsa\/files\/2019\/10\/70449717_1431021660370508_3335916208498147328_n-1-370x209.jpg 370w, https:\/\/centros.uepb.edu.br\/ccbsa\/files\/2019\/10\/70449717_1431021660370508_3335916208498147328_n-1-840x473.jpg 840w\" sizes=\"auto, (max-width: 960px) 100vw, 960px\" \/><\/a>\n\t\t\t<\/dt><\/dl><br style=\"clear: both\" \/><dl class='gallery-item'>\n\t\t\t<dt class='gallery-icon landscape'>\n\t\t\t\t<a href='https:\/\/centros.uepb.edu.br\/ccbsa\/files\/2019\/10\/69543116_1433172576822083_9215804411853406208_n.jpg'><img loading=\"lazy\" decoding=\"async\" width=\"960\" height=\"720\" src=\"https:\/\/centros.uepb.edu.br\/ccbsa\/files\/2019\/10\/69543116_1433172576822083_9215804411853406208_n.jpg\" class=\"attachment-full size-full\" alt=\"\" srcset=\"https:\/\/centros.uepb.edu.br\/ccbsa\/files\/2019\/10\/69543116_1433172576822083_9215804411853406208_n.jpg 960w, https:\/\/centros.uepb.edu.br\/ccbsa\/files\/2019\/10\/69543116_1433172576822083_9215804411853406208_n-300x225.jpg 300w, https:\/\/centros.uepb.edu.br\/ccbsa\/files\/2019\/10\/69543116_1433172576822083_9215804411853406208_n-768x576.jpg 768w, https:\/\/centros.uepb.edu.br\/ccbsa\/files\/2019\/10\/69543116_1433172576822083_9215804411853406208_n-370x278.jpg 370w, https:\/\/centros.uepb.edu.br\/ccbsa\/files\/2019\/10\/69543116_1433172576822083_9215804411853406208_n-840x630.jpg 840w\" sizes=\"auto, (max-width: 960px) 100vw, 960px\" \/><\/a>\n\t\t\t<\/dt><\/dl>\n\t\t\t<br style='clear: both' \/>\n\t\t<\/div>\n\n<p>O curso de Arquivologia da Universidade Estadual da Para\u00edba (UEPB), atrav\u00e9s do projeto do Semin\u00e1rio Internacional de Saberes Arquiv\u00edsticos (SESA), esteve representado, pela professora Eliete Correia dos Santos, na Reuni\u00e3o Brasileira de Ensino e Pesquisa em Arquivologia (Reparq), realizada de 4 a 6 de setembro, no Par\u00e1; numa palestra e Workshop na Universidade Federal do Estado do Rio de Janeiro (UNIRIO), nos dias 25 e 27 de setembro; e numa palestra na Universidade Federal Fluminense e visita t\u00e9cnica no Arquivo Nacional, no dia 26 de setembro. Al\u00e9m de apresentar as experi\u00eancias desenvolvidas no Projeto SESA e no curso de Arquivologia, a docente discutiu alguns ajustes para que sejam firmados novos conv\u00eanios e parcerias com outras institui\u00e7\u00f5es.<\/p>\n<p>Na Reparq a docente participou da mesa \u201cAs perspectivas docentes no ensino em gradua\u00e7\u00e3o e p\u00f3s gradua\u00e7\u00e3o em Arquivologia na era digital\u201d, que tamb\u00e9m contou com a participa\u00e7\u00e3o dos professores Mariana Lousada e Daniel Flores. \u201cPara se pensar no ensino na era digital, parece-nos pertinente entender que a transposi\u00e7\u00e3o did\u00e1tica \u00e9 socialmente constru\u00edda, desde os sistemas de ensino \u00e0 pr\u00e1tica efetiva das a\u00e7\u00f5es do professor. Neste sentido, o curr\u00edculo formal, objetivo e programas, conte\u00fado real, conte\u00fado de ensino, aprendizagens efetivas e duradouras dos alunos, s\u00e3o elementos a serem considerados\u201d, destacou a professora Eliete.<\/p>\n<p>De acordo com a coordenadora do curso de Arquivologia da Unirio, professora Priscila Gomes, a apresenta\u00e7\u00e3o da professora Eliete possibilitou v\u00e1rias reflex\u00f5es sobre os saberes e fazeres docentes, que perpassam a quest\u00e3o curricular e did\u00e1tica, deixando, consequentemente, marcas no que voc\u00ea chamou de constru\u00e7\u00e3o identit\u00e1ria do educando. A professora da UFPB, Meriane Vieira, corroborou com esse pensamento ao afirmar que \u201ca apresenta\u00e7\u00e3o da professora Eliete motivou os docentes que participavam do evento a continuar pensando no ensino que se quer no contexto da Arquivologia Brasileira\u201d.<\/p>\n<p>No dia 25 de setembro, a docente da UEPB ministrou, em parceria com a professora do curso de Biblioteconomia da Universidade Federal do Estado do Rio de Janeiro, Dayanne da Silva Prud\u00eancio, o semin\u00e1rio \u201cRefletindo sobre os est\u00e1gios na forma\u00e7\u00e3o dos arquivistas\u201d. Na ocasi\u00e3o, foi discutida a import\u00e2ncia do est\u00e1gio na forma\u00e7\u00e3o do arquivista, a rela\u00e7\u00e3o entre o mercado de trabalho e o ambiente acad\u00eamico, a vis\u00e3o do mundo corporativo e constru\u00e7\u00e3o da carreira, entre outras quest\u00f5es.<\/p>\n<p>No dia 26 de setembro a professora Eliete Correia dos Santos foi a ministrante da palestra \u201cA\u00e7\u00f5es educativo culturais nos arquivos\u201d, na UFF. E no dia 27 de setembro a docente ministrou o workshop \u201cG\u00eaneros discursivos na esfera acad\u00eamica\u201d.<\/p>\n<p>De acordo com a professora Eliete, ap\u00f3s a participa\u00e7\u00e3o nesses eventos e contato com pesquisadores de todo o pa\u00eds, a perspectiva \u00e9 que, em breve, sejam assinados novos conv\u00eanios que foram discutidos e devem ser implementados.<\/p>\n<p><strong>Sobre o SESA<\/strong><\/p>\n<p>Realizado anualmente desde 2007, na Para\u00edba, Brasil, o SESA surgiu no \u00e2mbito do curso de Arquivologia com uma abrang\u00eancia regional tendo como pressupostos a literacia informacional e o \u201cletramento\u201d dos discentes do curso de Arquivologia da UEPB. Inicialmente o projeto contava apenas com a colabora\u00e7\u00e3o cient\u00edfica de diversas universidades brasileiras, como a Universidade Estadual de Londrina, a Universidade Estadual Paulista, a Universidade de Bras\u00edlia e a Universidade Federal da Bahia. A partir de 2012, transformou-se num projeto internacional, de natureza luso-brasileira, passando a incluir como parceiras a Universidade de Coimbra (UC), a Universidade do Porto (UP), a Universidade de Aveiro (UA) e o Instituto Polit\u00e9cnico do Porto (IPP).<\/p>\n<p>Desde o lan\u00e7amento do primeiro volume da cole\u00e7\u00e3o \u201cArquivologia\u201d, no ano 2013 (1\u00ba trimestre, no Brasil, e em 31 de outubro, em Portugal, no \u00e2mbito de um Workshop de Arquiv\u00edstica que teve lugar no Arquivo da Universidade de Coimbra) a Universidade de Coimbra passou a integrar a comiss\u00e3o cient\u00edfica e o corpo editorial da colet\u00e2nea de textos publicada pelo projeto, constitu\u00edda por dois volumes, um que contempla os trabalhos de alunos e outro o dos membros da comiss\u00e3o cient\u00edfica.<\/p>\n<p>A partir de 2014, o projeto ganhou contornos multidisciplinares, atuando como um elemento importante para a pesquisa e o ensino em Arquivologia e Ci\u00eancia da Informa\u00e7\u00e3o. Ao longo das oito edi\u00e7\u00f5es realizadas e em coopera\u00e7\u00e3o acad\u00eamica com institui\u00e7\u00f5es portuguesas e brasileiras o projeto SESA conduziu \u00e0 realiza\u00e7\u00e3o de diversas confer\u00eancias, palestras, minicursos e oficinas, as quais tiveram um impacto direto para os docentes e discentes do curso de Arquivologia da UEPB.<\/p>\n<p>Durante a 8\u00aa edi\u00e7\u00e3o do SESA realizado no Campus I da UFPB, em Jo\u00e3o Pessoa, PB, entre os dias 14 a 18 de agosto de 2017, o SESA ganhou uma particular express\u00e3o, passando a ser desenvolvido conjuntamente por duas universidades da \u00fanica cidade do Brasil em que s\u00e3o oferecidos dois cursos de Arquivologia em institui\u00e7\u00f5es p\u00fablicas, e uma dimens\u00e3o internacional, come\u00e7ando a contar com a representa\u00e7\u00e3o de especialistas de todas as universidades portuguesas parceiras. No final do evento, e no \u00e2mbito das comemora\u00e7\u00f5es dos \u201c10 anos do SESA\u201d, foi atribu\u00eddo pela primeira vez o \u201cPr\u00eamio Jos\u00e9 Maria Jardim\u201d criado com o objetivo de incentivar as produ\u00e7\u00f5es cient\u00edficas de alunos e professores e contribuir de forma significativa para a \u00e1rea de Comunica\u00e7\u00e3o e Informa\u00e7\u00e3o. Foi igualmente anunciado que este evento cient\u00edfico passaria a ter lugar a cada dois anos em Universidades Luso-Brasileiras, ficando decidido que a 9\u00aa edi\u00e7\u00e3o do SESA seria em Coimbra, em 2019, e a 10\u00aa edi\u00e7\u00e3o em 2021, na Universidade Porto, em parceria com o Instituto Polit\u00e9cnico do Porto.<\/p>\n<p>Desde 2014 o SESA vem sendo submetido a v\u00e1rios editais de pesquisa e extens\u00e3o a fim de conseguir recursos para a sua realiza\u00e7\u00e3o e bolsas para os alunos da UEPB. Atualmente, ele est\u00e1 cadastrado PROEXT-MEC-2015, proposta aprovada com recurso, e teve subprojetos contemplados no PROBEX e um no PROAPEX (sem recurso). O SESA tamb\u00e9m foi contemplado recentemente no edital da FAPESQ-PB 2018\/2020 com o projeto \u201cCoopera\u00e7\u00e3o acad\u00eamica, tecnologia e inova\u00e7\u00e3o cient\u00edfica: as rela\u00e7\u00f5es internacionais do Projeto SESA\u201d. Al\u00e9m disso, para a realiza\u00e7\u00e3o dos eventos as institui\u00e7\u00f5es realizadoras de cada edi\u00e7\u00e3o contam com patrocinadores que apoiam financeiramente a log\u00edstica e execu\u00e7\u00e3o de cada atividade. No caso da 9\u00aa edi\u00e7\u00e3o do SESA a empresa Keep Solutions, que atua com Gest\u00e3o e Preserva\u00e7\u00e3o da Informa\u00e7\u00e3o, foi a patrocinadora.<\/p>\n<p>A coordenadora geral do projeto, professora Eliete Correia dos Santos tamb\u00e9m desenvolveu pesquisa com bolsa da CAPES no doutorado-sandu\u00edche e atualmente, bolsa de p\u00f3s-doutorado em Educa\u00e7\u00e3o Contempor\u00e2nea UFPE\/CAPES\/PNPD, com o estudo: \u201cNas fronteiras do ensino de g\u00eaneros acad\u00eamicos: a forma\u00e7\u00e3o de pesquisadores em ci\u00eancias humanas\u201d.<\/p>\n<p>A 10\u00aa edi\u00e7\u00e3o do SESA ocorrer\u00e1 em Porto, Portugal, em 2021, e em 2023 o evento ser\u00e1 sediado em Luanda, na Angola.<\/p>\n<p><em><strong>Texto:<\/strong> Juliana Marques<\/em><br \/>\n<em><strong>Fotos:<\/strong> Acervo pessoal da professora Eliete Santos<\/em><\/p>\n","protected":false},"excerpt":{"rendered":"<p>O curso de Arquivologia da Universidade Estadual da Para\u00edba (UEPB), atrav\u00e9s do projeto do Semin\u00e1rio Internacional de Saberes Arquiv\u00edsticos (SESA), esteve representado, pela professora Eliete Correia dos Santos, na Reuni\u00e3o Brasileira de Ensino e Pesquisa em Arquivologia (Reparq), realizada de 4 a 6 de setembro, no Par\u00e1; numa palestra e Workshop na Universidade Federal do <a class=\"leiamais\" href=\"https:\/\/centros.uepb.edu.br\/ccbsa\/projeto-sesa-participa-de-eventos-de-arquivologia-em-todo-o-pais-e-deve-celebrar-parcerias-e-convenios-com-outras-universidades\/\">Leia Mais&#8230;<\/a><\/p>\n","protected":false},"author":8,"featured_media":6462,"comment_status":"closed","ping_status":"closed","sticky":false,"template":"","format":"standard","meta":{"footnotes":""},"categories":[3,11],"tags":[],"class_list":["post-6453","post","type-post","status-publish","format-standard","has-post-thumbnail","hentry","category-noticias","category-noticias-destaque-img"],"jetpack_featured_media_url":"https:\/\/centros.uepb.edu.br\/ccbsa\/files\/2019\/10\/71077667_1448803671925640_437676529174970368_n-1.jpg","_links":{"self":[{"href":"https:\/\/centros.uepb.edu.br\/ccbsa\/wp-json\/wp\/v2\/posts\/6453","targetHints":{"allow":["GET"]}}],"collection":[{"href":"https:\/\/centros.uepb.edu.br\/ccbsa\/wp-json\/wp\/v2\/posts"}],"about":[{"href":"https:\/\/centros.uepb.edu.br\/ccbsa\/wp-json\/wp\/v2\/types\/post"}],"author":[{"embeddable":true,"href":"https:\/\/centros.uepb.edu.br\/ccbsa\/wp-json\/wp\/v2\/users\/8"}],"replies":[{"embeddable":true,"href":"https:\/\/centros.uepb.edu.br\/ccbsa\/wp-json\/wp\/v2\/comments?post=6453"}],"version-history":[{"count":0,"href":"https:\/\/centros.uepb.edu.br\/ccbsa\/wp-json\/wp\/v2\/posts\/6453\/revisions"}],"wp:featuredmedia":[{"embeddable":true,"href":"https:\/\/centros.uepb.edu.br\/ccbsa\/wp-json\/wp\/v2\/media\/6462"}],"wp:attachment":[{"href":"https:\/\/centros.uepb.edu.br\/ccbsa\/wp-json\/wp\/v2\/media?parent=6453"}],"wp:term":[{"taxonomy":"category","embeddable":true,"href":"https:\/\/centros.uepb.edu.br\/ccbsa\/wp-json\/wp\/v2\/categories?post=6453"},{"taxonomy":"post_tag","embeddable":true,"href":"https:\/\/centros.uepb.edu.br\/ccbsa\/wp-json\/wp\/v2\/tags?post=6453"}],"curies":[{"name":"wp","href":"https:\/\/api.w.org\/{rel}","templated":true}]}}