{"id":640,"date":"2013-08-08T14:12:02","date_gmt":"2013-08-08T14:12:02","guid":{"rendered":"\/ccbsa\/?p=640"},"modified":"2013-08-09T14:14:41","modified_gmt":"2013-08-09T14:14:41","slug":"640","status":"publish","type":"post","link":"https:\/\/centros.uepb.edu.br\/ccbsa\/640\/","title":{"rendered":""},"content":{"rendered":"<p><strong><em><a href=\"http:\/\/centros.ascom.uepb.edu.br\/ccbsa\/files\/2013\/08\/DIA-DO-ESTUDANTE11.jpg\"><img loading=\"lazy\" decoding=\"async\" class=\"alignleft size-thumbnail wp-image-646 img-responsive\" alt=\"DIA DO ESTUDANTE1\" src=\"http:\/\/centros.ascom.uepb.edu.br\/ccbsa\/files\/2013\/08\/DIA-DO-ESTUDANTE11-150x150.jpg\" width=\"150\" height=\"150\" \/><\/a>Querido Estudante do Campus V da UEPB,<\/em><\/strong><\/p>\n<p><em>Essa semana temos muito a comemorar, 11 de agosto \u00e9 o seu dia! <\/em><\/p>\n<p><em>Renovamos nessa data a esperan\u00e7a de continuarmos contribuindo com a transforma\u00e7\u00e3o social que pode ser gerada atrav\u00e9s do conhecimento. Voc\u00ea \u00e9 a raz\u00e3o de nossa exist\u00eancia! Somos honrados por termos sido a Institui\u00e7\u00e3o escolhida para conduzi-lo a degraus mais altos visando o seu crescimento pessoal e profissional. Nosso trabalho, objetiva retribuir diariamente a confian\u00e7a depositada em nossa Institui\u00e7\u00e3o! Esperamos ajud\u00e1-lo na sua caminhada de forma\u00e7\u00e3o cidad\u00e3 e vocacional. <\/em><\/p>\n<p><strong><em>Parab\u00e9ns e sucesso!<\/em><\/strong><\/p>\n<p><strong><em>S\u00e3o os votos de seus professores e Dire\u00e7\u00e3o de Centro<\/em><\/strong><\/p>\n","protected":false},"excerpt":{"rendered":"<p>Querido Estudante do Campus V da UEPB, Essa semana temos muito a comemorar, 11 de agosto \u00e9 o seu dia! Renovamos nessa data a esperan\u00e7a de continuarmos contribuindo com a transforma\u00e7\u00e3o social que pode ser gerada atrav\u00e9s do conhecimento. Voc\u00ea \u00e9 a raz\u00e3o de nossa exist\u00eancia! Somos honrados por termos sido a Institui\u00e7\u00e3o escolhida para <a class=\"leiamais\" href=\"https:\/\/centros.uepb.edu.br\/ccbsa\/640\/\">Leia Mais&#8230;<\/a><\/p>\n","protected":false},"author":8,"featured_media":646,"comment_status":"open","ping_status":"open","sticky":false,"template":"","format":"standard","meta":{"footnotes":""},"categories":[6],"tags":[],"class_list":["post-640","post","type-post","status-publish","format-standard","has-post-thumbnail","hentry","category-slide"],"jetpack_featured_media_url":"https:\/\/centros.uepb.edu.br\/ccbsa\/files\/2013\/08\/DIA-DO-ESTUDANTE11.jpg","_links":{"self":[{"href":"https:\/\/centros.uepb.edu.br\/ccbsa\/wp-json\/wp\/v2\/posts\/640","targetHints":{"allow":["GET"]}}],"collection":[{"href":"https:\/\/centros.uepb.edu.br\/ccbsa\/wp-json\/wp\/v2\/posts"}],"about":[{"href":"https:\/\/centros.uepb.edu.br\/ccbsa\/wp-json\/wp\/v2\/types\/post"}],"author":[{"embeddable":true,"href":"https:\/\/centros.uepb.edu.br\/ccbsa\/wp-json\/wp\/v2\/users\/8"}],"replies":[{"embeddable":true,"href":"https:\/\/centros.uepb.edu.br\/ccbsa\/wp-json\/wp\/v2\/comments?post=640"}],"version-history":[{"count":0,"href":"https:\/\/centros.uepb.edu.br\/ccbsa\/wp-json\/wp\/v2\/posts\/640\/revisions"}],"wp:featuredmedia":[{"embeddable":true,"href":"https:\/\/centros.uepb.edu.br\/ccbsa\/wp-json\/wp\/v2\/media\/646"}],"wp:attachment":[{"href":"https:\/\/centros.uepb.edu.br\/ccbsa\/wp-json\/wp\/v2\/media?parent=640"}],"wp:term":[{"taxonomy":"category","embeddable":true,"href":"https:\/\/centros.uepb.edu.br\/ccbsa\/wp-json\/wp\/v2\/categories?post=640"},{"taxonomy":"post_tag","embeddable":true,"href":"https:\/\/centros.uepb.edu.br\/ccbsa\/wp-json\/wp\/v2\/tags?post=640"}],"curies":[{"name":"wp","href":"https:\/\/api.w.org\/{rel}","templated":true}]}}