{"id":6337,"date":"2019-08-23T13:48:19","date_gmt":"2019-08-23T13:48:19","guid":{"rendered":"https:\/\/centros.uepb.edu.br\/ccbsa\/?p=6337"},"modified":"2019-08-23T15:55:23","modified_gmt":"2019-08-23T15:55:23","slug":"6337-2","status":"publish","type":"post","link":"https:\/\/centros.uepb.edu.br\/ccbsa\/6337-2\/","title":{"rendered":"Semin\u00e1rio sobre gest\u00e3o e preserva\u00e7\u00e3o de documentos discute organiza\u00e7\u00e3o de arquivos universit\u00e1rios"},"content":{"rendered":"\n\t\t<style type=\"text\/css\">\n\t\t\t#gallery-1 {\n\t\t\t\tmargin: auto;\n\t\t\t}\n\t\t\t#gallery-1 .gallery-item {\n\t\t\t\tfloat: left;\n\t\t\t\tmargin-top: 10px;\n\t\t\t\ttext-align: center;\n\t\t\t\twidth: 33%;\n\t\t\t}\n\t\t\t#gallery-1 img {\n\t\t\t\tborder: 2px solid #cfcfcf;\n\t\t\t}\n\t\t\t#gallery-1 .gallery-caption {\n\t\t\t\tmargin-left: 0;\n\t\t\t}\n\t\t\t\/* see gallery_shortcode() in wp-includes\/media.php *\/\n\t\t<\/style>\n\t\t<div id='gallery-1' class='gallery galleryid-6337 gallery-columns-3 gallery-size-full'><dl class='gallery-item'>\n\t\t\t<dt class='gallery-icon landscape'>\n\t\t\t\t<a href='https:\/\/centros.uepb.edu.br\/ccbsa\/files\/2019\/08\/Semin\u00e1rio-de-Gest\u00e3o-de-Arquivos-1.jpg'><img loading=\"lazy\" decoding=\"async\" width=\"840\" height=\"454\" src=\"https:\/\/centros.uepb.edu.br\/ccbsa\/files\/2019\/08\/Semin\u00e1rio-de-Gest\u00e3o-de-Arquivos-1.jpg\" class=\"attachment-full size-full\" alt=\"\" srcset=\"https:\/\/centros.uepb.edu.br\/ccbsa\/files\/2019\/08\/Semin\u00e1rio-de-Gest\u00e3o-de-Arquivos-1.jpg 840w, https:\/\/centros.uepb.edu.br\/ccbsa\/files\/2019\/08\/Semin\u00e1rio-de-Gest\u00e3o-de-Arquivos-1-300x162.jpg 300w, https:\/\/centros.uepb.edu.br\/ccbsa\/files\/2019\/08\/Semin\u00e1rio-de-Gest\u00e3o-de-Arquivos-1-768x415.jpg 768w, https:\/\/centros.uepb.edu.br\/ccbsa\/files\/2019\/08\/Semin\u00e1rio-de-Gest\u00e3o-de-Arquivos-1-370x200.jpg 370w\" sizes=\"auto, (max-width: 840px) 100vw, 840px\" \/><\/a>\n\t\t\t<\/dt><\/dl><dl class='gallery-item'>\n\t\t\t<dt class='gallery-icon landscape'>\n\t\t\t\t<a href='https:\/\/centros.uepb.edu.br\/ccbsa\/files\/2019\/08\/Semin\u00e1rio-de-Gest\u00e3o-de-Arquivos-2.jpg'><img loading=\"lazy\" decoding=\"async\" width=\"840\" height=\"454\" src=\"https:\/\/centros.uepb.edu.br\/ccbsa\/files\/2019\/08\/Semin\u00e1rio-de-Gest\u00e3o-de-Arquivos-2.jpg\" class=\"attachment-full size-full\" alt=\"\" srcset=\"https:\/\/centros.uepb.edu.br\/ccbsa\/files\/2019\/08\/Semin\u00e1rio-de-Gest\u00e3o-de-Arquivos-2.jpg 840w, https:\/\/centros.uepb.edu.br\/ccbsa\/files\/2019\/08\/Semin\u00e1rio-de-Gest\u00e3o-de-Arquivos-2-300x162.jpg 300w, https:\/\/centros.uepb.edu.br\/ccbsa\/files\/2019\/08\/Semin\u00e1rio-de-Gest\u00e3o-de-Arquivos-2-768x415.jpg 768w, https:\/\/centros.uepb.edu.br\/ccbsa\/files\/2019\/08\/Semin\u00e1rio-de-Gest\u00e3o-de-Arquivos-2-370x200.jpg 370w\" sizes=\"auto, (max-width: 840px) 100vw, 840px\" \/><\/a>\n\t\t\t<\/dt><\/dl><dl class='gallery-item'>\n\t\t\t<dt class='gallery-icon landscape'>\n\t\t\t\t<a href='https:\/\/centros.uepb.edu.br\/ccbsa\/files\/2019\/08\/Semin\u00e1rio-de-Gest\u00e3o-de-Arquivos-4.jpg'><img loading=\"lazy\" decoding=\"async\" width=\"840\" height=\"454\" src=\"https:\/\/centros.uepb.edu.br\/ccbsa\/files\/2019\/08\/Semin\u00e1rio-de-Gest\u00e3o-de-Arquivos-4.jpg\" class=\"attachment-full size-full\" alt=\"\" srcset=\"https:\/\/centros.uepb.edu.br\/ccbsa\/files\/2019\/08\/Semin\u00e1rio-de-Gest\u00e3o-de-Arquivos-4.jpg 840w, https:\/\/centros.uepb.edu.br\/ccbsa\/files\/2019\/08\/Semin\u00e1rio-de-Gest\u00e3o-de-Arquivos-4-300x162.jpg 300w, https:\/\/centros.uepb.edu.br\/ccbsa\/files\/2019\/08\/Semin\u00e1rio-de-Gest\u00e3o-de-Arquivos-4-768x415.jpg 768w, https:\/\/centros.uepb.edu.br\/ccbsa\/files\/2019\/08\/Semin\u00e1rio-de-Gest\u00e3o-de-Arquivos-4-370x200.jpg 370w\" sizes=\"auto, (max-width: 840px) 100vw, 840px\" \/><\/a>\n\t\t\t<\/dt><\/dl><br style=\"clear: both\" \/><dl class='gallery-item'>\n\t\t\t<dt class='gallery-icon landscape'>\n\t\t\t\t<a href='https:\/\/centros.uepb.edu.br\/ccbsa\/files\/2019\/08\/Semin\u00e1rio-de-Gest\u00e3o-de-Arquivos-5.jpg'><img loading=\"lazy\" decoding=\"async\" width=\"840\" height=\"454\" src=\"https:\/\/centros.uepb.edu.br\/ccbsa\/files\/2019\/08\/Semin\u00e1rio-de-Gest\u00e3o-de-Arquivos-5.jpg\" class=\"attachment-full size-full\" alt=\"\" srcset=\"https:\/\/centros.uepb.edu.br\/ccbsa\/files\/2019\/08\/Semin\u00e1rio-de-Gest\u00e3o-de-Arquivos-5.jpg 840w, https:\/\/centros.uepb.edu.br\/ccbsa\/files\/2019\/08\/Semin\u00e1rio-de-Gest\u00e3o-de-Arquivos-5-300x162.jpg 300w, https:\/\/centros.uepb.edu.br\/ccbsa\/files\/2019\/08\/Semin\u00e1rio-de-Gest\u00e3o-de-Arquivos-5-768x415.jpg 768w, https:\/\/centros.uepb.edu.br\/ccbsa\/files\/2019\/08\/Semin\u00e1rio-de-Gest\u00e3o-de-Arquivos-5-370x200.jpg 370w\" sizes=\"auto, (max-width: 840px) 100vw, 840px\" \/><\/a>\n\t\t\t<\/dt><\/dl><dl class='gallery-item'>\n\t\t\t<dt class='gallery-icon landscape'>\n\t\t\t\t<a href='https:\/\/centros.uepb.edu.br\/ccbsa\/files\/2019\/08\/Semin\u00e1rio-de-Gest\u00e3o-de-Arquivos-6.jpg'><img loading=\"lazy\" decoding=\"async\" width=\"840\" height=\"454\" src=\"https:\/\/centros.uepb.edu.br\/ccbsa\/files\/2019\/08\/Semin\u00e1rio-de-Gest\u00e3o-de-Arquivos-6.jpg\" class=\"attachment-full size-full\" alt=\"\" srcset=\"https:\/\/centros.uepb.edu.br\/ccbsa\/files\/2019\/08\/Semin\u00e1rio-de-Gest\u00e3o-de-Arquivos-6.jpg 840w, https:\/\/centros.uepb.edu.br\/ccbsa\/files\/2019\/08\/Semin\u00e1rio-de-Gest\u00e3o-de-Arquivos-6-300x162.jpg 300w, https:\/\/centros.uepb.edu.br\/ccbsa\/files\/2019\/08\/Semin\u00e1rio-de-Gest\u00e3o-de-Arquivos-6-768x415.jpg 768w, https:\/\/centros.uepb.edu.br\/ccbsa\/files\/2019\/08\/Semin\u00e1rio-de-Gest\u00e3o-de-Arquivos-6-370x200.jpg 370w\" sizes=\"auto, (max-width: 840px) 100vw, 840px\" \/><\/a>\n\t\t\t<\/dt><\/dl><dl class='gallery-item'>\n\t\t\t<dt class='gallery-icon landscape'>\n\t\t\t\t<a href='https:\/\/centros.uepb.edu.br\/ccbsa\/files\/2019\/08\/Semin\u00e1rio-de-Gest\u00e3o-de-Arquivos-8.jpg'><img loading=\"lazy\" decoding=\"async\" width=\"840\" height=\"454\" src=\"https:\/\/centros.uepb.edu.br\/ccbsa\/files\/2019\/08\/Semin\u00e1rio-de-Gest\u00e3o-de-Arquivos-8.jpg\" class=\"attachment-full size-full\" alt=\"\" srcset=\"https:\/\/centros.uepb.edu.br\/ccbsa\/files\/2019\/08\/Semin\u00e1rio-de-Gest\u00e3o-de-Arquivos-8.jpg 840w, https:\/\/centros.uepb.edu.br\/ccbsa\/files\/2019\/08\/Semin\u00e1rio-de-Gest\u00e3o-de-Arquivos-8-300x162.jpg 300w, https:\/\/centros.uepb.edu.br\/ccbsa\/files\/2019\/08\/Semin\u00e1rio-de-Gest\u00e3o-de-Arquivos-8-768x415.jpg 768w, https:\/\/centros.uepb.edu.br\/ccbsa\/files\/2019\/08\/Semin\u00e1rio-de-Gest\u00e3o-de-Arquivos-8-370x200.jpg 370w\" sizes=\"auto, (max-width: 840px) 100vw, 840px\" \/><\/a>\n\t\t\t<\/dt><\/dl><br style=\"clear: both\" \/><dl class='gallery-item'>\n\t\t\t<dt class='gallery-icon landscape'>\n\t\t\t\t<a href='https:\/\/centros.uepb.edu.br\/ccbsa\/files\/2019\/08\/Semin\u00e1rio-de-Gest\u00e3o-de-Arquivos-9.jpg'><img loading=\"lazy\" decoding=\"async\" width=\"840\" height=\"454\" src=\"https:\/\/centros.uepb.edu.br\/ccbsa\/files\/2019\/08\/Semin\u00e1rio-de-Gest\u00e3o-de-Arquivos-9.jpg\" class=\"attachment-full size-full\" alt=\"\" srcset=\"https:\/\/centros.uepb.edu.br\/ccbsa\/files\/2019\/08\/Semin\u00e1rio-de-Gest\u00e3o-de-Arquivos-9.jpg 840w, https:\/\/centros.uepb.edu.br\/ccbsa\/files\/2019\/08\/Semin\u00e1rio-de-Gest\u00e3o-de-Arquivos-9-300x162.jpg 300w, https:\/\/centros.uepb.edu.br\/ccbsa\/files\/2019\/08\/Semin\u00e1rio-de-Gest\u00e3o-de-Arquivos-9-768x415.jpg 768w, https:\/\/centros.uepb.edu.br\/ccbsa\/files\/2019\/08\/Semin\u00e1rio-de-Gest\u00e3o-de-Arquivos-9-370x200.jpg 370w\" sizes=\"auto, (max-width: 840px) 100vw, 840px\" \/><\/a>\n\t\t\t<\/dt><\/dl>\n\t\t\t<br style='clear: both' \/>\n\t\t<\/div>\n\n<p>A utiliza\u00e7\u00e3o, manuseio e principalmente a guarda de documentos p\u00fablicos s\u00e3o algumas das preocupa\u00e7\u00f5es com a correta gest\u00e3o dos documentos arquiv\u00edsticos, sejam aqueles que possuem informa\u00e7\u00f5es que refletem as atividades das organiza\u00e7\u00f5es p\u00fablicas, servindo como prova, ou aqueles utilizados para a tomada de decis\u00f5es das institui\u00e7\u00f5es p\u00fablicas. E quest\u00f5es relacionada \u00e0 Arquivologia est\u00e3o sendo debatidas na Universidade Estadual da Para\u00edba (UEPB), com a abertura da 1\u00ba Semin\u00e1rio de Arquivos Universit\u00e1rios da UEPB, ocorrida na manh\u00e3 desta quinta-feira (22), no Audit\u00f3rio da Biblioteca Central, no C\u00e2mpus de Bodocong\u00f3, em Campina Grande.<\/p>\n<p>O evento, promovido pela Reitoria da Universidade Estadual, em parceria com o Curso de Arquivologia e os arquivistas da Institui\u00e7\u00e3o, tem como tema central \u201cGest\u00e3o e preserva\u00e7\u00e3o de documentos f\u00edsicos e digitais\u201d. A atividade deu in\u00edcio a debates sobre quest\u00f5es importantes acerca da gest\u00e3o integrada de documentos, principalmente no que diz respeito \u00e0 organiza\u00e7\u00e3o de arquivos universit\u00e1rios. A mesa redonda de abertura abordou \u201cArquivos universit\u00e1rios: desafios e perspectivas\u201d e contou com a participa\u00e7\u00e3o da coordenadora do Arquivo Central da Universidade Federal da Para\u00edba (UEPB), Juliane Teixeira, e do arquivista do Instituto Federal da Para\u00edba (UFPB), S\u00e2nderson Lopes Dorneles. A media\u00e7\u00e3o foi feita pela diretora do Centro de Ci\u00eancias Biol\u00f3gicas e Sociais Aplicadas (CBSA), professora Jacqueline Barrancos.<\/p>\n<p>De acordo com Juliane Teixeira, entre as fun\u00e7\u00f5es b\u00e1sicas da Universidade, que est\u00e1 envolvida nos processos de ensino, pesquisa e extens\u00e3o, tamb\u00e9m est\u00e1 a proposta de administra\u00e7\u00e3o e estrutura da preserva\u00e7\u00e3o da mem\u00f3ria e o valor estrat\u00e9gico que os documentos administrativos possuem. Ela ainda explicou o motivo de manter os documentos organizados e acess\u00edveis para que a guarda de documentos fa\u00e7a parte de um cuidado necess\u00e1rio das organiza\u00e7\u00f5es p\u00fablicas. \u201cA Universidade Estadual da Para\u00edba tem um entorno, tem uma comunidade que recebe influ\u00eancia da exist\u00eancia da Institui\u00e7\u00e3o. Essa Universidade tem um valor imensur\u00e1vel e voc\u00eas s\u00e3o respons\u00e1veis pelo que acontece nessa estrutura\u201d, explicou a arquivista.<\/p>\n<p>Durante sua explana\u00e7\u00e3o, Juliane tamb\u00e9m abordou quest\u00f5es relacionadas aos desafios e perspectivas da Arquivologia. Segundo ela, esses dois aspectos est\u00e3o muito pr\u00f3ximos, o que evidencia a necessidade de uma gest\u00e3o integrada dos documentos nas institui\u00e7\u00f5es p\u00fablicas. \u201cN\u00f3s enfrentamos alguns desafios, que se configuram com a nossa perspectiva de trabalho, que \u00e9: organizar o passivo documental de d\u00e9cadas, trabalhar com documentos digitais e n\u00e3o-digitais, organizar os documentos que os \u00f3rg\u00e3os de controle precisam ter acesso, ter uma proposta de seguran\u00e7a da informa\u00e7\u00e3o para os documentos n\u00e3o-digitais, entre outros. Quando elencamos essas quest\u00f5es, voltamos nossa aten\u00e7\u00e3o \u00e0 gest\u00e3o integrada e cont\u00ednua que os documentos precisar estar inseridos\u201d, acrescentou.<\/p>\n<p>Tamb\u00e9m integrante da mesa, o arquivista S\u00e2nderson Lopes Dorneles, al\u00e9m de apresentar a estrutura do Arquivo do IFPB \u2013 C\u00e2mpus de Jo\u00e3o Pessoa, tamb\u00e9m apresentou quest\u00f5es importantes para o debate sobre a responsabilidade da organiza\u00e7\u00e3o dos setores de arquivo das institui\u00e7\u00f5es p\u00fablicas. Segundo ele, essa quest\u00e3o n\u00e3o recai somente aos profissionais da Arquivologia, mas sim sobre todos os servidores do setor p\u00fablico que lidam diariamente com diversas situa\u00e7\u00f5es que confirmam a pr\u00e1tica da gest\u00e3o p\u00fablica de documentos.<\/p>\n<p>\u201c\u00c9 responsabilidade de todo servidor p\u00fablico a organiza\u00e7\u00e3o do Arquivo. Devemos pensar o Arquivo como gest\u00e3o e n\u00e3o somente como trabalho. Uma das maneiras que podemos avan\u00e7ar nessa quest\u00e3o \u00e9, por exemplo, a cria\u00e7\u00e3o de uma comiss\u00e3o e avalia\u00e7\u00e3o de documentos de Arquivos, que pode ser composta por profissionais de v\u00e1rias \u00e1reas que lidar\u00e3o com esse tipo de gest\u00e3o\u201d, disse S\u00e2nderson.<\/p>\n<p><strong>Amplia\u00e7\u00e3o da transpar\u00eancia e acesso \u00e0 informa\u00e7\u00e3o<\/strong><\/p>\n<p>A import\u00e2ncia da gest\u00e3o integrada de documentos n\u00e3o se resume apenas \u00e0 esfera organizacional das institui\u00e7\u00f5es p\u00fablicas. Outros aspectos importantes est\u00e3o ligados \u00e0 proposta, como os servi\u00e7os de transpar\u00eancia e acesso \u00e0 informa\u00e7\u00e3o. Essas diretrizes foram apontadas pela professora Jacqueline Barrancos, diretora do C\u00e2mpus V, como fatores que trar\u00e3o grandes contribui\u00e7\u00f5es a partir deste semin\u00e1rio. Segundo ela, o exerc\u00edcio da documenta\u00e7\u00e3o na UEPB s\u00f3 tem a ganhar com essas discuss\u00f5es.<\/p>\n<p>\u201cAqui abordaremos quest\u00f5es importantes para quem trabalha com Arquivo, como, por exemplo, a transpar\u00eancia e o acesso \u00e0 informa\u00e7\u00e3o, que s\u00e3o instrumentos importantes dentro dessa perspectiva. Tamb\u00e9m \u00e9 nosso objetivo melhorar nossa organiza\u00e7\u00e3o documental, modernizar nosso Arquivo, saber melhor selecionar, classificar e principalmente trabalhar com os arquivos digitais. Essa transi\u00e7\u00e3o para a digitaliza\u00e7\u00e3o requer, al\u00e9m de investimentos, propiciar um servi\u00e7o de qualidade para a popula\u00e7\u00e3o\u201d, disse Jacqueline.<\/p>\n<figure class=\"wp-block-image\"><img decoding=\"async\" class=\"wp-image-50695 img-responsive jetpack-lazy-image jetpack-lazy-image--handled img-responsive\" src=\"https:\/\/i0.wp.com\/www.uepb.edu.br\/wp-content\/uploads\/2019\/08\/Semin%C3%A1rio-de-Gest%C3%A3o-de-Arquivos-7.jpg\" alt=\"\" data-attachment-id=\"50695\" data-permalink=\"http:\/\/www.uepb.edu.br\/seminario-de-gestao-de-arquivos-7\/\" data-orig-file=\"https:\/\/i0.wp.com\/www.uepb.edu.br\/wp-content\/uploads\/2019\/08\/Semin\u00e1rio-de-Gest\u00e3o-de-Arquivos-7.jpg?fit=840%2C454\" data-orig-size=\"840,454\" data-comments-opened=\"1\" data-image-meta=\"{&quot;aperture&quot;:&quot;5&quot;,&quot;credit&quot;:&quot;&quot;,&quot;camera&quot;:&quot;NIKON D90&quot;,&quot;caption&quot;:&quot;&quot;,&quot;created_timestamp&quot;:&quot;1566383156&quot;,&quot;copyright&quot;:&quot;&quot;,&quot;focal_length&quot;:&quot;52&quot;,&quot;iso&quot;:&quot;400&quot;,&quot;shutter_speed&quot;:&quot;0.0166666666667&quot;,&quot;title&quot;:&quot;&quot;,&quot;orientation&quot;:&quot;1&quot;}\" data-image-title=\"Semin\u00e1rio de Gest\u00e3o de Arquivos (7)\" data-image-description=\"\" data-medium-file=\"https:\/\/i0.wp.com\/www.uepb.edu.br\/wp-content\/uploads\/2019\/08\/Semin\u00e1rio-de-Gest\u00e3o-de-Arquivos-7.jpg?fit=300%2C162\" data-large-file=\"https:\/\/i0.wp.com\/www.uepb.edu.br\/wp-content\/uploads\/2019\/08\/Semin\u00e1rio-de-Gest\u00e3o-de-Arquivos-7.jpg?fit=840%2C454\" data-recalc-dims=\"1\" data-lazy-loaded=\"1\" \/><\/figure>\n<p>O reitor da UEPB, professor Rangel Junior, parabenizou a todos pela organiza\u00e7\u00e3o e realiza\u00e7\u00e3o do evento e refor\u00e7ou a necessidade de ter a organiza\u00e7\u00e3o documental da Institui\u00e7\u00e3o sendo privilegiada em um momento de debate e crescimento profissional de todos os participantes. \u201cTemos muita coisa guardada hoje porque pessoas h\u00e1 50, 60 anos tiveram a no\u00e7\u00e3o do que era preciso ser preservado e termos um sentido para a hist\u00f3ria, para a mem\u00f3ria. \u00c9 muito triste ver uma sociedade querendo construir o moderno, destruindo o passado. Esse semin\u00e1rio \u00e9 important\u00edssimo. Considero muito importante estarmos reunidos para uma oportunidade de troca de conhecimentos, principalmente para aprendermos com quem sabe mais sobre o assunto\u201d, disse o reitor.<\/p>\n<p>Tamb\u00e9m participaram da abertura do \u201c1\u00ba Semin\u00e1rio de Arquivos Universit\u00e1rios da UEPB: Gest\u00e3o e preserva\u00e7\u00e3o de documentos f\u00edsicos e digitais\u201d a professora Esmeralda Porf\u00edrio de Sales, coordenadora do evento; a pr\u00f3-reitora de Gest\u00e3o de Pessoas, professora C\u00e9lia Regina Diniz; e o coordenador do Curso de Arquivologia da UEPB, professor Henrique Elias Cabral. \u00c0 tarde as atividades seguem com uma mesa redonda com o tema \u201cPlano de classifica\u00e7\u00e3o e tabela de temporalidade aspectos pr\u00e1ticos nas institui\u00e7\u00f5es universit\u00e1rias\u201d.<\/p>\n<p>Nesta sexta-feira (23), as atividades s\u00e3o as seguintes: das 9h \u00e0s 12h acontece a mesa redonda \u201cGest\u00e3o e preserva\u00e7\u00e3o de documentos arquiv\u00edsticos digitais\u201d e, das 14h \u00e0s 16h, ser\u00e1 realizada outra mesa de debate com o tema \u201cEstrutura\u00e7\u00e3o de um arquivo e de um sistema de arquivos para a UEPB\u201d. Todas as discuss\u00f5es acontecem no Audit\u00f3rio da Biblioteca Central, no C\u00e2mpus de Bodocong\u00f3.<\/p>\n<p><em><strong>Texto e fotos:<\/strong> Givaldo Cavalcanti<\/em><\/p>\n","protected":false},"excerpt":{"rendered":"<p>A utiliza\u00e7\u00e3o, manuseio e principalmente a guarda de documentos p\u00fablicos s\u00e3o algumas das preocupa\u00e7\u00f5es com a correta gest\u00e3o dos documentos arquiv\u00edsticos, sejam aqueles que possuem informa\u00e7\u00f5es que refletem as atividades das organiza\u00e7\u00f5es p\u00fablicas, servindo como prova, ou aqueles utilizados para a tomada de decis\u00f5es das institui\u00e7\u00f5es p\u00fablicas. E quest\u00f5es relacionada \u00e0 Arquivologia est\u00e3o sendo debatidas <a class=\"leiamais\" href=\"https:\/\/centros.uepb.edu.br\/ccbsa\/6337-2\/\">Leia Mais&#8230;<\/a><\/p>\n","protected":false},"author":8,"featured_media":6340,"comment_status":"closed","ping_status":"closed","sticky":false,"template":"","format":"standard","meta":{"footnotes":""},"categories":[3,11],"tags":[],"class_list":["post-6337","post","type-post","status-publish","format-standard","has-post-thumbnail","hentry","category-noticias","category-noticias-destaque-img"],"jetpack_featured_media_url":"https:\/\/centros.uepb.edu.br\/ccbsa\/files\/2019\/08\/Semin\u00e1rio-de-Gest\u00e3o-de-Arquivos-4.jpg","_links":{"self":[{"href":"https:\/\/centros.uepb.edu.br\/ccbsa\/wp-json\/wp\/v2\/posts\/6337","targetHints":{"allow":["GET"]}}],"collection":[{"href":"https:\/\/centros.uepb.edu.br\/ccbsa\/wp-json\/wp\/v2\/posts"}],"about":[{"href":"https:\/\/centros.uepb.edu.br\/ccbsa\/wp-json\/wp\/v2\/types\/post"}],"author":[{"embeddable":true,"href":"https:\/\/centros.uepb.edu.br\/ccbsa\/wp-json\/wp\/v2\/users\/8"}],"replies":[{"embeddable":true,"href":"https:\/\/centros.uepb.edu.br\/ccbsa\/wp-json\/wp\/v2\/comments?post=6337"}],"version-history":[{"count":0,"href":"https:\/\/centros.uepb.edu.br\/ccbsa\/wp-json\/wp\/v2\/posts\/6337\/revisions"}],"wp:featuredmedia":[{"embeddable":true,"href":"https:\/\/centros.uepb.edu.br\/ccbsa\/wp-json\/wp\/v2\/media\/6340"}],"wp:attachment":[{"href":"https:\/\/centros.uepb.edu.br\/ccbsa\/wp-json\/wp\/v2\/media?parent=6337"}],"wp:term":[{"taxonomy":"category","embeddable":true,"href":"https:\/\/centros.uepb.edu.br\/ccbsa\/wp-json\/wp\/v2\/categories?post=6337"},{"taxonomy":"post_tag","embeddable":true,"href":"https:\/\/centros.uepb.edu.br\/ccbsa\/wp-json\/wp\/v2\/tags?post=6337"}],"curies":[{"name":"wp","href":"https:\/\/api.w.org\/{rel}","templated":true}]}}