{"id":632,"date":"2013-08-07T19:13:31","date_gmt":"2013-08-07T19:13:31","guid":{"rendered":"\/ccbsa\/?p=632"},"modified":"2013-08-24T11:59:38","modified_gmt":"2013-08-24T11:59:38","slug":"comissao-cientifica-divulga-normas-para-submissao-de-resumos-para-mostra-de-ensino-pesquisa-e-extensao","status":"publish","type":"post","link":"https:\/\/centros.uepb.edu.br\/ccbsa\/comissao-cientifica-divulga-normas-para-submissao-de-resumos-para-mostra-de-ensino-pesquisa-e-extensao\/","title":{"rendered":"Comiss\u00e3o cient\u00edfica divulga os trabalhos aprovados para a Mostra de Ensino, Pesquisa e Extens\u00e3o"},"content":{"rendered":"<p><a href=\"http:\/\/centros.ascom.uepb.edu.br\/ccbsa\/files\/2013\/08\/SELO-JO\u00c3O-PESSOA.jpg\"><img loading=\"lazy\" decoding=\"async\" class=\"alignleft size-thumbnail wp-image-759 img-responsive\" alt=\"SELO JO\u00c3O PESSOA\" src=\"http:\/\/centros.ascom.uepb.edu.br\/ccbsa\/files\/2013\/08\/SELO-JO\u00c3O-PESSOA-150x150.jpg\" width=\"150\" height=\"150\" \/><\/a>A comiss\u00e3o cient\u00edfica respons\u00e1vel pela 4\u00aa mostra cient\u00edfica de ensino, pesquisa e extens\u00e3o, que integra a\u00a0programa\u00e7\u00e3o do 7\u00ba anivers\u00e1rio do Campus V, que ocorre nos dias 27 e 28 de agosto, divulgou a lista de trabalhos aprovados para a exposi\u00e7\u00e3o de p\u00f4steres na \u00e1rea de [wpfilebase tag=fileurl id=27 linktext=&#8217;Arquivologia, Ensino M\u00e9dio&#8217; \/],\u00a0[wpfilebase tag=fileurl id=28 linktext=&#8217;Ci\u00eancias Biol\u00f3gicas&#8217; \/] e [wpfilebase tag=fileurl id=29 linktext=&#8217;Rela\u00e7\u00f5es Internacionais&#8217; \/].<\/p>\n<p>Os trabalhos aprovados ser\u00e3o apresentados, no dia 28, no hor\u00e1rio de 8h30 \u00e0s 14h, em forma de p\u00f4ster, confeccionado de acordo com as\u00a0[wpfilebase tag=fileurl id=15 linktext=normas \/] divulgadas. A montagem dos pain\u00e9is ser\u00e1 responsabilidade dos autores e ocorrer\u00e1 a partir das 8h, em expositor marcado pela Comiss\u00e3o Cient\u00edfica.<\/p>\n<p>Al\u00e9m da mostra cient\u00edfica, palestras, mesas-redondas, exibi\u00e7\u00e3o de v\u00eddeo, gincana, mostra cient\u00edfica, oficinas,\u00a0lan\u00e7amento de livro,\u00a0show de talentos, corrida, caminhada e apresenta\u00e7\u00f5es culturais integram a programa\u00e7\u00e3o do 7\u00ba anivers\u00e1rio de cria\u00e7\u00e3o do Campus V da UEPB.<\/p>\n<p>A abertura do evento ser\u00e1 no dia 27 de agosto, com a apresenta\u00e7\u00e3o de teatro com o Grupo P\u00e9 Quebrado apresentando a pe\u00e7a \u201cMist\u00e9rios da Pedra Bonita\u201d, e, na sequ\u00eancia a palestra com reitor Ant\u00f4nio Rangel J\u00fanior, que abordar\u00e1 o tema da Mostra.<\/p>\n<p>No in\u00edcio do dia 28 de agosto, a partir das 8h ser\u00e1 realizada a montagem e apresenta\u00e7\u00e3o dos p\u00f4steres selecionados na mostra cient\u00edfica. A partir das 8h30, ser\u00e3o realizadas a corrida e caminhada pelos bairros do Cristo e Rangel. Tamb\u00e9m na manh\u00e3 do dia 28 haver\u00e1 a exposi\u00e7\u00e3o de artesanato e cultura com artes\u00e3os do bairro de Cristo e Rangel, oficina de anatomia humana, mostra de v\u00eddeos e ao longo do dia haver\u00e1 palestra e mesas-redondas nas tr\u00eas \u00e1reas das gradua\u00e7\u00f5es do Campus V, gincana e mostra de v\u00eddeos \u201cDoc Festival: novos olhares sobre Cristo e Rangel\u201d.<\/p>\n<p>Nesta data, \u00e0s 14h50, no audit\u00f3rio Pioneiros\u00a0tamb\u00e9m\u00a0haver\u00e1 o lan\u00e7amento do livro &#8220;Semin\u00e1rio de saberes arquiv\u00edsticos: pr\u00e1ticas de leitura e escrita na universidade&#8221;, de autoria das docentes da UEPB, Eliete dos Santos e Francinete de Sousa. A obra traz uma discuss\u00e3o sobre a escrita dos discentes nas avalia\u00e7\u00f5es acad\u00eamicas como monografia, disserta\u00e7\u00e3o, tese. Al\u00e9m da discuss\u00e3o, o livro traz uma an\u00e1lise de textos de estudantes de gradua\u00e7\u00e3o feita por pesquisadores renomados nacional e internacionalmente.<\/p>\n<p>A novidade desta edi\u00e7\u00e3o \u00e9 a mesa-redonda \u201cO N\u00facleo de L\u00ednguas e o Contexto Acad\u00eamico do Campus V\u201d, a ser realizada no dia 28, \u00e0s 9h, na sala 18,\u00a0voltada \u00e0 exposi\u00e7\u00e3o das atividades deste setor, possibilidades de pesquisas na \u00e1rea e import\u00e2ncia do n\u00facleo para a comunidade acad\u00eamica do CCBSA. A atividade contar\u00e1 com apresenta\u00e7\u00f5es referente \u00e0 cada l\u00edngua ofertada no n\u00facleo, com os professores Aparecida Francisco (L\u00edngua Francesa), Rosemary Evaristo Barbosa (L\u00edngua Portuguesa),\u00a0 Claudiane Costa Aguiar (L\u00edngua Inglesa e Profici\u00eancia) Eneida Gurgel\u00a0 (L\u00edngua Espanhola), tendo a coordenadora do N\u00facleo de L\u00ednguas, professora M\u00f4nica Santana, como mediadora.<\/p>\n<p>O evento ser\u00e1 encerrado com a premia\u00e7\u00e3o dos melhores p\u00f4steres, vencedores da gincana, show de talentos e apresenta\u00e7\u00f5es da Arquibanda e Diplomata 83.<\/p>\n<p>Confira a [wpfilebase tag=fileurl id=25 linktext=&#8217;programa\u00e7\u00e3o completa&#8217; \/].<\/p>\n<p><strong>Hist\u00f3rico do Campus V<\/strong><\/p>\n<div id=\"attachment_103\" style=\"width: 160px\" class=\"wp-caption alignright\"><a href=\"http:\/\/centros.ascom.uepb.edu.br\/ccbsa\/files\/2013\/05\/Descerramento-da-placa.jpg\"><img loading=\"lazy\" decoding=\"async\" aria-describedby=\"caption-attachment-103\" class=\"size-thumbnail wp-image-103 img-responsive\" alt=\"Inaugura\u00e7\u00e3o do Campus V - 28 de agosto de 2006\" src=\"http:\/\/centros.ascom.uepb.edu.br\/ccbsa\/files\/2013\/05\/Descerramento-da-placa-150x150.jpg\" width=\"150\" height=\"150\" \/><\/a><p id=\"caption-attachment-103\" class=\"wp-caption-text\">Inaugura\u00e7\u00e3o do Campus V &#8211; 28 de agosto de 2006<\/p><\/div>\n<p>Criado em 2006, ap\u00f3s a conquista da autonomia financeira que viabilizou a expans\u00e3o da UEPB, o Campus V \u2013 Ministro Alcides Carneiro trouxe para o litoral do Estado cursos pioneiros e forma\u00e7\u00f5es com o intuito de atender a uma demanda local, como os Bacharelados em Arquivologia, Rela\u00e7\u00f5es Internacionais e Ci\u00eancias Biol\u00f3gicas. A escolha de Alcides Carneiro para nomear o CCBSA deu-se por ocasi\u00e3o do centen\u00e1rio de nascimento do paraibano, completado em 2006. Al\u00e9m disso, foi considerada a relevante atua\u00e7\u00e3o do homenageado, tanto como homem p\u00fablico, tendo sido Deputado Constituinte em 1946, assumido interinamente a Presid\u00eancia da Rep\u00fablica e exercido outros cargos no \u00e2mbito federal, e tamb\u00e9m como homem das letras, tendo sido imortalizado pela Academia Paraibana de Letras.<\/p>\n<p>Atualmente, o Campus V abrange os bacharelados em Arquivologia, Ci\u00eancias Biol\u00f3gicas e Rela\u00e7\u00f5es Internacionais, Mestrado em Rela\u00e7\u00f5es Internacionais, N\u00facleo de L\u00ednguas e um polo de Educa\u00e7\u00e3o a Dist\u00e2ncia, que funciona na Av. Coremas, 332 \u2013 Centro, e oferece cursos de gradua\u00e7\u00e3o em Letras e Geografia, voltados aos professores da rede p\u00fablica de ensino (estadual e municipal), inscritos no Plano de A\u00e7\u00f5es Articuladas (PAR) do Governo Federal e as gradua\u00e7\u00f5es em Administra\u00e7\u00e3o P\u00fablica e em Pedagogia, esta \u00faltima presencial, com aulas aos s\u00e1bados.<\/p>\n<p>O CCBSA tamb\u00e9m sedia as aulas do curso de Licenciatura em Pedagogia destinado \u00e0 forma\u00e7\u00e3o de professores e a Especializa\u00e7\u00e3o em Fundamentos da Educa\u00e7\u00e3o, que \u00e9 voltada aos professores efetivos da Rede Estadual de Ensino, com curso de gradua\u00e7\u00e3o, al\u00e9m de t\u00e9cnicos e administradores escolares tamb\u00e9m com gradua\u00e7\u00e3o conclu\u00edda.<\/p>\n<p>&nbsp;<\/p>\n","protected":false},"excerpt":{"rendered":"<p>A comiss\u00e3o cient\u00edfica respons\u00e1vel pela 4\u00aa mostra cient\u00edfica de ensino, pesquisa e extens\u00e3o, que integra a\u00a0programa\u00e7\u00e3o do 7\u00ba anivers\u00e1rio do Campus V, que ocorre nos dias 27 e 28 de agosto, divulgou a lista de trabalhos aprovados para a exposi\u00e7\u00e3o de p\u00f4steres na \u00e1rea de [wpfilebase tag=fileurl id=27 linktext=&#8217;Arquivologia, Ensino M\u00e9dio&#8217; \/],\u00a0[wpfilebase tag=fileurl id=28 linktext=&#8217;Ci\u00eancias <a class=\"leiamais\" href=\"https:\/\/centros.uepb.edu.br\/ccbsa\/comissao-cientifica-divulga-normas-para-submissao-de-resumos-para-mostra-de-ensino-pesquisa-e-extensao\/\">Leia Mais&#8230;<\/a><\/p>\n","protected":false},"author":8,"featured_media":0,"comment_status":"open","ping_status":"open","sticky":false,"template":"","format":"standard","meta":{"footnotes":""},"categories":[1],"tags":[],"class_list":["post-632","post","type-post","status-publish","format-standard","hentry","category-sem-categoria"],"jetpack_featured_media_url":"","_links":{"self":[{"href":"https:\/\/centros.uepb.edu.br\/ccbsa\/wp-json\/wp\/v2\/posts\/632","targetHints":{"allow":["GET"]}}],"collection":[{"href":"https:\/\/centros.uepb.edu.br\/ccbsa\/wp-json\/wp\/v2\/posts"}],"about":[{"href":"https:\/\/centros.uepb.edu.br\/ccbsa\/wp-json\/wp\/v2\/types\/post"}],"author":[{"embeddable":true,"href":"https:\/\/centros.uepb.edu.br\/ccbsa\/wp-json\/wp\/v2\/users\/8"}],"replies":[{"embeddable":true,"href":"https:\/\/centros.uepb.edu.br\/ccbsa\/wp-json\/wp\/v2\/comments?post=632"}],"version-history":[{"count":0,"href":"https:\/\/centros.uepb.edu.br\/ccbsa\/wp-json\/wp\/v2\/posts\/632\/revisions"}],"wp:attachment":[{"href":"https:\/\/centros.uepb.edu.br\/ccbsa\/wp-json\/wp\/v2\/media?parent=632"}],"wp:term":[{"taxonomy":"category","embeddable":true,"href":"https:\/\/centros.uepb.edu.br\/ccbsa\/wp-json\/wp\/v2\/categories?post=632"},{"taxonomy":"post_tag","embeddable":true,"href":"https:\/\/centros.uepb.edu.br\/ccbsa\/wp-json\/wp\/v2\/tags?post=632"}],"curies":[{"name":"wp","href":"https:\/\/api.w.org\/{rel}","templated":true}]}}