{"id":6302,"date":"2019-08-06T16:09:34","date_gmt":"2019-08-06T16:09:34","guid":{"rendered":"https:\/\/centros.uepb.edu.br\/ccbsa\/?p=6302"},"modified":"2019-08-20T17:13:06","modified_gmt":"2019-08-20T17:13:06","slug":"comissao-cientifica-prorroga-submissao-de-trabalhos-para-mostra-cientifica-que-integra-programacao-dos-13-anos-do-ccbsa","status":"publish","type":"post","link":"https:\/\/centros.uepb.edu.br\/ccbsa\/comissao-cientifica-prorroga-submissao-de-trabalhos-para-mostra-cientifica-que-integra-programacao-dos-13-anos-do-ccbsa\/","title":{"rendered":"Comiss\u00e3o cient\u00edfica prorroga prazo de submiss\u00e3o de trabalhos para mostra cient\u00edfica que integra programa\u00e7\u00e3o dos 13 anos do CCBSA"},"content":{"rendered":"<p><a href=\"https:\/\/centros.uepb.edu.br\/ccbsa\/files\/2019\/08\/FOTO.jpg\"><img loading=\"lazy\" decoding=\"async\" class=\"aligncenter size-full wp-image-6303 img-responsive\" src=\"https:\/\/centros.uepb.edu.br\/ccbsa\/files\/2019\/08\/FOTO.jpg\" alt=\"\" width=\"840\" height=\"454\" srcset=\"https:\/\/centros.uepb.edu.br\/ccbsa\/files\/2019\/08\/FOTO.jpg 840w, https:\/\/centros.uepb.edu.br\/ccbsa\/files\/2019\/08\/FOTO-300x162.jpg 300w, https:\/\/centros.uepb.edu.br\/ccbsa\/files\/2019\/08\/FOTO-768x415.jpg 768w, https:\/\/centros.uepb.edu.br\/ccbsa\/files\/2019\/08\/FOTO-370x200.jpg 370w\" sizes=\"auto, (max-width: 840px) 100vw, 840px\" \/><\/a><\/p>\n<p>A comiss\u00e3o cient\u00edfica respons\u00e1vel pela 8\u00aa edi\u00e7\u00e3o da Mostra Cient\u00edfica de Ensino, Pesquisa e Extens\u00e3o do C\u00e2mpus V da Universidade Estadual da Para\u00edba (UEPB), prorrogou, at\u00e9 o dia 20 de agosto, o prazo de submiss\u00e3o de trabalhos que ser\u00e3o apresentados no dia 29 de agosto durante o evento alusivo ao 13 anos do Centro de Ci\u00eancias Biol\u00f3gicas e Sociais Aplicadas (CCBSA).<\/p>\n<p>A submiss\u00e3o de trabalhos pode ser feita nas modalidades extens\u00e3o\/est\u00e1gio, monitoria\/pr\u00e1tica e pesquisa (decorrente de PIBIC ou mestrado em Rela\u00e7\u00f5es Internacionais). Podem constar como autor principal um estudante ou t\u00e9cnico-administrativo do Campus V e at\u00e9 seis co-autores que desenvolvam trabalhos em um dos cursos do CCBSA, nas gradua\u00e7\u00f5es em Arquivologia, Ci\u00eancias Biol\u00f3gicas e Rela\u00e7\u00f5es Internacionais, Administra\u00e7\u00e3o P\u00fablica (EAD &#8211; Polo Jo\u00e3o Pessoa), N\u00facleo de L\u00ednguas e mestrado em Rela\u00e7\u00f5es Internacionais.<\/p>\n<p>A divulga\u00e7\u00e3o dos resumos aprovados ocorre no dia 24 de agosto e apenas estes poder\u00e3o ser apresentados no dia 29 de agosto, no hor\u00e1rio de 8h \u00e0s 13h, em forma de p\u00f4ster, confeccionado de<br \/>\nacordo com as normas divulgadas. A montagem dos pain\u00e9is ser\u00e1 responsabilidade dos autores e ocorrer\u00e1 a partir das 8h, em expositor marcado pela Comiss\u00e3o Cient\u00edfica.<\/p>\n<p>Com o tema &#8220;13 anos do Campus V concretizando sonhos pelas bases da Educa\u00e7\u00e3o gratuita e de qualidade&#8221;, o anivers\u00e1rio do Campus de jo\u00e3o Pessoa contar\u00e1 com palestras, mesas de discuss\u00e3o, feira gastron\u00f4mica, oficinas, inaugura\u00e7\u00f5es de espa\u00e7os do Campus V, sess\u00f5es do cineclube, mostra cient\u00edfica, entre outras atividades. O evento ocorrer\u00e1 nos dias 28 e 29 de agosto.<\/p>\n<p><strong>Sobre o C\u00e2mpus V<\/strong><\/p>\n<p>Criado em 2006, ap\u00f3s a conquista da autonomia financeira que viabilizou a expans\u00e3o da UEPB, o Campus V \u2013 Ministro Alcides Carneiro trouxe para o litoral do Estado cursos pioneiros e forma\u00e7\u00f5es com o intuito de atender a uma demanda local, como os Bacharelados em Arquivologia, Rela\u00e7\u00f5es Internacionais e Ci\u00eancias Biol\u00f3gicas e a P\u00f3s-Gradua\u00e7\u00e3o em Rela\u00e7\u00f5es Internacionais. O Centro de Ci\u00eancias Biol\u00f3gicas e Sociais Aplicadas (CCBSA) conta, ainda, com um N\u00facleo de L\u00ednguas que oferece gratuitamente \u00e0 comunidade cursos de idiomas do n\u00edvel iniciante ao avan\u00e7ado.<\/p>\n<p>Para outras informa\u00e7\u00f5es sobre as atividades cient\u00edficas do anivers\u00e1rio do C\u00e2mpus V: mostracampusv@ccbsa.uepb.edu.br.<\/p>\n<p>Acesse aqui as normas para [wpfilebase tag=fileurl id=485 linktext=&#8217;confec\u00e7\u00e3o de P\u00f4ster&#8217; \/] e [wpfilebase tag=fileurl id=486 linktext=&#8217;elabora\u00e7\u00e3o dos resumos&#8217; \/] e o [wpfilebase tag=fileurl id=490 linktext=&#8217;modelo do p\u00f4ster&#8217; \/] a ser apresentado.<\/p>\n<p>&nbsp;<\/p>\n<p>&nbsp;<\/p>\n","protected":false},"excerpt":{"rendered":"<p>A comiss\u00e3o cient\u00edfica respons\u00e1vel pela 8\u00aa edi\u00e7\u00e3o da Mostra Cient\u00edfica de Ensino, Pesquisa e Extens\u00e3o do C\u00e2mpus V da Universidade Estadual da Para\u00edba (UEPB), prorrogou, at\u00e9 o dia 20 de agosto, o prazo de submiss\u00e3o de trabalhos que ser\u00e3o apresentados no dia 29 de agosto durante o evento alusivo ao 13 anos do Centro de <a class=\"leiamais\" href=\"https:\/\/centros.uepb.edu.br\/ccbsa\/comissao-cientifica-prorroga-submissao-de-trabalhos-para-mostra-cientifica-que-integra-programacao-dos-13-anos-do-ccbsa\/\">Leia Mais&#8230;<\/a><\/p>\n","protected":false},"author":8,"featured_media":6303,"comment_status":"closed","ping_status":"closed","sticky":false,"template":"","format":"standard","meta":{"footnotes":""},"categories":[3,11],"tags":[],"class_list":["post-6302","post","type-post","status-publish","format-standard","has-post-thumbnail","hentry","category-noticias","category-noticias-destaque-img"],"jetpack_featured_media_url":"https:\/\/centros.uepb.edu.br\/ccbsa\/files\/2019\/08\/FOTO.jpg","_links":{"self":[{"href":"https:\/\/centros.uepb.edu.br\/ccbsa\/wp-json\/wp\/v2\/posts\/6302","targetHints":{"allow":["GET"]}}],"collection":[{"href":"https:\/\/centros.uepb.edu.br\/ccbsa\/wp-json\/wp\/v2\/posts"}],"about":[{"href":"https:\/\/centros.uepb.edu.br\/ccbsa\/wp-json\/wp\/v2\/types\/post"}],"author":[{"embeddable":true,"href":"https:\/\/centros.uepb.edu.br\/ccbsa\/wp-json\/wp\/v2\/users\/8"}],"replies":[{"embeddable":true,"href":"https:\/\/centros.uepb.edu.br\/ccbsa\/wp-json\/wp\/v2\/comments?post=6302"}],"version-history":[{"count":0,"href":"https:\/\/centros.uepb.edu.br\/ccbsa\/wp-json\/wp\/v2\/posts\/6302\/revisions"}],"wp:featuredmedia":[{"embeddable":true,"href":"https:\/\/centros.uepb.edu.br\/ccbsa\/wp-json\/wp\/v2\/media\/6303"}],"wp:attachment":[{"href":"https:\/\/centros.uepb.edu.br\/ccbsa\/wp-json\/wp\/v2\/media?parent=6302"}],"wp:term":[{"taxonomy":"category","embeddable":true,"href":"https:\/\/centros.uepb.edu.br\/ccbsa\/wp-json\/wp\/v2\/categories?post=6302"},{"taxonomy":"post_tag","embeddable":true,"href":"https:\/\/centros.uepb.edu.br\/ccbsa\/wp-json\/wp\/v2\/tags?post=6302"}],"curies":[{"name":"wp","href":"https:\/\/api.w.org\/{rel}","templated":true}]}}