{"id":630,"date":"2013-08-07T18:44:56","date_gmt":"2013-08-07T18:44:56","guid":{"rendered":"\/ccbsa\/?p=630"},"modified":"2013-08-19T15:36:35","modified_gmt":"2013-08-19T15:36:35","slug":"campus-v-sedia-evento-sobre-transparencia-e-acompanhamento-de-dados-publicos","status":"publish","type":"post","link":"https:\/\/centros.uepb.edu.br\/ccbsa\/campus-v-sedia-evento-sobre-transparencia-e-acompanhamento-de-dados-publicos\/","title":{"rendered":"Campus V sedia evento sobre transpar\u00eancia e acompanhamento de dados p\u00fablicos"},"content":{"rendered":"<p>Formar cidad\u00e3os aptos a entender, acessar, acompanhar e usar dados p\u00fablicos dispon\u00edveis na web e publicizados de acordo com a lei, para que haja estes sujeitos possam reinvindicar e promover mudan\u00e7as sociais, esta \u00e9 a proposta do evento \u201cAcesso, Transpar\u00eancia e Acompanhamento de Dados P\u00fablicos\u201d, que ocorre de 19 a 23 de agosto, das 8h30 \u00e0s 11h30 e das 18h30 \u00e0s 21h30, no audit\u00f3rio do Campus V da Universidade Estadual da Para\u00edba, na Rua Hor\u00e1cio Trajano de Oliveira, Cristo, Jo\u00e3o Pessoa.<\/p>\n<p>Idealizado pelo professor de Arquivologia, Henrique Fran\u00e7a, o evento \u00e9 destinado a toda a comunidade acad\u00eamica e popula\u00e7\u00e3o em geral, e\u00a0contar\u00e1 com\u00a0palestra, oficinas e mesa-redonda, com o intuito de capacitar os participantes para atitudes cidad\u00e3s, controle de procedimentos de gest\u00e3o p\u00fablica pelo cidad\u00e3o, como a Lei do Acesso \u00e0 Informa\u00e7\u00e3o e os portais de transpar\u00eancia, entre outras quest\u00f5es.<\/p>\n<p>A abertura do evento ser\u00e1 no dia 19 de agosto, com a mesa \u201cCidadania e Transpar\u00eancia P\u00fablica: como o controle pela sociedade pode gerar mudan\u00e7as no Brasil\u201d, que contar\u00e1 com a presen\u00e7a de representantes da Controladoria Geral da Uni\u00e3o, Instituto Soma Brasil, que lida com transpar\u00eancia P\u00fablica, Secretaria de Transpar\u00eancia P\u00fablica do Munic\u00edpio de Jo\u00e3o Pessoa\u00a0e UEPB. Tamb\u00e9m integram a programa\u00e7\u00e3o as oficinas sobre a lei de acesso \u00e0 informa\u00e7\u00e3o, o acesso aos portais de transpar\u00eancia, que ocorrem de 20 a 22 de agosto.<\/p>\n<p>O encerramento do evento ser\u00e1 no dia 23 de agosto, com a palestra \u201cPerspectivas para o Brasil: como e quando ocupar os espa\u00e7os de debate sobre a gest\u00e3o da sua cidade, Estado e Na\u00e7\u00e3o\u201d. As inscri\u00e7\u00f5es para as atividades s\u00e3o realizadas online por meio de <a href=\"https:\/\/docs.google.com\/forms\/d\/14Ufnp6pwK2U4H9KxvolAH6nLUhXDllk1FudL3VNnLS4\/viewform\">formul\u00e1rio eletr\u00f4nico<\/a>.<\/p>\n<p>&nbsp;<\/p>\n","protected":false},"excerpt":{"rendered":"<p>Formar cidad\u00e3os aptos a entender, acessar, acompanhar e usar dados p\u00fablicos dispon\u00edveis na web e publicizados de acordo com a lei, para que haja estes sujeitos possam reinvindicar e promover mudan\u00e7as sociais, esta \u00e9 a proposta do evento \u201cAcesso, Transpar\u00eancia e Acompanhamento de Dados P\u00fablicos\u201d, que ocorre de 19 a 23 de agosto, das 8h30 <a class=\"leiamais\" href=\"https:\/\/centros.uepb.edu.br\/ccbsa\/campus-v-sedia-evento-sobre-transparencia-e-acompanhamento-de-dados-publicos\/\">Leia Mais&#8230;<\/a><\/p>\n","protected":false},"author":8,"featured_media":673,"comment_status":"open","ping_status":"open","sticky":false,"template":"","format":"standard","meta":{"footnotes":""},"categories":[1],"tags":[],"class_list":["post-630","post","type-post","status-publish","format-standard","has-post-thumbnail","hentry","category-sem-categoria"],"jetpack_featured_media_url":"https:\/\/centros.uepb.edu.br\/ccbsa\/files\/2013\/08\/EDITADA.jpg","_links":{"self":[{"href":"https:\/\/centros.uepb.edu.br\/ccbsa\/wp-json\/wp\/v2\/posts\/630","targetHints":{"allow":["GET"]}}],"collection":[{"href":"https:\/\/centros.uepb.edu.br\/ccbsa\/wp-json\/wp\/v2\/posts"}],"about":[{"href":"https:\/\/centros.uepb.edu.br\/ccbsa\/wp-json\/wp\/v2\/types\/post"}],"author":[{"embeddable":true,"href":"https:\/\/centros.uepb.edu.br\/ccbsa\/wp-json\/wp\/v2\/users\/8"}],"replies":[{"embeddable":true,"href":"https:\/\/centros.uepb.edu.br\/ccbsa\/wp-json\/wp\/v2\/comments?post=630"}],"version-history":[{"count":0,"href":"https:\/\/centros.uepb.edu.br\/ccbsa\/wp-json\/wp\/v2\/posts\/630\/revisions"}],"wp:featuredmedia":[{"embeddable":true,"href":"https:\/\/centros.uepb.edu.br\/ccbsa\/wp-json\/wp\/v2\/media\/673"}],"wp:attachment":[{"href":"https:\/\/centros.uepb.edu.br\/ccbsa\/wp-json\/wp\/v2\/media?parent=630"}],"wp:term":[{"taxonomy":"category","embeddable":true,"href":"https:\/\/centros.uepb.edu.br\/ccbsa\/wp-json\/wp\/v2\/categories?post=630"},{"taxonomy":"post_tag","embeddable":true,"href":"https:\/\/centros.uepb.edu.br\/ccbsa\/wp-json\/wp\/v2\/tags?post=630"}],"curies":[{"name":"wp","href":"https:\/\/api.w.org\/{rel}","templated":true}]}}