{"id":6277,"date":"2019-07-26T14:45:44","date_gmt":"2019-07-26T14:45:44","guid":{"rendered":"https:\/\/centros.uepb.edu.br\/ccbsa\/?p=6277"},"modified":"2019-07-26T14:45:44","modified_gmt":"2019-07-26T14:45:44","slug":"ccbsa-sedia-jornada-pedagogica-da-prograd-destinada-a-docentes-da-instituicao","status":"publish","type":"post","link":"https:\/\/centros.uepb.edu.br\/ccbsa\/ccbsa-sedia-jornada-pedagogica-da-prograd-destinada-a-docentes-da-instituicao\/","title":{"rendered":"CCBSA sedia jornada pedag\u00f3gica da PROGRAD destinada a docentes da institui\u00e7\u00e3o"},"content":{"rendered":"<p><a href=\"https:\/\/centros.uepb.edu.br\/ccbsa\/files\/2019\/07\/Jornada-Pedag\u00f3gica-Docente-PROGRAD.jpg\"><img loading=\"lazy\" decoding=\"async\" class=\"aligncenter size-full wp-image-6278 img-responsive\" src=\"https:\/\/centros.uepb.edu.br\/ccbsa\/files\/2019\/07\/Jornada-Pedag\u00f3gica-Docente-PROGRAD.jpg\" alt=\"\" width=\"840\" height=\"454\" srcset=\"https:\/\/centros.uepb.edu.br\/ccbsa\/files\/2019\/07\/Jornada-Pedag\u00f3gica-Docente-PROGRAD.jpg 840w, https:\/\/centros.uepb.edu.br\/ccbsa\/files\/2019\/07\/Jornada-Pedag\u00f3gica-Docente-PROGRAD-300x162.jpg 300w, https:\/\/centros.uepb.edu.br\/ccbsa\/files\/2019\/07\/Jornada-Pedag\u00f3gica-Docente-PROGRAD-768x415.jpg 768w, https:\/\/centros.uepb.edu.br\/ccbsa\/files\/2019\/07\/Jornada-Pedag\u00f3gica-Docente-PROGRAD-370x200.jpg 370w\" sizes=\"auto, (max-width: 840px) 100vw, 840px\" \/><\/a><\/p>\n<p>A Pr\u00f3-Reitoria de Gradua\u00e7\u00e3o (PROGRAD) da Universidade Estadual da Para\u00edba (UEPB) promove, na quarta-feira, 31 de julho, no audit\u00f3rio Pioneiros, a Jornada Pedag\u00f3gica Intrac\u00e2mpus para Docentes da Institui\u00e7\u00e3o. As inscri\u00e7\u00f5es est\u00e3o abertas e podem ser feitas no endere\u00e7o <strong><a href=\"http:\/\/proreitorias.uepb.edu.br\/prograd\/jpd\/\" target=\"_blank\" rel=\"noreferrer noopener\" aria-label=\" (opens in a new tab)\">http:\/\/proreitorias.uepb.edu.br\/prograd\/jpd\/<\/a><\/strong>. O evento, que ser\u00e1 realizado de 30 de julho a 1\u00ba de agosto em todos os C\u00e2mpus da UEPB, tem como tema \u201cAvalia\u00e7\u00e3o da aprendizagem no ensino superior\u201d e objetiva mobilizar todos os docentes da UEPB para reflex\u00e3o sobre suas pr\u00e1ticas pedag\u00f3gicas diante das transforma\u00e7\u00f5es culturais e tecnol\u00f3gicas e para compartilhamento de experi\u00eancias de pr\u00e1ticas docentes exitosas, tendo em vista o aprimoramento do ensino no \u00e2mbito da Universidade Estadual.<\/p>\n<p>Integram a programa\u00e7\u00e3o a mesa de discuss\u00e3o &#8220;Avalia\u00e7\u00e3o da aprendizagem no ensino superior&#8221;, com os professores Vagda Rocha e Taises Ara\u00fajo, do Campus I e Eliete Correia dos Santos e Filipe Reis Melo, Campus V; a oficina \u201cOs pilares da Avalia\u00e7\u00e3o da Aprendizagem no contexto da sala de aula&#8221;, a ser ministrada pelos professores Taises Ara\u00fajo, do Campus I e Eliete Correia dos Santos e Filipe Reis Melo, Campus V, e debates e discuss\u00f5es. O evento tamb\u00e9m contar\u00e1 com a apresenta\u00e7\u00e3o voz e viol\u00e3o do professor Jo\u00e3o Irineu.<\/p>\n<p>Segundo os organizadores, a Jornada Pedag\u00f3gica integra um programa de reflex\u00e3o e atualiza\u00e7\u00e3o pedag\u00f3gica desenvolvido como atividade permanente, envolvendo palestras e oficinas em cada semestre letivo, al\u00e9m da cria\u00e7\u00e3o de setor espec\u00edfico de apoio pedag\u00f3gico ao docente na PROGRAD e o compartilhamento de textos.<\/p>\n<p>A Jornada e as Oficinas Pedag\u00f3gicas representam a continuidade de um processo mais amplo de reestrutura\u00e7\u00e3o e dinamiza\u00e7\u00e3o dos cursos da UEPB, que vem sendo desenvolvido desde a cria\u00e7\u00e3o dos N\u00facleos Docentes Estruturantes (NDEs), incluindo o Regimento de Gradua\u00e7\u00e3o, a atualiza\u00e7\u00e3o dos Projetos Pedag\u00f3gicos de Cursos (PPCs) e a realiza\u00e7\u00e3o de encontros de reflex\u00e3o. Outros detalhes podem ser conferidos no endere\u00e7o eletr\u00f4nico\u00a0<strong><a href=\"http:\/\/proreitorias.uepb.edu.br\/prograd\/jpd\/\" target=\"_blank\" rel=\"noreferrer noopener\" aria-label=\" (opens in a new tab)\">http:\/\/proreitorias.uepb.edu.br\/prograd\/jpd\/<\/a><\/strong>.<\/p>\n<p><em><strong>Texto:<\/strong> Tatiana Brand\u00e3o e Juliana Marques<\/em><\/p>\n","protected":false},"excerpt":{"rendered":"<p>A Pr\u00f3-Reitoria de Gradua\u00e7\u00e3o (PROGRAD) da Universidade Estadual da Para\u00edba (UEPB) promove, na quarta-feira, 31 de julho, no audit\u00f3rio Pioneiros, a Jornada Pedag\u00f3gica Intrac\u00e2mpus para Docentes da Institui\u00e7\u00e3o. As inscri\u00e7\u00f5es est\u00e3o abertas e podem ser feitas no endere\u00e7o http:\/\/proreitorias.uepb.edu.br\/prograd\/jpd\/. O evento, que ser\u00e1 realizado de 30 de julho a 1\u00ba de agosto em todos os <a class=\"leiamais\" href=\"https:\/\/centros.uepb.edu.br\/ccbsa\/ccbsa-sedia-jornada-pedagogica-da-prograd-destinada-a-docentes-da-instituicao\/\">Leia Mais&#8230;<\/a><\/p>\n","protected":false},"author":8,"featured_media":6278,"comment_status":"closed","ping_status":"closed","sticky":false,"template":"","format":"standard","meta":{"footnotes":""},"categories":[3,11],"tags":[],"class_list":["post-6277","post","type-post","status-publish","format-standard","has-post-thumbnail","hentry","category-noticias","category-noticias-destaque-img"],"jetpack_featured_media_url":"https:\/\/centros.uepb.edu.br\/ccbsa\/files\/2019\/07\/Jornada-Pedag\u00f3gica-Docente-PROGRAD.jpg","_links":{"self":[{"href":"https:\/\/centros.uepb.edu.br\/ccbsa\/wp-json\/wp\/v2\/posts\/6277","targetHints":{"allow":["GET"]}}],"collection":[{"href":"https:\/\/centros.uepb.edu.br\/ccbsa\/wp-json\/wp\/v2\/posts"}],"about":[{"href":"https:\/\/centros.uepb.edu.br\/ccbsa\/wp-json\/wp\/v2\/types\/post"}],"author":[{"embeddable":true,"href":"https:\/\/centros.uepb.edu.br\/ccbsa\/wp-json\/wp\/v2\/users\/8"}],"replies":[{"embeddable":true,"href":"https:\/\/centros.uepb.edu.br\/ccbsa\/wp-json\/wp\/v2\/comments?post=6277"}],"version-history":[{"count":0,"href":"https:\/\/centros.uepb.edu.br\/ccbsa\/wp-json\/wp\/v2\/posts\/6277\/revisions"}],"wp:featuredmedia":[{"embeddable":true,"href":"https:\/\/centros.uepb.edu.br\/ccbsa\/wp-json\/wp\/v2\/media\/6278"}],"wp:attachment":[{"href":"https:\/\/centros.uepb.edu.br\/ccbsa\/wp-json\/wp\/v2\/media?parent=6277"}],"wp:term":[{"taxonomy":"category","embeddable":true,"href":"https:\/\/centros.uepb.edu.br\/ccbsa\/wp-json\/wp\/v2\/categories?post=6277"},{"taxonomy":"post_tag","embeddable":true,"href":"https:\/\/centros.uepb.edu.br\/ccbsa\/wp-json\/wp\/v2\/tags?post=6277"}],"curies":[{"name":"wp","href":"https:\/\/api.w.org\/{rel}","templated":true}]}}