{"id":6263,"date":"2019-07-26T14:07:54","date_gmt":"2019-07-26T14:07:54","guid":{"rendered":"https:\/\/centros.uepb.edu.br\/ccbsa\/?p=6263"},"modified":"2019-07-26T14:07:54","modified_gmt":"2019-07-26T14:07:54","slug":"ccbsa-forma-novos-profissionais-de-adm-publica-arquivologia-ciencias-biologicas-e-relacoes-internacionais","status":"publish","type":"post","link":"https:\/\/centros.uepb.edu.br\/ccbsa\/ccbsa-forma-novos-profissionais-de-adm-publica-arquivologia-ciencias-biologicas-e-relacoes-internacionais\/","title":{"rendered":"CCBSA forma novos profissionais de Adm. P\u00fablica, Arquivologia, Ci\u00eancias Biol\u00f3gicas e Rela\u00e7\u00f5es Internacionais"},"content":{"rendered":"\n\t\t<style type=\"text\/css\">\n\t\t\t#gallery-1 {\n\t\t\t\tmargin: auto;\n\t\t\t}\n\t\t\t#gallery-1 .gallery-item {\n\t\t\t\tfloat: left;\n\t\t\t\tmargin-top: 10px;\n\t\t\t\ttext-align: center;\n\t\t\t\twidth: 33%;\n\t\t\t}\n\t\t\t#gallery-1 img {\n\t\t\t\tborder: 2px solid #cfcfcf;\n\t\t\t}\n\t\t\t#gallery-1 .gallery-caption {\n\t\t\t\tmargin-left: 0;\n\t\t\t}\n\t\t\t\/* see gallery_shortcode() in wp-includes\/media.php *\/\n\t\t<\/style>\n\t\t<div id='gallery-1' class='gallery galleryid-6263 gallery-columns-3 gallery-size-full'><dl class='gallery-item'>\n\t\t\t<dt class='gallery-icon landscape'>\n\t\t\t\t<a href='https:\/\/centros.uepb.edu.br\/ccbsa\/files\/2019\/07\/Cola\u00e7\u00e3o-2019.1-JP-1.jpg'><img loading=\"lazy\" decoding=\"async\" width=\"840\" height=\"454\" src=\"https:\/\/centros.uepb.edu.br\/ccbsa\/files\/2019\/07\/Cola\u00e7\u00e3o-2019.1-JP-1.jpg\" class=\"attachment-full size-full\" alt=\"\" srcset=\"https:\/\/centros.uepb.edu.br\/ccbsa\/files\/2019\/07\/Cola\u00e7\u00e3o-2019.1-JP-1.jpg 840w, https:\/\/centros.uepb.edu.br\/ccbsa\/files\/2019\/07\/Cola\u00e7\u00e3o-2019.1-JP-1-300x162.jpg 300w, https:\/\/centros.uepb.edu.br\/ccbsa\/files\/2019\/07\/Cola\u00e7\u00e3o-2019.1-JP-1-768x415.jpg 768w, https:\/\/centros.uepb.edu.br\/ccbsa\/files\/2019\/07\/Cola\u00e7\u00e3o-2019.1-JP-1-370x200.jpg 370w\" sizes=\"auto, (max-width: 840px) 100vw, 840px\" \/><\/a>\n\t\t\t<\/dt><\/dl><dl class='gallery-item'>\n\t\t\t<dt class='gallery-icon landscape'>\n\t\t\t\t<a href='https:\/\/centros.uepb.edu.br\/ccbsa\/files\/2019\/07\/Cola\u00e7\u00e3o-2019.1-JP-5.jpg'><img loading=\"lazy\" decoding=\"async\" width=\"840\" height=\"454\" src=\"https:\/\/centros.uepb.edu.br\/ccbsa\/files\/2019\/07\/Cola\u00e7\u00e3o-2019.1-JP-5.jpg\" class=\"attachment-full size-full\" alt=\"\" srcset=\"https:\/\/centros.uepb.edu.br\/ccbsa\/files\/2019\/07\/Cola\u00e7\u00e3o-2019.1-JP-5.jpg 840w, https:\/\/centros.uepb.edu.br\/ccbsa\/files\/2019\/07\/Cola\u00e7\u00e3o-2019.1-JP-5-300x162.jpg 300w, https:\/\/centros.uepb.edu.br\/ccbsa\/files\/2019\/07\/Cola\u00e7\u00e3o-2019.1-JP-5-768x415.jpg 768w, https:\/\/centros.uepb.edu.br\/ccbsa\/files\/2019\/07\/Cola\u00e7\u00e3o-2019.1-JP-5-370x200.jpg 370w\" sizes=\"auto, (max-width: 840px) 100vw, 840px\" \/><\/a>\n\t\t\t<\/dt><\/dl><dl class='gallery-item'>\n\t\t\t<dt class='gallery-icon landscape'>\n\t\t\t\t<a href='https:\/\/centros.uepb.edu.br\/ccbsa\/files\/2019\/07\/Cola\u00e7\u00e3o-2019.1-JP-8.jpg'><img loading=\"lazy\" decoding=\"async\" width=\"840\" height=\"454\" src=\"https:\/\/centros.uepb.edu.br\/ccbsa\/files\/2019\/07\/Cola\u00e7\u00e3o-2019.1-JP-8.jpg\" class=\"attachment-full size-full\" alt=\"\" srcset=\"https:\/\/centros.uepb.edu.br\/ccbsa\/files\/2019\/07\/Cola\u00e7\u00e3o-2019.1-JP-8.jpg 840w, https:\/\/centros.uepb.edu.br\/ccbsa\/files\/2019\/07\/Cola\u00e7\u00e3o-2019.1-JP-8-300x162.jpg 300w, https:\/\/centros.uepb.edu.br\/ccbsa\/files\/2019\/07\/Cola\u00e7\u00e3o-2019.1-JP-8-768x415.jpg 768w, https:\/\/centros.uepb.edu.br\/ccbsa\/files\/2019\/07\/Cola\u00e7\u00e3o-2019.1-JP-8-370x200.jpg 370w\" sizes=\"auto, (max-width: 840px) 100vw, 840px\" \/><\/a>\n\t\t\t<\/dt><\/dl><br style=\"clear: both\" \/><dl class='gallery-item'>\n\t\t\t<dt class='gallery-icon landscape'>\n\t\t\t\t<a href='https:\/\/centros.uepb.edu.br\/ccbsa\/files\/2019\/07\/Cola\u00e7\u00e3o-2019.1-JP-10.jpg'><img loading=\"lazy\" decoding=\"async\" width=\"840\" height=\"454\" src=\"https:\/\/centros.uepb.edu.br\/ccbsa\/files\/2019\/07\/Cola\u00e7\u00e3o-2019.1-JP-10.jpg\" class=\"attachment-full size-full\" alt=\"\" srcset=\"https:\/\/centros.uepb.edu.br\/ccbsa\/files\/2019\/07\/Cola\u00e7\u00e3o-2019.1-JP-10.jpg 840w, https:\/\/centros.uepb.edu.br\/ccbsa\/files\/2019\/07\/Cola\u00e7\u00e3o-2019.1-JP-10-300x162.jpg 300w, https:\/\/centros.uepb.edu.br\/ccbsa\/files\/2019\/07\/Cola\u00e7\u00e3o-2019.1-JP-10-768x415.jpg 768w, https:\/\/centros.uepb.edu.br\/ccbsa\/files\/2019\/07\/Cola\u00e7\u00e3o-2019.1-JP-10-370x200.jpg 370w\" sizes=\"auto, (max-width: 840px) 100vw, 840px\" \/><\/a>\n\t\t\t<\/dt><\/dl><dl class='gallery-item'>\n\t\t\t<dt class='gallery-icon landscape'>\n\t\t\t\t<a href='https:\/\/centros.uepb.edu.br\/ccbsa\/files\/2019\/07\/Cola\u00e7\u00e3o-2019.1-JP-12.jpg'><img loading=\"lazy\" decoding=\"async\" width=\"840\" height=\"454\" src=\"https:\/\/centros.uepb.edu.br\/ccbsa\/files\/2019\/07\/Cola\u00e7\u00e3o-2019.1-JP-12.jpg\" class=\"attachment-full size-full\" alt=\"\" srcset=\"https:\/\/centros.uepb.edu.br\/ccbsa\/files\/2019\/07\/Cola\u00e7\u00e3o-2019.1-JP-12.jpg 840w, https:\/\/centros.uepb.edu.br\/ccbsa\/files\/2019\/07\/Cola\u00e7\u00e3o-2019.1-JP-12-300x162.jpg 300w, https:\/\/centros.uepb.edu.br\/ccbsa\/files\/2019\/07\/Cola\u00e7\u00e3o-2019.1-JP-12-768x415.jpg 768w, https:\/\/centros.uepb.edu.br\/ccbsa\/files\/2019\/07\/Cola\u00e7\u00e3o-2019.1-JP-12-370x200.jpg 370w\" sizes=\"auto, (max-width: 840px) 100vw, 840px\" \/><\/a>\n\t\t\t<\/dt><\/dl><dl class='gallery-item'>\n\t\t\t<dt class='gallery-icon landscape'>\n\t\t\t\t<a href='https:\/\/centros.uepb.edu.br\/ccbsa\/files\/2019\/07\/Cola\u00e7\u00e3o-2019.1-JP-13.jpg'><img loading=\"lazy\" decoding=\"async\" width=\"840\" height=\"454\" src=\"https:\/\/centros.uepb.edu.br\/ccbsa\/files\/2019\/07\/Cola\u00e7\u00e3o-2019.1-JP-13.jpg\" class=\"attachment-full size-full\" alt=\"\" srcset=\"https:\/\/centros.uepb.edu.br\/ccbsa\/files\/2019\/07\/Cola\u00e7\u00e3o-2019.1-JP-13.jpg 840w, https:\/\/centros.uepb.edu.br\/ccbsa\/files\/2019\/07\/Cola\u00e7\u00e3o-2019.1-JP-13-300x162.jpg 300w, https:\/\/centros.uepb.edu.br\/ccbsa\/files\/2019\/07\/Cola\u00e7\u00e3o-2019.1-JP-13-768x415.jpg 768w, https:\/\/centros.uepb.edu.br\/ccbsa\/files\/2019\/07\/Cola\u00e7\u00e3o-2019.1-JP-13-370x200.jpg 370w\" sizes=\"auto, (max-width: 840px) 100vw, 840px\" \/><\/a>\n\t\t\t<\/dt><\/dl><br style=\"clear: both\" \/><dl class='gallery-item'>\n\t\t\t<dt class='gallery-icon landscape'>\n\t\t\t\t<a href='https:\/\/centros.uepb.edu.br\/ccbsa\/files\/2019\/07\/Cola\u00e7\u00e3o-2019.1-JP-15.jpg'><img loading=\"lazy\" decoding=\"async\" width=\"840\" height=\"454\" src=\"https:\/\/centros.uepb.edu.br\/ccbsa\/files\/2019\/07\/Cola\u00e7\u00e3o-2019.1-JP-15.jpg\" class=\"attachment-full size-full\" alt=\"\" srcset=\"https:\/\/centros.uepb.edu.br\/ccbsa\/files\/2019\/07\/Cola\u00e7\u00e3o-2019.1-JP-15.jpg 840w, https:\/\/centros.uepb.edu.br\/ccbsa\/files\/2019\/07\/Cola\u00e7\u00e3o-2019.1-JP-15-300x162.jpg 300w, https:\/\/centros.uepb.edu.br\/ccbsa\/files\/2019\/07\/Cola\u00e7\u00e3o-2019.1-JP-15-768x415.jpg 768w, https:\/\/centros.uepb.edu.br\/ccbsa\/files\/2019\/07\/Cola\u00e7\u00e3o-2019.1-JP-15-370x200.jpg 370w\" sizes=\"auto, (max-width: 840px) 100vw, 840px\" \/><\/a>\n\t\t\t<\/dt><\/dl><dl class='gallery-item'>\n\t\t\t<dt class='gallery-icon landscape'>\n\t\t\t\t<a href='https:\/\/centros.uepb.edu.br\/ccbsa\/files\/2019\/07\/Cola\u00e7\u00e3o-2019.1-JP-16.jpg'><img loading=\"lazy\" decoding=\"async\" width=\"840\" height=\"454\" src=\"https:\/\/centros.uepb.edu.br\/ccbsa\/files\/2019\/07\/Cola\u00e7\u00e3o-2019.1-JP-16.jpg\" class=\"attachment-full size-full\" alt=\"\" srcset=\"https:\/\/centros.uepb.edu.br\/ccbsa\/files\/2019\/07\/Cola\u00e7\u00e3o-2019.1-JP-16.jpg 840w, https:\/\/centros.uepb.edu.br\/ccbsa\/files\/2019\/07\/Cola\u00e7\u00e3o-2019.1-JP-16-300x162.jpg 300w, https:\/\/centros.uepb.edu.br\/ccbsa\/files\/2019\/07\/Cola\u00e7\u00e3o-2019.1-JP-16-768x415.jpg 768w, https:\/\/centros.uepb.edu.br\/ccbsa\/files\/2019\/07\/Cola\u00e7\u00e3o-2019.1-JP-16-370x200.jpg 370w\" sizes=\"auto, (max-width: 840px) 100vw, 840px\" \/><\/a>\n\t\t\t<\/dt><\/dl><dl class='gallery-item'>\n\t\t\t<dt class='gallery-icon landscape'>\n\t\t\t\t<a href='https:\/\/centros.uepb.edu.br\/ccbsa\/files\/2019\/07\/Cola\u00e7\u00e3o-2019.1-JP-18.jpg'><img loading=\"lazy\" decoding=\"async\" width=\"840\" height=\"454\" src=\"https:\/\/centros.uepb.edu.br\/ccbsa\/files\/2019\/07\/Cola\u00e7\u00e3o-2019.1-JP-18.jpg\" class=\"attachment-full size-full\" alt=\"\" srcset=\"https:\/\/centros.uepb.edu.br\/ccbsa\/files\/2019\/07\/Cola\u00e7\u00e3o-2019.1-JP-18.jpg 840w, https:\/\/centros.uepb.edu.br\/ccbsa\/files\/2019\/07\/Cola\u00e7\u00e3o-2019.1-JP-18-300x162.jpg 300w, https:\/\/centros.uepb.edu.br\/ccbsa\/files\/2019\/07\/Cola\u00e7\u00e3o-2019.1-JP-18-768x415.jpg 768w, https:\/\/centros.uepb.edu.br\/ccbsa\/files\/2019\/07\/Cola\u00e7\u00e3o-2019.1-JP-18-370x200.jpg 370w\" sizes=\"auto, (max-width: 840px) 100vw, 840px\" \/><\/a>\n\t\t\t<\/dt><\/dl><br style=\"clear: both\" \/><dl class='gallery-item'>\n\t\t\t<dt class='gallery-icon landscape'>\n\t\t\t\t<a href='https:\/\/centros.uepb.edu.br\/ccbsa\/files\/2019\/07\/Cola\u00e7\u00e3o-2019.1-JP-20.jpg'><img loading=\"lazy\" decoding=\"async\" width=\"840\" height=\"454\" src=\"https:\/\/centros.uepb.edu.br\/ccbsa\/files\/2019\/07\/Cola\u00e7\u00e3o-2019.1-JP-20.jpg\" class=\"attachment-full size-full\" alt=\"\" srcset=\"https:\/\/centros.uepb.edu.br\/ccbsa\/files\/2019\/07\/Cola\u00e7\u00e3o-2019.1-JP-20.jpg 840w, https:\/\/centros.uepb.edu.br\/ccbsa\/files\/2019\/07\/Cola\u00e7\u00e3o-2019.1-JP-20-300x162.jpg 300w, https:\/\/centros.uepb.edu.br\/ccbsa\/files\/2019\/07\/Cola\u00e7\u00e3o-2019.1-JP-20-768x415.jpg 768w, https:\/\/centros.uepb.edu.br\/ccbsa\/files\/2019\/07\/Cola\u00e7\u00e3o-2019.1-JP-20-370x200.jpg 370w\" sizes=\"auto, (max-width: 840px) 100vw, 840px\" \/><\/a>\n\t\t\t<\/dt><\/dl><dl class='gallery-item'>\n\t\t\t<dt class='gallery-icon landscape'>\n\t\t\t\t<a href='https:\/\/centros.uepb.edu.br\/ccbsa\/files\/2019\/07\/Cola\u00e7\u00e3o-2019.1-JP-21.jpg'><img loading=\"lazy\" decoding=\"async\" width=\"840\" height=\"454\" src=\"https:\/\/centros.uepb.edu.br\/ccbsa\/files\/2019\/07\/Cola\u00e7\u00e3o-2019.1-JP-21.jpg\" class=\"attachment-full size-full\" alt=\"\" srcset=\"https:\/\/centros.uepb.edu.br\/ccbsa\/files\/2019\/07\/Cola\u00e7\u00e3o-2019.1-JP-21.jpg 840w, https:\/\/centros.uepb.edu.br\/ccbsa\/files\/2019\/07\/Cola\u00e7\u00e3o-2019.1-JP-21-300x162.jpg 300w, https:\/\/centros.uepb.edu.br\/ccbsa\/files\/2019\/07\/Cola\u00e7\u00e3o-2019.1-JP-21-768x415.jpg 768w, https:\/\/centros.uepb.edu.br\/ccbsa\/files\/2019\/07\/Cola\u00e7\u00e3o-2019.1-JP-21-370x200.jpg 370w\" sizes=\"auto, (max-width: 840px) 100vw, 840px\" \/><\/a>\n\t\t\t<\/dt><\/dl>\n\t\t\t<br style='clear: both' \/>\n\t\t<\/div>\n\n<p>O valor da educa\u00e7\u00e3o p\u00fablica e a necessidade de defesa das universidades brasileiras foram elementos que, associados \u00e0s mem\u00f3rias e declara\u00e7\u00f5es de alegria e supera\u00e7\u00e3o, marcaram os discursos da Cola\u00e7\u00e3o de Grau do per\u00edodo letivo 2019.1 do C\u00e2mpus V da Universidade Estadual da Para\u00edba, realizada na manh\u00e3 desta ter\u00e7a-feira, 23 de julho, em Jo\u00e3o Pessoa. Ao todo, a solenidade formou 42 novos profissionais das \u00e1reas de Administra\u00e7\u00e3o P\u00fablica, Arquivologia, Ci\u00eancias Biol\u00f3gicas e Rela\u00e7\u00f5es Internacionais. A abertura do evento contou com a execu\u00e7\u00e3o do Hino Nacional pelos m\u00fasicos Luizinho Calixto, Edvan Ferreira e Caio C\u00e9sar.<\/p>\n<p>A solenidade foi presidida pelo pr\u00f3-reitor de Gradua\u00e7\u00e3o, Eli Brand\u00e3o, que representou o reitor Rangel Junior. Tamb\u00e9m compuseram a mesa de honra, a Paraninfa Geral das turmas concluintes, professora Maria de F\u00e1tima Ara\u00fajo; a diretora do Centro de Ci\u00eancias Biol\u00f3gicas e Sociais Aplicadas (CCBSA), professora Jacqueline Echeverr\u00eda; o representante da Secretaria Estadual de Educa\u00e7\u00e3o, T\u00falio Serrano; a secret\u00e1ria-executiva de Economia Solid\u00e1ria do Governo do Estado, Roseane Meira; a representante da Academia Paraibana de Letras, Gl\u00f3ria Virg\u00ednia; a vereadora de Jo\u00e3o Pessoa, Sandra Marrocos; a coordenadora do Polo de Educa\u00e7\u00e3o a Dist\u00e2ncia da UEPB em Jo\u00e3o Pessoa, Maria Suely Mesquita; o coordenador do Curso de Arquivologia, professor Henrique Fran\u00e7a; o coordenador do Curso de Ci\u00eancias Biol\u00f3gicas, Cleber Salimon e a coordenadora da gradua\u00e7\u00e3o em Rela\u00e7\u00f5es Internacionais, Raquel Melo.<\/p>\n<p>A estudante Marini Nascimento de Lima, do Curso de Ci\u00eancias Biol\u00f3gicas, foi a juramentista da cerim\u00f4nia. Emocionada, a Oradora Oficial das turmas concluintes, a formanda do Curso de Arquivologia Maria Eduarda Santos, destacou a trajet\u00f3ria de supera\u00e7\u00e3o dos concluintes, resgatou lembran\u00e7as da trajet\u00f3ria estudantil e fez votos de sucesso para os demais formandos. \u201cJ\u00e1 dizia Isaac Newton: \u2018se vi mais longe foi por estar sobre ombros de gigantes\u2019. Se adaptarmos esse pensamento para nossa realidade, entendo que conclu\u00edmos a gradua\u00e7\u00e3o com a contribui\u00e7\u00e3o da nossa fam\u00edlia, amigos e dos nossos professores. Sem eles nada disso seria poss\u00edvel. Tamb\u00e9m destaco que n\u00e3o devemos deixar de sonhar e acreditar nos nossos sonhos. Busquemos evoluir intelectualmente, profissionalmente e como seres humanos. E lembremos sempre de valorizar a universidade p\u00fablica\u201d, destacou Maria Eduarda.<\/p>\n<p>Com forma\u00e7\u00e3o acad\u00eamica em Servi\u00e7o Social e uma trajet\u00f3ria pessoal e profissional de milit\u00e2ncia nas causas sociais, a Paraninfa, professora Maria de F\u00e1tima Ara\u00fajo, fez um discurso permeado por discuss\u00f5es sobre o cen\u00e1rio pol\u00edtico, econ\u00f4mico e sociocultural da atualidade. \u201cAo sa\u00edrem daqui voc\u00eas ir\u00e3o se deparar com a realidade do desemprego, limita\u00e7\u00e3o de concursos p\u00fablicos, intelig\u00eancia artificial e automa\u00e7\u00e3o rob\u00f3tica substituindo os humanos no mercado de trabalho, Reforma da Previd\u00eancia que retira direitos dos trabalhadores, cortes em verbas para a Educa\u00e7\u00e3o. O cen\u00e1rio que se desenha para o futuro \u00e9 de d\u00favidas e incertezas. E o que fazer diante dessa conjuntura nacional e internacional t\u00e3o conturbada e desse momento em que a humanidade parece ter uma tend\u00eancia ao desalento? Mesmo diante desse cen\u00e1rio posto \u00e9 preciso fazer o que voc\u00eas fizeram desde que ingressaram no curso: \u00e9 preciso lutar, persistir e ir \u00e0 vit\u00f3ria. Sejam a resist\u00eancia de supera\u00e7\u00e3o daquilo que prejudica o povo brasileiro, sejam os sujeitos da pr\u00f3pria hist\u00f3ria, os motores das transforma\u00e7\u00f5es\u201d, destacou.<\/p>\n<p>Em seu discurso, o professor Eli Brand\u00e3o destacou a import\u00e2ncia desse momento para a UEPB e enfatizou a necessidade dos formandos enxergarem a cerim\u00f4nia como um rito de passagem e um novo ponto de partida. \u201cVivemos hoje um momento singular n\u00e3o s\u00f3 para os formandos e familiares, mas para a UEPB, porque \u00e9 uma oportunidade de presta\u00e7\u00e3o de contas do nosso trabalho, devolvendo \u00e0 sociedade profissionais capacitados, cidad\u00e3os de v\u00e1rias localidades, classes sociais e culturas. A UEPB e a maior parte de todos que est\u00e3o aqui hoje, \u00e9 Para\u00edba, Nordeste e Brasil com muito orgulho. N\u00e3o h\u00e1 uma s\u00f3 cidade da Para\u00edba em que n\u00e3o haja uma pessoa que estuda ou estudou na UEPB, o que refor\u00e7a a import\u00e2ncia da nossa Institui\u00e7\u00e3o para a sociedade paraibana\u201d, declarou.<\/p>\n<p>O pr\u00f3-reitor refletiu sobre o momento desafiador que as universidades e a sociedade brasileira est\u00e3o vivenciando na atualidade. \u201c\u00c9 preocupante o cen\u00e1rio que temos visto desde 2014 no nosso pa\u00eds. Vivemos hoje uma das piores crises da nossa hist\u00f3ria, a situa\u00e7\u00e3o envolve quest\u00f5es sociais, pol\u00edticas, jur\u00eddicas e econ\u00f4micas que abalam bases constitucionais e democr\u00e1ticas. H\u00e1 uma fal\u00e1cia suicida de que \u00e9 preciso conter gastos p\u00fablicos e h\u00e1 uma deliberada quantidade de a\u00e7\u00f5es destrutivas depreciando o trabalho docente e cortando verbas, o que inviabiliza o funcionamento das universidades. Nesse sentido, destacamos que a universidade p\u00fablica n\u00e3o est\u00e1 a servi\u00e7o, como alguns dizem, de partidos pol\u00edticos, nem de elite econ\u00f4mica, tampouco de interesses de Governo, mas, sim, serve aos interesses da sociedade que a financia. Por tudo isso, considero urgente uma rea\u00e7\u00e3o da sociedade civil e dos grupos pol\u00edticos organizados, independente de r\u00f3tulos partid\u00e1rios, para garantir que a universidade p\u00fablica sobreviva\u201d, refletiu.<\/p>\n<p>A diretora do CCBSA, professora Jacqueline Echeverr\u00eda, tamb\u00e9m destacou a import\u00e2ncia da universidade p\u00fablica gratuita e o valor do conhecimento. \u201cNesse momento expresso o meu desejo a todos os formandos para que seus esp\u00edritos aguerridos sejam de luta por ideais, de uma justi\u00e7a social e democracia. N\u00e3o esque\u00e7am a origem da forma\u00e7\u00e3o de voc\u00eas e estejam comprometidos com a defesa da universidade p\u00fablica. E, a partir de agora aproveitem o presente, vivam intensamente a vida de voc\u00eas e desempenhem suas profiss\u00f5es com responsabilidade, probidade e solidez\u201d, declarou.<\/p>\n<p>Ap\u00f3s os discursos foram conferidos os graus acad\u00eamicos. Os formandos Abraham Lincoln Costa (Administra\u00e7\u00e3o P\u00fablica), Vit\u00f3ria Gomes de Carvalho (Arquivologia), Damara Freitas Rodrigues (Ci\u00eancias Biol\u00f3gicas) e Emilly Monteiro Alves (Rela\u00e7\u00f5es Internacionais), colaram grau representando os demais concluintes. Na oportunidade tamb\u00e9m foi entregue a \u201cL\u00e1urea Acad\u00eamica\u201d, destinada aos estudantes com maior Coeficiente de Rendimento Escolar (CRE) de cada curso, sendo necess\u00e1ria a m\u00e9dia m\u00ednima de 8,0 para concorrer. Os estudantes Bonaldo Fernando Alves Filho, de Arquivologia, e Eduardo Aparecido Toledo, de Rela\u00e7\u00f5es Internacionais, foram os agraciados com a homenagem.<\/p>\n<p><em><strong>Texto:<\/strong>\u00a0Juliana Marques<br \/>\n<strong>Fotos:<\/strong>\u00a0Paizinha Lemos<\/em><\/p>\n","protected":false},"excerpt":{"rendered":"<p>O valor da educa\u00e7\u00e3o p\u00fablica e a necessidade de defesa das universidades brasileiras foram elementos que, associados \u00e0s mem\u00f3rias e declara\u00e7\u00f5es de alegria e supera\u00e7\u00e3o, marcaram os discursos da Cola\u00e7\u00e3o de Grau do per\u00edodo letivo 2019.1 do C\u00e2mpus V da Universidade Estadual da Para\u00edba, realizada na manh\u00e3 desta ter\u00e7a-feira, 23 de julho, em Jo\u00e3o Pessoa. <a class=\"leiamais\" href=\"https:\/\/centros.uepb.edu.br\/ccbsa\/ccbsa-forma-novos-profissionais-de-adm-publica-arquivologia-ciencias-biologicas-e-relacoes-internacionais\/\">Leia Mais&#8230;<\/a><\/p>\n","protected":false},"author":8,"featured_media":6264,"comment_status":"closed","ping_status":"closed","sticky":false,"template":"","format":"standard","meta":{"footnotes":""},"categories":[3,11],"tags":[],"class_list":["post-6263","post","type-post","status-publish","format-standard","has-post-thumbnail","hentry","category-noticias","category-noticias-destaque-img"],"jetpack_featured_media_url":"https:\/\/centros.uepb.edu.br\/ccbsa\/files\/2019\/07\/Cola\u00e7\u00e3o-2019.1-JP-1.jpg","_links":{"self":[{"href":"https:\/\/centros.uepb.edu.br\/ccbsa\/wp-json\/wp\/v2\/posts\/6263","targetHints":{"allow":["GET"]}}],"collection":[{"href":"https:\/\/centros.uepb.edu.br\/ccbsa\/wp-json\/wp\/v2\/posts"}],"about":[{"href":"https:\/\/centros.uepb.edu.br\/ccbsa\/wp-json\/wp\/v2\/types\/post"}],"author":[{"embeddable":true,"href":"https:\/\/centros.uepb.edu.br\/ccbsa\/wp-json\/wp\/v2\/users\/8"}],"replies":[{"embeddable":true,"href":"https:\/\/centros.uepb.edu.br\/ccbsa\/wp-json\/wp\/v2\/comments?post=6263"}],"version-history":[{"count":0,"href":"https:\/\/centros.uepb.edu.br\/ccbsa\/wp-json\/wp\/v2\/posts\/6263\/revisions"}],"wp:featuredmedia":[{"embeddable":true,"href":"https:\/\/centros.uepb.edu.br\/ccbsa\/wp-json\/wp\/v2\/media\/6264"}],"wp:attachment":[{"href":"https:\/\/centros.uepb.edu.br\/ccbsa\/wp-json\/wp\/v2\/media?parent=6263"}],"wp:term":[{"taxonomy":"category","embeddable":true,"href":"https:\/\/centros.uepb.edu.br\/ccbsa\/wp-json\/wp\/v2\/categories?post=6263"},{"taxonomy":"post_tag","embeddable":true,"href":"https:\/\/centros.uepb.edu.br\/ccbsa\/wp-json\/wp\/v2\/tags?post=6263"}],"curies":[{"name":"wp","href":"https:\/\/api.w.org\/{rel}","templated":true}]}}