{"id":6251,"date":"2019-07-05T14:17:16","date_gmt":"2019-07-05T14:17:16","guid":{"rendered":"https:\/\/centros.uepb.edu.br\/ccbsa\/?p=6251"},"modified":"2019-07-05T14:17:16","modified_gmt":"2019-07-05T14:17:16","slug":"professora-maria-de-fatima-araujo-e-eleita-paraninfa-das-turmas-concluintes-do-ccbsa-do-periodo-letivo-2019-1","status":"publish","type":"post","link":"https:\/\/centros.uepb.edu.br\/ccbsa\/professora-maria-de-fatima-araujo-e-eleita-paraninfa-das-turmas-concluintes-do-ccbsa-do-periodo-letivo-2019-1\/","title":{"rendered":"Professora Maria de F\u00e1tima Ara\u00fajo \u00e9 eleita paraninfa das turmas concluintes do CCBSA do per\u00edodo letivo 2019.1"},"content":{"rendered":"<p>&nbsp;<\/p>\n<p><a href=\"https:\/\/centros.uepb.edu.br\/ccbsa\/files\/2019\/07\/DSC03905.jpg\"><img loading=\"lazy\" decoding=\"async\" class=\"aligncenter wp-image-6253 size-full img-responsive\" src=\"https:\/\/centros.uepb.edu.br\/ccbsa\/files\/2019\/07\/DSC03905.jpg\" alt=\"\" width=\"840\" height=\"454\" srcset=\"https:\/\/centros.uepb.edu.br\/ccbsa\/files\/2019\/07\/DSC03905.jpg 840w, https:\/\/centros.uepb.edu.br\/ccbsa\/files\/2019\/07\/DSC03905-300x162.jpg 300w, https:\/\/centros.uepb.edu.br\/ccbsa\/files\/2019\/07\/DSC03905-768x415.jpg 768w, https:\/\/centros.uepb.edu.br\/ccbsa\/files\/2019\/07\/DSC03905-370x200.jpg 370w\" sizes=\"auto, (max-width: 840px) 100vw, 840px\" \/><\/a><\/p>\n<p>Com uma trajet\u00f3ria de mais de trinta anos de doc\u00eancia na Universidade Estadual da Para\u00edba (UEPB), parte desse per\u00edodo vinculada ao curso de Ci\u00eancias Biol\u00f3gicas do Campus V, a professora Maria de F\u00e1tima Ara\u00fajo, foi escolhida como a paraninfa das turmas concluintes do Centro de Ci\u00eancias Biol\u00f3gicas e Sociais Aplicadas (CCBSA), per\u00edodo letivo 2019.1.<\/p>\n<p>A docente, cuja forma\u00e7\u00e3o acad\u00eamica ocorreu na UEPB, onde ingressou para o curso de gradua\u00e7\u00e3o em Servi\u00e7o Social em 1981, militou no movimento estudantil, tendo passado pelo centro acad\u00eamico de Servi\u00e7o Social e Diret\u00f3rio Central dos Estudantes da UEPB, retornou \u00e0 institui\u00e7\u00e3o como professora substituta em 1988, tendo atuado ainda como militante do Sindicato dos Docentes, diretora do Centro de Ci\u00eancias Sociais Aplicadas, Pro-reitora de Gradua\u00e7\u00e3o, Coordenadora de P\u00f3s-Gradua\u00e7\u00e3o Lato Sensu, entre outras atribui\u00e7\u00f5es.<\/p>\n<p>Atualmente, a professora F\u00e1tima Ara\u00fajo atua como representante da UEPB no F\u00f3rum Estadual de Educa\u00e7\u00e3o, membro do Conselho Social da UEPB, e \u00e9 respons\u00e1vel por coordenar o projeto\u00a0\u201cMobiliza\u00e7\u00e3o, inclus\u00e3o e forma\u00e7\u00e3o de catadores\/as de materiais recicl\u00e1veis da cidade de Jo\u00e3o Pessoa: uma experi\u00eancia necess\u00e1ria\u201d, que h\u00e1 mais de 6 anos atua ajudando a dar dignidade e melhores condi\u00e7\u00f5es de vida por meio de a\u00e7\u00f5es de formaliza\u00e7\u00e3o e organiza\u00e7\u00e3o em cooperativas, alfabetiza\u00e7\u00e3o e letramento de centenas de catadores de materiais recicl\u00e1veis da Zona da Mata (Jo\u00e3o Pessoa, Bayeux e Santa Rita).<\/p>\n<p>&#8220;Eu fiquei muito feliz por este convite, vejo que \u00e9 um reconhecimento do nosso trabalho acad\u00eamico, desenvolvido h\u00e1 30 anos na\u00a0 Universidade Estadual da Para\u00edba. \u00c9 muito importante ser escolhida para dar a \u00faltima orienta\u00e7\u00e3o a estes alunos na cerim\u00f4nia de Cola\u00e7\u00e3o de Grau. Numa conjuntura t\u00e3o dif\u00edcil do ponto de vista econ\u00f4mico e pol\u00edtico, com o desemprego atingindo 13,4\u00a0 milh\u00f5es de pessoas, eles concluem uma etapa importante na forma\u00e7\u00e3o profissional. Isto nos preocupa e nos chama aten\u00e7\u00e3o para uma nova leitura do que est\u00e1 acontecendo no Brasil, considerando, tamb\u00e9m, que a oportunidade dos alunos darem continuidade \u00e0 sua forma\u00e7\u00e3o, na busca da p\u00f3s gradua\u00e7\u00e3o, tamb\u00e9m est\u00e1 comprometida, em virtude dos cortes na educa\u00e7\u00e3o brasileira. Portanto, entendemos que\u00a0 este\u00a0 t\u00edtulo tamb\u00e9m nos coloca diante de uma responsabilidade de\u00a0 apresentar para essa gera\u00e7\u00e3o que se forma neste contexto de grandes desafios, um olhar de esperan\u00e7a, mesmo diante de tudo que est\u00e1\u00a0 acontecendo no Brasil e no mundo. Acredito que essa realidade \u00e9 poss\u00edvel ser revertida com a educa\u00e7\u00e3o e com o conhecimento&#8221;, reflete a professora F\u00e1tima Ara\u00fajo.<\/p>\n<p>A cola\u00e7\u00e3o de grau do Centro de Ci\u00eancias Biol\u00f3gicas e Sociais Aplicadas da Universidade Estadual da Para\u00edba (UEPB) do per\u00edodo letivo 2019.1 ser\u00e1 realizada no dia 23 de julho, \u00e0s 10h, no audit\u00f3rio do Centro de Forma\u00e7\u00e3o de Educadores Professora Elisa Bezerra Mineiros, localizada \u00e0 Rua Rita Xavier de Oliveira S\/N, Mangabeira.<\/p>\n<p>At\u00e9 o dia 23 de julho, das 8 \u00e0s 20h, os formandos devem comparecer \u00e0 secretaria de centro, para a retirada das becas que usar\u00e3o durante a cerim\u00f4nia de cola\u00e7\u00e3o de grau. Para tanto, \u00e9 necess\u00e1rio que aluno tenha cumprido os pre-requisitos de conclus\u00e3o do curso (integraliza\u00e7\u00e3o dos cr\u00e9ditos e defesa do TCC) e a assinatura de um termo de compromisso em que o formando e responsabiliza pela devolu\u00e7\u00e3o da vestimenta.<\/p>\n<p>Em reuni\u00e3o realizada junto ao cerimonial da UEPB no dia 16 de maio, foram escolhidos os formandos Vit\u00f3ria Gomes de Carvalho (Arquivologia), Damara Freitas Rodrigues (Ci\u00eancias Biol\u00f3gicas) e Jarbele de Costa Silva (Rela\u00e7\u00f5es Internacionais), para colar grau representando os demais concluintes. A formanda Juliana Sales de Freitas do curso de Ci\u00eancias Biol\u00f3gicas, ser\u00e1 a juramentista e a concluinte de Arquivologia Maria Eduarda de Oliveira santos ser\u00e1 a oradora. A paraninfa das turmas concluintes ser\u00e1 a professora do curso de Ci\u00eancias Biol\u00f3gicas Maria de F\u00e1tima Ara\u00fajo.<\/p>\n<p><em><strong>Texto e foto:<\/strong> Juliana Marques<\/em><\/p>\n","protected":false},"excerpt":{"rendered":"<p>&nbsp; Com uma trajet\u00f3ria de mais de trinta anos de doc\u00eancia na Universidade Estadual da Para\u00edba (UEPB), parte desse per\u00edodo vinculada ao curso de Ci\u00eancias Biol\u00f3gicas do Campus V, a professora Maria de F\u00e1tima Ara\u00fajo, foi escolhida como a paraninfa das turmas concluintes do Centro de Ci\u00eancias Biol\u00f3gicas e Sociais Aplicadas (CCBSA), per\u00edodo letivo 2019.1. <a class=\"leiamais\" href=\"https:\/\/centros.uepb.edu.br\/ccbsa\/professora-maria-de-fatima-araujo-e-eleita-paraninfa-das-turmas-concluintes-do-ccbsa-do-periodo-letivo-2019-1\/\">Leia Mais&#8230;<\/a><\/p>\n","protected":false},"author":8,"featured_media":6253,"comment_status":"closed","ping_status":"closed","sticky":false,"template":"","format":"standard","meta":{"footnotes":""},"categories":[3,11],"tags":[],"class_list":["post-6251","post","type-post","status-publish","format-standard","has-post-thumbnail","hentry","category-noticias","category-noticias-destaque-img"],"jetpack_featured_media_url":"https:\/\/centros.uepb.edu.br\/ccbsa\/files\/2019\/07\/DSC03905.jpg","_links":{"self":[{"href":"https:\/\/centros.uepb.edu.br\/ccbsa\/wp-json\/wp\/v2\/posts\/6251","targetHints":{"allow":["GET"]}}],"collection":[{"href":"https:\/\/centros.uepb.edu.br\/ccbsa\/wp-json\/wp\/v2\/posts"}],"about":[{"href":"https:\/\/centros.uepb.edu.br\/ccbsa\/wp-json\/wp\/v2\/types\/post"}],"author":[{"embeddable":true,"href":"https:\/\/centros.uepb.edu.br\/ccbsa\/wp-json\/wp\/v2\/users\/8"}],"replies":[{"embeddable":true,"href":"https:\/\/centros.uepb.edu.br\/ccbsa\/wp-json\/wp\/v2\/comments?post=6251"}],"version-history":[{"count":0,"href":"https:\/\/centros.uepb.edu.br\/ccbsa\/wp-json\/wp\/v2\/posts\/6251\/revisions"}],"wp:featuredmedia":[{"embeddable":true,"href":"https:\/\/centros.uepb.edu.br\/ccbsa\/wp-json\/wp\/v2\/media\/6253"}],"wp:attachment":[{"href":"https:\/\/centros.uepb.edu.br\/ccbsa\/wp-json\/wp\/v2\/media?parent=6251"}],"wp:term":[{"taxonomy":"category","embeddable":true,"href":"https:\/\/centros.uepb.edu.br\/ccbsa\/wp-json\/wp\/v2\/categories?post=6251"},{"taxonomy":"post_tag","embeddable":true,"href":"https:\/\/centros.uepb.edu.br\/ccbsa\/wp-json\/wp\/v2\/tags?post=6251"}],"curies":[{"name":"wp","href":"https:\/\/api.w.org\/{rel}","templated":true}]}}