{"id":624,"date":"2013-08-07T17:53:57","date_gmt":"2013-08-07T17:53:57","guid":{"rendered":"\/ccbsa\/?p=624"},"modified":"2013-08-08T14:51:31","modified_gmt":"2013-08-08T14:51:31","slug":"uepb-sedia-minicursos-da-conferencia-internacional-de-direitos-humanos","status":"publish","type":"post","link":"https:\/\/centros.uepb.edu.br\/ccbsa\/uepb-sedia-minicursos-da-conferencia-internacional-de-direitos-humanos\/","title":{"rendered":"UEPB sedia minicursos da Confer\u00eancia Internacional de Direitos Humanos"},"content":{"rendered":"<p><a href=\"http:\/\/centros.ascom.uepb.edu.br\/ccbsa\/files\/2013\/08\/DSC04101ed.jpg\"><img loading=\"lazy\" decoding=\"async\" class=\"size-thumbnail wp-image-649 alignleft img-responsive\" alt=\"DSC04101ed\" src=\"http:\/\/centros.ascom.uepb.edu.br\/ccbsa\/files\/2013\/08\/DSC04101ed-150x150.jpg\" width=\"150\" height=\"150\" \/><\/a>Com o intuito de discutir a tem\u00e1tica da prote\u00e7\u00e3o internacional da pessoa humana, Jo\u00e3o Pessoa sedia, de 8 a 10 de agosto, a 1\u00aa Confer\u00eancia Internacional de Direitos Humanos, que contar\u00e1 com mesas de discuss\u00e3o, apresenta\u00e7\u00e3o de trabalhos e minicursos, estes \u00faltimos a serem realizados nesta quinta-feira (8), \u00e0s 8h, 10h15 e 15h, nas depend\u00eancias do Campus V da Universidade Estadual da Para\u00edba, localizado \u00e0 Rua Hor\u00e1cio Trajano de Oliveira, s\/n, Cristo. As demais atividades ocorrem no audit\u00f3rio do Centro de Ci\u00eancias Jur\u00eddicas da UFPB.<\/p>\n<p>Os minicursos a serem realizados na UEPB abordar\u00e3o o controle da convencionalidade, o uso excessivo da for\u00e7a e experi\u00eancias comparadas, temas a serem discutidos pela pesquisadora Karla Quintana; leis de anistia e jurisdi\u00e7\u00e3o militar, tendo como ministrante o professor Francisco Quintana e direito dos povos ind\u00edgenas, minicurso a ser ministrado pelo professor Daniel Cerqueira. Os participantes nos minicursos recebem certificado de participa\u00e7\u00e3o de 6 horas\/aula.<\/p>\n<p>Na sexta-feira, 9 de agosto, \u00e0s 9h, ser\u00e1 realizada a mesa \u201cA atua\u00e7\u00e3o da comiss\u00e3o e da corte interamericana de direitos humanos na prote\u00e7\u00e3o internacional da pessoa humana\u201d, presidida pela professora Giuliana Dias Vieira, tendo como debatedora a professora Alice Rocha da Silva e com a participa\u00e7\u00e3o da ex-integrante da Comiss\u00e3o Interamericana de Direitos Humanos em Washington, Karla Quintana, que discutir\u00e1 as decis\u00f5es da corte e as recomenda\u00e7\u00f5es da comiss\u00e3o interamericana, e do advogado da Comiss\u00e3o Interamericana de Direitos Humanos em Washington, Leonardo Hidaka, que tratar\u00e1 da corte interamericana de direitos humanos, a constru\u00e7\u00e3o jurisprudencial, a exequibilidade e efetividade de suas decis\u00f5es.<\/p>\n<p>Ainda na sexta-feira, \u00e0s 19h, ser\u00e1 realizada a mesa \u201cAs estrat\u00e9gias para a constru\u00e7\u00e3o da defesa de direitos humanos no sistema interamericano\u201d, presidida pelo pesquisador Carlos Frederico Farias, contando com a participa\u00e7\u00e3o da professora Andrea Pacheco Pac\u00edfico como debatedora, e tendo como palestrantes o diretor do Programa da Am\u00e9rica do Norte e da regi\u00e3o do Caribe no Centro pela Justi\u00e7a e Direito Internacional (CEJIL), que discutir\u00e1 o protagonismo da CEJIL na prote\u00e7\u00e3o dos direitos humanos no continente americano, e o advogado da Comiss\u00e3o Interamericana de Direitos Humanos em Washington, Daniel Cerqueira, que tratar\u00e1 da comiss\u00e3o e constru\u00e7\u00e3o de n\u00facleos de direitos humanos na Am\u00e9rica Latina.<\/p>\n<p>A \u00faltima mesa \u201cAs estrat\u00e9gias para constru\u00e7\u00e3o da defesa de direitos humanos no sistema interamericano\u201d, ser\u00e1 realizada no dia 10 de agosto, \u00e0s 9h30, ser\u00e1 presidida pelo professor Marc\u00edlio Franca Filho, e ter\u00e1 como palestrantes o p\u00f3s-doutor em direito pela UFPE e Sub-procurador da Rep\u00fablica, Luciano Mariz Maia, e o ex-ministro do Supremo Tribunal Federal e ex-juiz da corte internacional de Justi\u00e7a, Francisco Rezek, que ser\u00e1 o respons\u00e1vel pela apresenta\u00e7\u00e3o de encerramento do evento.<\/p>\n<p>A Confer\u00eancia \u00e9 organizada de maneira conjunta pelo Centro Universit\u00e1rio de Bras\u00edlia (UNICEUB), Universidade Estadual da Para\u00edba (UEPB), Universidade Federal da Para\u00edba (UFPB), Escola da Advocacia Geral da Uni\u00e3o (AGU), Centro Universit\u00e1rio do Estado do Par\u00e1 (CESUPA), Academia Nacional de Estudos Transnacionais (ANET) e o Diret\u00f3rio Acad\u00eamico Tarc\u00edsio Buriti (DATAB), em parceria com importantes institui\u00e7\u00f5es como a Advocacia-Geral da Uni\u00e3o, o Comit\u00ea Internacional da Cruz Vermelha, a Embaixada dos Estados Unidos no Brasil e a Embaixada da Fran\u00e7a no Brasil.<\/p>\n<p>O tema do evento \u00e9 &#8220;Novos olhares sobre a prote\u00e7\u00e3o internacional da pessoa humana\u201d e em Jo\u00e3o Pessoa a discuss\u00e3o estar\u00e1 focada na constru\u00e7\u00e3o do sistema interamericano de direitos humanos.<\/p>\n<p>As inscri\u00e7\u00f5es para a confer\u00eancia est\u00e3o sendo realizadas prioritariamente de forma presencial com representantes dos cursos de Direito e Rela\u00e7\u00f5es Internacionais da UFPB e UEPB. No curso de Rela\u00e7\u00f5es Internacionais do Campus V da UEPB, as inscri\u00e7\u00f5es podem ser feitas com os estudantes Edith Larissa (9990-0267\/ 8877-5040), Fernanda Albuquerque (9677-2212) e Valter \u00c2ngelo (8800-4328), da gradua\u00e7\u00e3o e Thamirys Cavalcante (9971-6828), do mestrado. No curso de Direito da UEPB as inscri\u00e7\u00f5es s\u00e3o feitas pelo estudante Camilo Diniz \u2013 Campina Grande (9697-0110) e Ingrid Costa \u2013 Guarabira (9831-1460).<\/p>\n<p>Confira a [wpfilebase tag=fileurl id=14 linktext=&#8217;programa\u00e7\u00e3o do evento&#8217; \/]<\/p>\n","protected":false},"excerpt":{"rendered":"<p>Com o intuito de discutir a tem\u00e1tica da prote\u00e7\u00e3o internacional da pessoa humana, Jo\u00e3o Pessoa sedia, de 8 a 10 de agosto, a 1\u00aa Confer\u00eancia Internacional de Direitos Humanos, que contar\u00e1 com mesas de discuss\u00e3o, apresenta\u00e7\u00e3o de trabalhos e minicursos, estes \u00faltimos a serem realizados nesta quinta-feira (8), \u00e0s 8h, 10h15 e 15h, nas depend\u00eancias <a class=\"leiamais\" href=\"https:\/\/centros.uepb.edu.br\/ccbsa\/uepb-sedia-minicursos-da-conferencia-internacional-de-direitos-humanos\/\">Leia Mais&#8230;<\/a><\/p>\n","protected":false},"author":8,"featured_media":649,"comment_status":"open","ping_status":"open","sticky":false,"template":"","format":"standard","meta":{"footnotes":""},"categories":[6],"tags":[],"class_list":["post-624","post","type-post","status-publish","format-standard","has-post-thumbnail","hentry","category-slide"],"jetpack_featured_media_url":"https:\/\/centros.uepb.edu.br\/ccbsa\/files\/2013\/08\/DSC04101ed.jpg","_links":{"self":[{"href":"https:\/\/centros.uepb.edu.br\/ccbsa\/wp-json\/wp\/v2\/posts\/624","targetHints":{"allow":["GET"]}}],"collection":[{"href":"https:\/\/centros.uepb.edu.br\/ccbsa\/wp-json\/wp\/v2\/posts"}],"about":[{"href":"https:\/\/centros.uepb.edu.br\/ccbsa\/wp-json\/wp\/v2\/types\/post"}],"author":[{"embeddable":true,"href":"https:\/\/centros.uepb.edu.br\/ccbsa\/wp-json\/wp\/v2\/users\/8"}],"replies":[{"embeddable":true,"href":"https:\/\/centros.uepb.edu.br\/ccbsa\/wp-json\/wp\/v2\/comments?post=624"}],"version-history":[{"count":0,"href":"https:\/\/centros.uepb.edu.br\/ccbsa\/wp-json\/wp\/v2\/posts\/624\/revisions"}],"wp:featuredmedia":[{"embeddable":true,"href":"https:\/\/centros.uepb.edu.br\/ccbsa\/wp-json\/wp\/v2\/media\/649"}],"wp:attachment":[{"href":"https:\/\/centros.uepb.edu.br\/ccbsa\/wp-json\/wp\/v2\/media?parent=624"}],"wp:term":[{"taxonomy":"category","embeddable":true,"href":"https:\/\/centros.uepb.edu.br\/ccbsa\/wp-json\/wp\/v2\/categories?post=624"},{"taxonomy":"post_tag","embeddable":true,"href":"https:\/\/centros.uepb.edu.br\/ccbsa\/wp-json\/wp\/v2\/tags?post=624"}],"curies":[{"name":"wp","href":"https:\/\/api.w.org\/{rel}","templated":true}]}}