{"id":6214,"date":"2019-06-11T14:16:40","date_gmt":"2019-06-11T14:16:40","guid":{"rendered":"https:\/\/centros.uepb.edu.br\/ccbsa\/?p=6214"},"modified":"2019-06-11T14:24:19","modified_gmt":"2019-06-11T14:24:19","slug":"representante-da-ong-doe-sangue-pb-realiza-palestra-no-campus-v","status":"publish","type":"post","link":"https:\/\/centros.uepb.edu.br\/ccbsa\/representante-da-ong-doe-sangue-pb-realiza-palestra-no-campus-v\/","title":{"rendered":"Representante da ONG Doe Sangue PB realiza palestra no Campus V para conscientizar a comunidade acad\u00eamica sobre a import\u00e2ncia da doa\u00e7\u00e3o de sangue"},"content":{"rendered":"<p><a href=\"https:\/\/centros.uepb.edu.br\/ccbsa\/files\/2019\/06\/IMG_3937.jpg\"><img loading=\"lazy\" decoding=\"async\" class=\"aligncenter size-full wp-image-6215 img-responsive\" src=\"https:\/\/centros.uepb.edu.br\/ccbsa\/files\/2019\/06\/IMG_3937.jpg\" alt=\"\" width=\"840\" height=\"454\" srcset=\"https:\/\/centros.uepb.edu.br\/ccbsa\/files\/2019\/06\/IMG_3937.jpg 840w, https:\/\/centros.uepb.edu.br\/ccbsa\/files\/2019\/06\/IMG_3937-300x162.jpg 300w, https:\/\/centros.uepb.edu.br\/ccbsa\/files\/2019\/06\/IMG_3937-768x415.jpg 768w, https:\/\/centros.uepb.edu.br\/ccbsa\/files\/2019\/06\/IMG_3937-370x200.jpg 370w\" sizes=\"auto, (max-width: 840px) 100vw, 840px\" \/><\/a><\/p>\n<p>\u201cCampanha Sangue Junino em Prol de uma Para\u00edba Sangue Bom\u201d, esse \u00e9 o t\u00edtulo da palestra realizada nesta ter\u00e7a-feira (11) pela manh\u00e3 no audit\u00f3rio do Campus V da Universidade Estadual da Para\u00edba (UEPB), atrav\u00e9s de uma parceria entre o projeto \u201cUniversidade Saud\u00e1vel: estudos, planejamento e desenvolvimento de atividades relacionadas \u00e0 preven\u00e7\u00e3o prim\u00e1ria\u201d, que \u00e9 vinculado ao curso de Ci\u00eancias Biol\u00f3gicas do Campus V, e a Organiza\u00e7\u00e3o N\u00e3o-Governamental Doe Sangue PB.<\/p>\n<p>Na ocasi\u00e3o, o coordenador da ONG Doe Sangue PB Thiago Gon\u00e7alo destacou a import\u00e2ncia da doa\u00e7\u00e3o de sangue para salvar vidas. &#8220;Em 2010 fundamos essa ONG ap\u00f3s acompanharmos uma amiga que havia adoecido e precisava de doa\u00e7\u00f5es de sangue e testemunharmos a necessidade de conscientiza\u00e7\u00e3o da popula\u00e7\u00e3o sobre a import\u00e2ncia das doa\u00e7\u00f5es. Desde ent\u00e3o temos realizado um trabalho volunt\u00e1rio em igrejas, faculdades, empresas demonstrando o valor desse l\u00edquido t\u00e3o precioso que corre em nossas veias. E nesse per\u00edodo junino intensificamos as palestras e campanhas porque com a proximidade do S\u00e3o Jo\u00e3o os estoques de sangue no hemocentro diminuem, e, considerando que o n\u00famero e doadores regulares \u00e9 insignificante, h\u00e1 uma necessidade grande&#8221;, explicou Thiago.<\/p>\n<p>Essa palestra integra as diversas atividades desse projeto que, de acordo com o coordenador, professor Marcos Costa,\u00a0 \u201c\u00e9 baseado nas diretrizes do Programa de Sa\u00fade na Escola (PSE) do Minist\u00e9rio da Sa\u00fade e do Minist\u00e9rio da Educa\u00e7\u00e3o, Decreto Presidencial n\u00ba 6.286, e tende a fixar seus alicerces na mudan\u00e7a dos h\u00e1bitos de vida e na vis\u00e3o geral dos seus participantes quanto os cuidados individuais e coletivos em sa\u00fade aproximando os conte\u00fados relacionados \u00e0 sa\u00fade e a educa\u00e7\u00e3o como fundamentos na forma\u00e7\u00e3o do profissional e na constru\u00e7\u00e3o de cidad\u00e3os plenos no usufruto da cidadania\u201d.<\/p>\n<p>De acordo com o professor Marcos Costa, a perspectiva \u00e9 que seja realizada uma a\u00e7\u00e3o conjunta com a participa\u00e7\u00e3o da ONG Doe Sangue PB e o Hemocentro da Para\u00edba no in\u00edcio do m\u00eas de agosto, como parte das atividades do anivers\u00e1rio do Campus V da UEPB.<\/p>\n<p><em><strong>Texto e foto:<\/strong> Juliana Marques<\/em><\/p>\n","protected":false},"excerpt":{"rendered":"<p>\u201cCampanha Sangue Junino em Prol de uma Para\u00edba Sangue Bom\u201d, esse \u00e9 o t\u00edtulo da palestra realizada nesta ter\u00e7a-feira (11) pela manh\u00e3 no audit\u00f3rio do Campus V da Universidade Estadual da Para\u00edba (UEPB), atrav\u00e9s de uma parceria entre o projeto \u201cUniversidade Saud\u00e1vel: estudos, planejamento e desenvolvimento de atividades relacionadas \u00e0 preven\u00e7\u00e3o prim\u00e1ria\u201d, que \u00e9 vinculado <a class=\"leiamais\" href=\"https:\/\/centros.uepb.edu.br\/ccbsa\/representante-da-ong-doe-sangue-pb-realiza-palestra-no-campus-v\/\">Leia Mais&#8230;<\/a><\/p>\n","protected":false},"author":8,"featured_media":6215,"comment_status":"closed","ping_status":"closed","sticky":false,"template":"","format":"standard","meta":{"footnotes":""},"categories":[3,11],"tags":[],"class_list":["post-6214","post","type-post","status-publish","format-standard","has-post-thumbnail","hentry","category-noticias","category-noticias-destaque-img"],"jetpack_featured_media_url":"https:\/\/centros.uepb.edu.br\/ccbsa\/files\/2019\/06\/IMG_3937.jpg","_links":{"self":[{"href":"https:\/\/centros.uepb.edu.br\/ccbsa\/wp-json\/wp\/v2\/posts\/6214","targetHints":{"allow":["GET"]}}],"collection":[{"href":"https:\/\/centros.uepb.edu.br\/ccbsa\/wp-json\/wp\/v2\/posts"}],"about":[{"href":"https:\/\/centros.uepb.edu.br\/ccbsa\/wp-json\/wp\/v2\/types\/post"}],"author":[{"embeddable":true,"href":"https:\/\/centros.uepb.edu.br\/ccbsa\/wp-json\/wp\/v2\/users\/8"}],"replies":[{"embeddable":true,"href":"https:\/\/centros.uepb.edu.br\/ccbsa\/wp-json\/wp\/v2\/comments?post=6214"}],"version-history":[{"count":0,"href":"https:\/\/centros.uepb.edu.br\/ccbsa\/wp-json\/wp\/v2\/posts\/6214\/revisions"}],"wp:featuredmedia":[{"embeddable":true,"href":"https:\/\/centros.uepb.edu.br\/ccbsa\/wp-json\/wp\/v2\/media\/6215"}],"wp:attachment":[{"href":"https:\/\/centros.uepb.edu.br\/ccbsa\/wp-json\/wp\/v2\/media?parent=6214"}],"wp:term":[{"taxonomy":"category","embeddable":true,"href":"https:\/\/centros.uepb.edu.br\/ccbsa\/wp-json\/wp\/v2\/categories?post=6214"},{"taxonomy":"post_tag","embeddable":true,"href":"https:\/\/centros.uepb.edu.br\/ccbsa\/wp-json\/wp\/v2\/tags?post=6214"}],"curies":[{"name":"wp","href":"https:\/\/api.w.org\/{rel}","templated":true}]}}