{"id":6205,"date":"2019-06-10T15:09:58","date_gmt":"2019-06-10T15:09:58","guid":{"rendered":"https:\/\/centros.uepb.edu.br\/ccbsa\/?p=6205"},"modified":"2019-06-11T15:05:23","modified_gmt":"2019-06-11T15:05:23","slug":"docente-do-curso-de-arquivologia-da-uepb-ministra-conferencia-em-portugal-em-alusao-ao-dia-internacional-dos-arquivos","status":"publish","type":"post","link":"https:\/\/centros.uepb.edu.br\/ccbsa\/docente-do-curso-de-arquivologia-da-uepb-ministra-conferencia-em-portugal-em-alusao-ao-dia-internacional-dos-arquivos\/","title":{"rendered":"Docente do curso de Arquivologia da UEPB ministra confer\u00eancia em Portugal em alus\u00e3o ao Dia Internacional dos Arquivos"},"content":{"rendered":"\n\t\t<style type=\"text\/css\">\n\t\t\t#gallery-1 {\n\t\t\t\tmargin: auto;\n\t\t\t}\n\t\t\t#gallery-1 .gallery-item {\n\t\t\t\tfloat: left;\n\t\t\t\tmargin-top: 10px;\n\t\t\t\ttext-align: center;\n\t\t\t\twidth: 33%;\n\t\t\t}\n\t\t\t#gallery-1 img {\n\t\t\t\tborder: 2px solid #cfcfcf;\n\t\t\t}\n\t\t\t#gallery-1 .gallery-caption {\n\t\t\t\tmargin-left: 0;\n\t\t\t}\n\t\t\t\/* see gallery_shortcode() in wp-includes\/media.php *\/\n\t\t<\/style>\n\t\t<div id='gallery-1' class='gallery galleryid-6205 gallery-columns-3 gallery-size-full'><dl class='gallery-item'>\n\t\t\t<dt class='gallery-icon landscape'>\n\t\t\t\t<a href='https:\/\/centros.uepb.edu.br\/ccbsa\/files\/2019\/06\/CMB_7511.jpg'><img loading=\"lazy\" decoding=\"async\" width=\"840\" height=\"454\" src=\"https:\/\/centros.uepb.edu.br\/ccbsa\/files\/2019\/06\/CMB_7511.jpg\" class=\"attachment-full size-full\" alt=\"\" srcset=\"https:\/\/centros.uepb.edu.br\/ccbsa\/files\/2019\/06\/CMB_7511.jpg 840w, https:\/\/centros.uepb.edu.br\/ccbsa\/files\/2019\/06\/CMB_7511-300x162.jpg 300w, https:\/\/centros.uepb.edu.br\/ccbsa\/files\/2019\/06\/CMB_7511-768x415.jpg 768w, https:\/\/centros.uepb.edu.br\/ccbsa\/files\/2019\/06\/CMB_7511-370x200.jpg 370w\" sizes=\"auto, (max-width: 840px) 100vw, 840px\" \/><\/a>\n\t\t\t<\/dt><\/dl><dl class='gallery-item'>\n\t\t\t<dt class='gallery-icon landscape'>\n\t\t\t\t<a href='https:\/\/centros.uepb.edu.br\/ccbsa\/files\/2019\/06\/CMB_7499.jpg'><img loading=\"lazy\" decoding=\"async\" width=\"840\" height=\"454\" src=\"https:\/\/centros.uepb.edu.br\/ccbsa\/files\/2019\/06\/CMB_7499.jpg\" class=\"attachment-full size-full\" alt=\"\" srcset=\"https:\/\/centros.uepb.edu.br\/ccbsa\/files\/2019\/06\/CMB_7499.jpg 840w, https:\/\/centros.uepb.edu.br\/ccbsa\/files\/2019\/06\/CMB_7499-300x162.jpg 300w, https:\/\/centros.uepb.edu.br\/ccbsa\/files\/2019\/06\/CMB_7499-768x415.jpg 768w, https:\/\/centros.uepb.edu.br\/ccbsa\/files\/2019\/06\/CMB_7499-370x200.jpg 370w\" sizes=\"auto, (max-width: 840px) 100vw, 840px\" \/><\/a>\n\t\t\t<\/dt><\/dl><dl class='gallery-item'>\n\t\t\t<dt class='gallery-icon landscape'>\n\t\t\t\t<a href='https:\/\/centros.uepb.edu.br\/ccbsa\/files\/2019\/06\/CMB_7529.jpg'><img loading=\"lazy\" decoding=\"async\" width=\"1920\" height=\"1280\" src=\"https:\/\/centros.uepb.edu.br\/ccbsa\/files\/2019\/06\/CMB_7529.jpg\" class=\"attachment-full size-full\" alt=\"\" srcset=\"https:\/\/centros.uepb.edu.br\/ccbsa\/files\/2019\/06\/CMB_7529.jpg 1920w, https:\/\/centros.uepb.edu.br\/ccbsa\/files\/2019\/06\/CMB_7529-300x200.jpg 300w, https:\/\/centros.uepb.edu.br\/ccbsa\/files\/2019\/06\/CMB_7529-768x512.jpg 768w, https:\/\/centros.uepb.edu.br\/ccbsa\/files\/2019\/06\/CMB_7529-1024x683.jpg 1024w, https:\/\/centros.uepb.edu.br\/ccbsa\/files\/2019\/06\/CMB_7529-370x247.jpg 370w, https:\/\/centros.uepb.edu.br\/ccbsa\/files\/2019\/06\/CMB_7529-840x560.jpg 840w\" sizes=\"auto, (max-width: 1920px) 100vw, 1920px\" \/><\/a>\n\t\t\t<\/dt><\/dl><br style=\"clear: both\" \/>\n\t\t<\/div>\n\n<p>A C\u00e2mara Municipal de Barcelos, em Portugal, comemorou na \u00faltima quinta-feira (6), o Dia Internacional dos Arquivos, com a realiza\u00e7\u00e3o da confer\u00eancia \u201cArquivos e Comunidade: A\u00e7\u00f5es Educativo-Culturais\u201d. O evento foi ministrado pela docente do curso de Arquivologia da Universidade Estadual da Para\u00edba (UEPB), professora Eliete Correia dos Santos, em parceria com a professora da Faculdade de Letras da Universidade de Coimbra, Beatriz Marques.<\/p>\n<p>Na ocasi\u00e3o a professora Eliete Correia, que est\u00e1 desenvolvendo atividades do P\u00f3s-doutorado em Educa\u00e7\u00e3o Contempor\u00e2nea pela UFPE\u2013PNPD-CAPES em Portugal, e a professora Beatriz Marques abordaram quest\u00f5es relacionadas \u00e0 informa\u00e7\u00e3o do Munic\u00edpio de Barcelos numa perspectiva Hol\u00edstica, apresentaram uma contribui\u00e7\u00e3o para uma vis\u00e3o sist\u00eamica dos arquivos e discutiram o papel multifacetado e determinante do arquivo para o desenvolvimento sustentado das comunidades locais e para a cria\u00e7\u00e3o de uma consci\u00eancia cr\u00edtica e de uma participa\u00e7\u00e3o cidad\u00e3 ativa.<\/p>\n<p>A vereadora da Cultura e Educa\u00e7\u00e3o da C\u00e2mara Municipal de Barcelos, Armandina Saleiro, destacou a import\u00e2ncia da tem\u00e1tica abordada durante o evento e o papel sociocultural dos arquivos. \u201cOs arquivos s\u00e3o um meio indispens\u00e1vel para a preserva\u00e7\u00e3o da informa\u00e7\u00e3o, promo\u00e7\u00e3o da cultura e conhecimento da hist\u00f3ria regional e local\u201d, avaliou Saleiro.<\/p>\n<p><strong>Sobre o Dia Internacional dos Arquivos<\/strong><\/p>\n<p>O Dia Internacional dos Arquivos foi institu\u00eddo pela Assembleia Geral do Conselho Internacional de Arquivos (CIA) em 9 de Junho, em homenagem \u00e0 funda\u00e7\u00e3o do CIA pela Organiza\u00e7\u00e3o das Na\u00e7\u00f5es Unidas para a Educa\u00e7\u00e3o, a Ci\u00eancia e a Cultura (Unesco), em 1948. O objetivo primordial da data \u00e9 conscientizar a popula\u00e7\u00e3o da import\u00e2ncia dos arquivos p\u00fablicos e do trabalho efetuado por tais \u00f3rg\u00e3os para a gest\u00e3o documental.<\/p>\n<p>Em alus\u00e3o \u00e0 data, em todo o Brasil foi realizada, de 3 a 9 de junho, a Semana Nacional de Arquivos com eventos de cunho acad\u00eamico ou art\u00edstico-cultural relacionados aos arquivos de todo o pa\u00eds. Na Para\u00edba foram realizadas diversas atividades envolvendo os cursos de Arquivologia da UFPB, UFPB, a Assembleia Legislativa da Para\u00edba (ALPB), o Minist\u00e9rio P\u00fablico da Para\u00edba (MPPB), a Prefeitura Municipal de Jo\u00e3o Pessoa (PMJP), o Tribunal de Justi\u00e7a da Para\u00edba (TJ-PB), o Tribunal Regional Eleitoral da Para\u00edba (TRE-PB) e o Tribunal de Contas.<\/p>\n<p><em><strong>Texto:<\/strong> Juliana Marques<\/em><br \/>\n<em><strong>Fotos:<\/strong> Gabinete de Comunica\u00e7\u00e3o de Barcelos<\/em><\/p>\n","protected":false},"excerpt":{"rendered":"<p>A C\u00e2mara Municipal de Barcelos, em Portugal, comemorou na \u00faltima quinta-feira (6), o Dia Internacional dos Arquivos, com a realiza\u00e7\u00e3o da confer\u00eancia \u201cArquivos e Comunidade: A\u00e7\u00f5es Educativo-Culturais\u201d. O evento foi ministrado pela docente do curso de Arquivologia da Universidade Estadual da Para\u00edba (UEPB), professora Eliete Correia dos Santos, em parceria com a professora da Faculdade <a class=\"leiamais\" href=\"https:\/\/centros.uepb.edu.br\/ccbsa\/docente-do-curso-de-arquivologia-da-uepb-ministra-conferencia-em-portugal-em-alusao-ao-dia-internacional-dos-arquivos\/\">Leia Mais&#8230;<\/a><\/p>\n","protected":false},"author":8,"featured_media":6206,"comment_status":"closed","ping_status":"closed","sticky":false,"template":"","format":"standard","meta":{"footnotes":""},"categories":[3,11],"tags":[],"class_list":["post-6205","post","type-post","status-publish","format-standard","has-post-thumbnail","hentry","category-noticias","category-noticias-destaque-img"],"jetpack_featured_media_url":"https:\/\/centros.uepb.edu.br\/ccbsa\/files\/2019\/06\/CMB_7499.jpg","_links":{"self":[{"href":"https:\/\/centros.uepb.edu.br\/ccbsa\/wp-json\/wp\/v2\/posts\/6205","targetHints":{"allow":["GET"]}}],"collection":[{"href":"https:\/\/centros.uepb.edu.br\/ccbsa\/wp-json\/wp\/v2\/posts"}],"about":[{"href":"https:\/\/centros.uepb.edu.br\/ccbsa\/wp-json\/wp\/v2\/types\/post"}],"author":[{"embeddable":true,"href":"https:\/\/centros.uepb.edu.br\/ccbsa\/wp-json\/wp\/v2\/users\/8"}],"replies":[{"embeddable":true,"href":"https:\/\/centros.uepb.edu.br\/ccbsa\/wp-json\/wp\/v2\/comments?post=6205"}],"version-history":[{"count":0,"href":"https:\/\/centros.uepb.edu.br\/ccbsa\/wp-json\/wp\/v2\/posts\/6205\/revisions"}],"wp:featuredmedia":[{"embeddable":true,"href":"https:\/\/centros.uepb.edu.br\/ccbsa\/wp-json\/wp\/v2\/media\/6206"}],"wp:attachment":[{"href":"https:\/\/centros.uepb.edu.br\/ccbsa\/wp-json\/wp\/v2\/media?parent=6205"}],"wp:term":[{"taxonomy":"category","embeddable":true,"href":"https:\/\/centros.uepb.edu.br\/ccbsa\/wp-json\/wp\/v2\/categories?post=6205"},{"taxonomy":"post_tag","embeddable":true,"href":"https:\/\/centros.uepb.edu.br\/ccbsa\/wp-json\/wp\/v2\/tags?post=6205"}],"curies":[{"name":"wp","href":"https:\/\/api.w.org\/{rel}","templated":true}]}}