{"id":620,"date":"2013-08-06T15:01:37","date_gmt":"2013-08-06T15:01:37","guid":{"rendered":"\/ccbsa\/?p=620"},"modified":"2013-08-29T16:56:59","modified_gmt":"2013-08-29T16:56:59","slug":"proex-inscreve-para-projetos-e-programas-de-extensao-com-solicitacao-de-bolsas","status":"publish","type":"post","link":"https:\/\/centros.uepb.edu.br\/ccbsa\/proex-inscreve-para-projetos-e-programas-de-extensao-com-solicitacao-de-bolsas\/","title":{"rendered":"PROEX inscreve para projetos e programas de extens\u00e3o com solicita\u00e7\u00e3o de bolsas at\u00e9 13 de setembro"},"content":{"rendered":"<p>A Pr\u00f3-Reitoria de Extens\u00e3o (PROEX) da Universidade Estadual da Para\u00edba (UEPB) inscreve, at\u00e9 o dia 30 de agosto, projetos e programas de extens\u00e3o com solicita\u00e7\u00e3o de bolsas de financiamento. As inscri\u00e7\u00f5es est\u00e3o sendo realizadas na PROEX, localizada na Rua das Bara\u00fanas, 351, 3\u00ba andar, Sala 322, Campus de Bodocong\u00f3.<\/p>\n<p>No ato da inscri\u00e7\u00e3o deve-se apresentar ficha com o preenchimento completo, uma c\u00f3pia impressa e outra em CD do programa e\/ou projeto e a c\u00f3pia da ata da reuni\u00e3o de Assembleia Departamental na qual consta a aprova\u00e7\u00e3o do mesmo. S\u00f3 ser\u00e3o aceitas as inscri\u00e7\u00f5es pelos Correios (via Sedex), com data de postagem at\u00e9 o dia 13 de setembro.<\/p>\n<p>A ficha de inscri\u00e7\u00e3o e o modelo para apresenta\u00e7\u00e3o do projeto (e do relat\u00f3rio atualizado referente aos projetos em andamento) est\u00e3o dispon\u00edveis no endere\u00e7o eletr\u00f4nico <a href=\"http:\/\/www.uepb.edu.br\/proeac\">www.uepb.edu.br\/proeac<\/a>. Cada coordenador poder\u00e1 inscrever no m\u00e1ximo dois projetos de extens\u00e3o para concorrer \u00e0s bolsas, podendo ambos serem aprovados, de acordo com as \u00e1reas tem\u00e1ticas e linhas priorit\u00e1rias a serem contempladas.<\/p>\n<p>Cada projeto, desde que contemplado no processo de sele\u00e7\u00e3o, ter\u00e1 direito a no m\u00e1ximo uma bolsa, a partir de 2013 e tempo de vig\u00eancia de 12 meses, a partir da assinatura do termo de compromisso. Um m\u00e1ximo de 10 alunos pode estar vinculado por projeto, cabendo ao coordenador selecionar o discente bolsista. As \u00e1reas tem\u00e1ticas do edital s\u00e3o: Comunica\u00e7\u00e3o, Cultura, Direitos Humanos, Educa\u00e7\u00e3o, Meio Ambiente, Sa\u00fade, Tecnologia e Trabalho.<\/p>\n<p>Outras informa\u00e7\u00f5es pelo telefone (83) 3315-3401 ou pelo e-mail <a href=\"mailto:proeac@uepb.edu.br\">proeac@uepb.edu.br<\/a> . Confira o [wpfilebase tag=fileurl id=13 linktext=Edital \/]<\/p>\n<p><strong>Relat\u00f3rio<\/strong><\/p>\n<p>Tamb\u00e9m foi prorrogada, para 13 de setembro, a data de entrega do Relat\u00f3rio Final dos Programas e Projetos de Extens\u00e3o da UEPB, contemplados com a Cota do PROBEX 2012\/2013.<\/p>\n<p>&nbsp;<\/p>\n","protected":false},"excerpt":{"rendered":"<p>A Pr\u00f3-Reitoria de Extens\u00e3o (PROEX) da Universidade Estadual da Para\u00edba (UEPB) inscreve, at\u00e9 o dia 30 de agosto, projetos e programas de extens\u00e3o com solicita\u00e7\u00e3o de bolsas de financiamento. As inscri\u00e7\u00f5es est\u00e3o sendo realizadas na PROEX, localizada na Rua das Bara\u00fanas, 351, 3\u00ba andar, Sala 322, Campus de Bodocong\u00f3. No ato da inscri\u00e7\u00e3o deve-se apresentar <a class=\"leiamais\" href=\"https:\/\/centros.uepb.edu.br\/ccbsa\/proex-inscreve-para-projetos-e-programas-de-extensao-com-solicitacao-de-bolsas\/\">Leia Mais&#8230;<\/a><\/p>\n","protected":false},"author":8,"featured_media":0,"comment_status":"open","ping_status":"open","sticky":false,"template":"","format":"standard","meta":{"footnotes":""},"categories":[3,5],"tags":[],"class_list":["post-620","post","type-post","status-publish","format-standard","hentry","category-noticias","category-visiveis"],"jetpack_featured_media_url":"","_links":{"self":[{"href":"https:\/\/centros.uepb.edu.br\/ccbsa\/wp-json\/wp\/v2\/posts\/620","targetHints":{"allow":["GET"]}}],"collection":[{"href":"https:\/\/centros.uepb.edu.br\/ccbsa\/wp-json\/wp\/v2\/posts"}],"about":[{"href":"https:\/\/centros.uepb.edu.br\/ccbsa\/wp-json\/wp\/v2\/types\/post"}],"author":[{"embeddable":true,"href":"https:\/\/centros.uepb.edu.br\/ccbsa\/wp-json\/wp\/v2\/users\/8"}],"replies":[{"embeddable":true,"href":"https:\/\/centros.uepb.edu.br\/ccbsa\/wp-json\/wp\/v2\/comments?post=620"}],"version-history":[{"count":0,"href":"https:\/\/centros.uepb.edu.br\/ccbsa\/wp-json\/wp\/v2\/posts\/620\/revisions"}],"wp:attachment":[{"href":"https:\/\/centros.uepb.edu.br\/ccbsa\/wp-json\/wp\/v2\/media?parent=620"}],"wp:term":[{"taxonomy":"category","embeddable":true,"href":"https:\/\/centros.uepb.edu.br\/ccbsa\/wp-json\/wp\/v2\/categories?post=620"},{"taxonomy":"post_tag","embeddable":true,"href":"https:\/\/centros.uepb.edu.br\/ccbsa\/wp-json\/wp\/v2\/tags?post=620"}],"curies":[{"name":"wp","href":"https:\/\/api.w.org\/{rel}","templated":true}]}}