{"id":6193,"date":"2019-06-07T14:12:41","date_gmt":"2019-06-07T14:12:41","guid":{"rendered":"https:\/\/centros.uepb.edu.br\/ccbsa\/?p=6193"},"modified":"2019-06-07T14:12:41","modified_gmt":"2019-06-07T14:12:41","slug":"setores-de-infraestrutura-do-campus-v-e-saude-do-trabalhador-da-uepb-realizam-treinamento-de-prevencao-a-incendios","status":"publish","type":"post","link":"https:\/\/centros.uepb.edu.br\/ccbsa\/setores-de-infraestrutura-do-campus-v-e-saude-do-trabalhador-da-uepb-realizam-treinamento-de-prevencao-a-incendios\/","title":{"rendered":"Setores de infraestrutura do Campus V e Sa\u00fade do Trabalhador da UEPB realizam treinamento de preven\u00e7\u00e3o a inc\u00eandios"},"content":{"rendered":"\n\t\t<style type=\"text\/css\">\n\t\t\t#gallery-1 {\n\t\t\t\tmargin: auto;\n\t\t\t}\n\t\t\t#gallery-1 .gallery-item {\n\t\t\t\tfloat: left;\n\t\t\t\tmargin-top: 10px;\n\t\t\t\ttext-align: center;\n\t\t\t\twidth: 33%;\n\t\t\t}\n\t\t\t#gallery-1 img {\n\t\t\t\tborder: 2px solid #cfcfcf;\n\t\t\t}\n\t\t\t#gallery-1 .gallery-caption {\n\t\t\t\tmargin-left: 0;\n\t\t\t}\n\t\t\t\/* see gallery_shortcode() in wp-includes\/media.php *\/\n\t\t<\/style>\n\t\t<div id='gallery-1' class='gallery galleryid-6193 gallery-columns-3 gallery-size-full'><dl class='gallery-item'>\n\t\t\t<dt class='gallery-icon portrait'>\n\t\t\t\t<a href='https:\/\/centros.uepb.edu.br\/ccbsa\/files\/2019\/06\/17c3ca80-d501-415c-bf13-450159ae303b.jpg'><img loading=\"lazy\" decoding=\"async\" width=\"712\" height=\"830\" src=\"https:\/\/centros.uepb.edu.br\/ccbsa\/files\/2019\/06\/17c3ca80-d501-415c-bf13-450159ae303b.jpg\" class=\"attachment-full size-full\" alt=\"\" srcset=\"https:\/\/centros.uepb.edu.br\/ccbsa\/files\/2019\/06\/17c3ca80-d501-415c-bf13-450159ae303b.jpg 712w, https:\/\/centros.uepb.edu.br\/ccbsa\/files\/2019\/06\/17c3ca80-d501-415c-bf13-450159ae303b-257x300.jpg 257w, https:\/\/centros.uepb.edu.br\/ccbsa\/files\/2019\/06\/17c3ca80-d501-415c-bf13-450159ae303b-370x431.jpg 370w\" sizes=\"auto, (max-width: 712px) 100vw, 712px\" \/><\/a>\n\t\t\t<\/dt><\/dl><dl class='gallery-item'>\n\t\t\t<dt class='gallery-icon landscape'>\n\t\t\t\t<a href='https:\/\/centros.uepb.edu.br\/ccbsa\/files\/2019\/06\/178efbf7-e2ca-4c5b-b39e-a5090b864fa1.jpg'><img loading=\"lazy\" decoding=\"async\" width=\"840\" height=\"454\" src=\"https:\/\/centros.uepb.edu.br\/ccbsa\/files\/2019\/06\/178efbf7-e2ca-4c5b-b39e-a5090b864fa1.jpg\" class=\"attachment-full size-full\" alt=\"\" srcset=\"https:\/\/centros.uepb.edu.br\/ccbsa\/files\/2019\/06\/178efbf7-e2ca-4c5b-b39e-a5090b864fa1.jpg 840w, https:\/\/centros.uepb.edu.br\/ccbsa\/files\/2019\/06\/178efbf7-e2ca-4c5b-b39e-a5090b864fa1-300x162.jpg 300w, https:\/\/centros.uepb.edu.br\/ccbsa\/files\/2019\/06\/178efbf7-e2ca-4c5b-b39e-a5090b864fa1-768x415.jpg 768w, https:\/\/centros.uepb.edu.br\/ccbsa\/files\/2019\/06\/178efbf7-e2ca-4c5b-b39e-a5090b864fa1-370x200.jpg 370w\" sizes=\"auto, (max-width: 840px) 100vw, 840px\" \/><\/a>\n\t\t\t<\/dt><\/dl>\n\t\t\t<br style='clear: both' \/>\n\t\t<\/div>\n\n<p>Com a participa\u00e7\u00e3o de discentes, docentes e t\u00e9cnicos-administrativos, foi realizado, na manh\u00e3 desta quarta-feira (5), um treinamento de preven\u00e7\u00e3o a inc\u00eandio promovido pelos setores de infraestrutura do Campus V e Sa\u00fade do Trabalhador da Universidade Estadual da Para\u00edba (UEPB).<\/p>\n<p>O evento, foi ministrado pelo t\u00e9cnico em Seguran\u00e7a do Trabalho, Clebson Soares e pelo farmac\u00eautico industrial, doutor em Ci\u00eancias Biol\u00f3gicas, professor Francisco Jaime, que apresentaram as classes de inc\u00eandio, os tipos de extintores a serem utilizados, os procedimentos para identificar um princ\u00edpio de inc\u00eandio, as formas de propaga\u00e7\u00e3o do fogo, entre outras quest\u00f5es pr\u00e1ticas. A segunda etapa da forma\u00e7\u00e3o contou com uma atividade pr\u00e1tica no estacionamento do Campus.<\/p>\n<p>Essa forma\u00e7\u00e3o atende a uma demanda do setor de infraestrutura do Campus e deve tornar-se uma atividade rotineira anual com o objetivo de prevenir eventuais situa\u00e7\u00f5es de risco relacionadas a inc\u00eandios.<\/p>\n<p><em><strong>Texto:<\/strong> Juliana Marques<\/em><\/p>\n<p><em><strong>Fotos:<\/strong> Rodolfo Fran\u00e7a<\/em><\/p>\n","protected":false},"excerpt":{"rendered":"<p>Com a participa\u00e7\u00e3o de discentes, docentes e t\u00e9cnicos-administrativos, foi realizado, na manh\u00e3 desta quarta-feira (5), um treinamento de preven\u00e7\u00e3o a inc\u00eandio promovido pelos setores de infraestrutura do Campus V e Sa\u00fade do Trabalhador da Universidade Estadual da Para\u00edba (UEPB). O evento, foi ministrado pelo t\u00e9cnico em Seguran\u00e7a do Trabalho, Clebson Soares e pelo farmac\u00eautico industrial, <a class=\"leiamais\" href=\"https:\/\/centros.uepb.edu.br\/ccbsa\/setores-de-infraestrutura-do-campus-v-e-saude-do-trabalhador-da-uepb-realizam-treinamento-de-prevencao-a-incendios\/\">Leia Mais&#8230;<\/a><\/p>\n","protected":false},"author":8,"featured_media":6195,"comment_status":"closed","ping_status":"closed","sticky":false,"template":"","format":"standard","meta":{"footnotes":""},"categories":[3,11],"tags":[],"class_list":["post-6193","post","type-post","status-publish","format-standard","has-post-thumbnail","hentry","category-noticias","category-noticias-destaque-img"],"jetpack_featured_media_url":"https:\/\/centros.uepb.edu.br\/ccbsa\/files\/2019\/06\/178efbf7-e2ca-4c5b-b39e-a5090b864fa1.jpg","_links":{"self":[{"href":"https:\/\/centros.uepb.edu.br\/ccbsa\/wp-json\/wp\/v2\/posts\/6193","targetHints":{"allow":["GET"]}}],"collection":[{"href":"https:\/\/centros.uepb.edu.br\/ccbsa\/wp-json\/wp\/v2\/posts"}],"about":[{"href":"https:\/\/centros.uepb.edu.br\/ccbsa\/wp-json\/wp\/v2\/types\/post"}],"author":[{"embeddable":true,"href":"https:\/\/centros.uepb.edu.br\/ccbsa\/wp-json\/wp\/v2\/users\/8"}],"replies":[{"embeddable":true,"href":"https:\/\/centros.uepb.edu.br\/ccbsa\/wp-json\/wp\/v2\/comments?post=6193"}],"version-history":[{"count":0,"href":"https:\/\/centros.uepb.edu.br\/ccbsa\/wp-json\/wp\/v2\/posts\/6193\/revisions"}],"wp:featuredmedia":[{"embeddable":true,"href":"https:\/\/centros.uepb.edu.br\/ccbsa\/wp-json\/wp\/v2\/media\/6195"}],"wp:attachment":[{"href":"https:\/\/centros.uepb.edu.br\/ccbsa\/wp-json\/wp\/v2\/media?parent=6193"}],"wp:term":[{"taxonomy":"category","embeddable":true,"href":"https:\/\/centros.uepb.edu.br\/ccbsa\/wp-json\/wp\/v2\/categories?post=6193"},{"taxonomy":"post_tag","embeddable":true,"href":"https:\/\/centros.uepb.edu.br\/ccbsa\/wp-json\/wp\/v2\/tags?post=6193"}],"curies":[{"name":"wp","href":"https:\/\/api.w.org\/{rel}","templated":true}]}}