{"id":6183,"date":"2019-06-04T14:50:34","date_gmt":"2019-06-04T14:50:34","guid":{"rendered":"https:\/\/centros.uepb.edu.br\/ccbsa\/?p=6183"},"modified":"2019-06-04T14:50:34","modified_gmt":"2019-06-04T14:50:34","slug":"campus-v-da-uepb-firma-parceria-com-a-secretaria-de-economia-solidaria-e-sedia-feira-organica-todas-as-quartas-feiras","status":"publish","type":"post","link":"https:\/\/centros.uepb.edu.br\/ccbsa\/campus-v-da-uepb-firma-parceria-com-a-secretaria-de-economia-solidaria-e-sedia-feira-organica-todas-as-quartas-feiras\/","title":{"rendered":"Campus V da UEPB firma parceria com a Secretaria de Economia Solid\u00e1ria e sedia Feira Org\u00e2nica todas as quartas-feiras"},"content":{"rendered":"<p><a href=\"https:\/\/centros.uepb.edu.br\/ccbsa\/files\/2019\/06\/IMG_3930.jpg\"><img loading=\"lazy\" decoding=\"async\" class=\"aligncenter size-full wp-image-6184 img-responsive\" src=\"https:\/\/centros.uepb.edu.br\/ccbsa\/files\/2019\/06\/IMG_3930.jpg\" alt=\"\" width=\"840\" height=\"454\" srcset=\"https:\/\/centros.uepb.edu.br\/ccbsa\/files\/2019\/06\/IMG_3930.jpg 840w, https:\/\/centros.uepb.edu.br\/ccbsa\/files\/2019\/06\/IMG_3930-300x162.jpg 300w, https:\/\/centros.uepb.edu.br\/ccbsa\/files\/2019\/06\/IMG_3930-768x415.jpg 768w, https:\/\/centros.uepb.edu.br\/ccbsa\/files\/2019\/06\/IMG_3930-370x200.jpg 370w\" sizes=\"auto, (max-width: 840px) 100vw, 840px\" \/><\/a><\/p>\n<p>O Campus V da Universidade Estadual da Para\u00edba, atrav\u00e9s de uma parceria com a Secretaria Executiva de Seguran\u00e7a Alimentar e Economia Solid\u00e1ria, sedia, a partir desta quarta-feira, 5 de junho, das 7 \u00e0s 15h, na \u00e1rea em frente ao pr\u00e9dio do Campus V, uma feira org\u00e2nica que deve atender os estudantes, professores e t\u00e9cnicos-administrativos da UEPB e a comunidade do bairro do Cristo e adjac\u00eancias.<\/p>\n<p>Durante uma reuni\u00e3o realizada nesta ter\u00e7a-feira (4) entre a diretora do Centro de Ci\u00eancias Biol\u00f3gicas e Sociais Aplicadas (CCBSA), professora Jacqueline Echeverr\u00eda Barrancos, a secret\u00e1ria executiva de Seguran\u00e7a Alimentar e Economia Solid\u00e1ria do Estado (Sesaes), Roseana Meira e o Gerente Operacional do Centro P\u00fablico de Economia Solid\u00e1ria, Rodrigo Moreira, foi firmada a parceria que permitir\u00e1 a realiza\u00e7\u00e3o semanal da feira org\u00e2nica no Campus V da UEPB.<\/p>\n<p>A feira tem por objetivo incentivar e integrar o sistema p\u00fablico \u00e0 economia solid\u00e1ria. Para isso s\u00e3o disponibilizadas barracas para comercializa\u00e7\u00e3o de produtos da agricultura familiar livres de agrot\u00f3xico e a pre\u00e7os atrativos.<\/p>\n<p>Durante a reuni\u00e3o com os gestores da UEPB e Sesaes, foi destacada a import\u00e2ncia de proporcionar \u00e0 sociedade a oportunidade de adquirir produtos org\u00e2nicos a pre\u00e7os acess\u00edveis. \u201cAtualmente, o Brasil \u00e9 o maior consumidor de agrot\u00f3xicos do mundo. Diversos estudos comprovam os malef\u00edcios para a sa\u00fade humana e ambiental da exposi\u00e7\u00e3o aos agrot\u00f3xicos, como o desenvolvimento de casos de c\u00e2ncer, depress\u00e3o, aborto, alergias, entre outras doen\u00e7as. Ent\u00e3o a promo\u00e7\u00e3o de Feiras Org\u00e2nicas que possibilitem o contato da comunidade com esses produtos que s\u00e3o mais nutritivos, sustent\u00e1veis, de maior qualidade e mais baratos \u00e9 uma a\u00e7\u00e3o de extrema relev\u00e2ncia\u201d, enfatizou Rodrigo Moreira.<\/p>\n<p>A professora Jacqueline Barrancos, respons\u00e1vel pela articula\u00e7\u00e3o junto \u00e0 Sesaes para a realiza\u00e7\u00e3o da Feira Org\u00e2nica no Campus de Jo\u00e3o Pessoa, destaca que a medida \u00e9 uma das a\u00e7\u00f5es tomadas pela gest\u00e3o com o intuito de aproximar a comunidade local e a UEPB.<\/p>\n<p><em><strong>Texto e foto:<\/strong> Juliana Marques<\/em><\/p>\n","protected":false},"excerpt":{"rendered":"<p>O Campus V da Universidade Estadual da Para\u00edba, atrav\u00e9s de uma parceria com a Secretaria Executiva de Seguran\u00e7a Alimentar e Economia Solid\u00e1ria, sedia, a partir desta quarta-feira, 5 de junho, das 7 \u00e0s 15h, na \u00e1rea em frente ao pr\u00e9dio do Campus V, uma feira org\u00e2nica que deve atender os estudantes, professores e t\u00e9cnicos-administrativos da <a class=\"leiamais\" href=\"https:\/\/centros.uepb.edu.br\/ccbsa\/campus-v-da-uepb-firma-parceria-com-a-secretaria-de-economia-solidaria-e-sedia-feira-organica-todas-as-quartas-feiras\/\">Leia Mais&#8230;<\/a><\/p>\n","protected":false},"author":8,"featured_media":6184,"comment_status":"closed","ping_status":"closed","sticky":false,"template":"","format":"standard","meta":{"footnotes":""},"categories":[3,11],"tags":[],"class_list":["post-6183","post","type-post","status-publish","format-standard","has-post-thumbnail","hentry","category-noticias","category-noticias-destaque-img"],"jetpack_featured_media_url":"https:\/\/centros.uepb.edu.br\/ccbsa\/files\/2019\/06\/IMG_3930.jpg","_links":{"self":[{"href":"https:\/\/centros.uepb.edu.br\/ccbsa\/wp-json\/wp\/v2\/posts\/6183","targetHints":{"allow":["GET"]}}],"collection":[{"href":"https:\/\/centros.uepb.edu.br\/ccbsa\/wp-json\/wp\/v2\/posts"}],"about":[{"href":"https:\/\/centros.uepb.edu.br\/ccbsa\/wp-json\/wp\/v2\/types\/post"}],"author":[{"embeddable":true,"href":"https:\/\/centros.uepb.edu.br\/ccbsa\/wp-json\/wp\/v2\/users\/8"}],"replies":[{"embeddable":true,"href":"https:\/\/centros.uepb.edu.br\/ccbsa\/wp-json\/wp\/v2\/comments?post=6183"}],"version-history":[{"count":0,"href":"https:\/\/centros.uepb.edu.br\/ccbsa\/wp-json\/wp\/v2\/posts\/6183\/revisions"}],"wp:featuredmedia":[{"embeddable":true,"href":"https:\/\/centros.uepb.edu.br\/ccbsa\/wp-json\/wp\/v2\/media\/6184"}],"wp:attachment":[{"href":"https:\/\/centros.uepb.edu.br\/ccbsa\/wp-json\/wp\/v2\/media?parent=6183"}],"wp:term":[{"taxonomy":"category","embeddable":true,"href":"https:\/\/centros.uepb.edu.br\/ccbsa\/wp-json\/wp\/v2\/categories?post=6183"},{"taxonomy":"post_tag","embeddable":true,"href":"https:\/\/centros.uepb.edu.br\/ccbsa\/wp-json\/wp\/v2\/tags?post=6183"}],"curies":[{"name":"wp","href":"https:\/\/api.w.org\/{rel}","templated":true}]}}